{"id":1004,"date":"2019-05-09T22:00:22","date_gmt":"2019-05-09T22:00:22","guid":{"rendered":"http:\/\/forst.igbau.nrw\/?p=1004"},"modified":"2019-05-10T12:49:40","modified_gmt":"2019-05-10T12:49:40","slug":"umweltausschuss-des-landtages","status":"publish","type":"post","link":"http:\/\/forst.igbau.nrw\/?p=1004","title":{"rendered":"Umweltausschuss des Landtages und die Folgen der D\u00fcrre im Wald."},"content":{"rendered":"\n<p>In seiner Sitzung am 08.05.2019 hat sich der Ausschuss f\u00fcr Umwelt, Landwirtschaft, Natur- und Verbraucherschutz des Landtages in NRW auch mit den aktuellen Folgen des D\u00fcrresommers 2018 im Wald besch\u00e4ftigt.<\/p>\n\n\n\n<div class=\"wp-block-image\"><figure class=\"aligncenter\"><a href=\"http:\/\/forst.igbau.nrw\/wp-content\/uploads\/2019\/05\/Umweltausschuss_NRW_2019_05.pdf\" target=\"_blank\" rel=\"noreferrer noopener\"><img data-recalc-dims=\"1\" decoding=\"async\" width=\"173\" height=\"101\" data-attachment-id=\"1015\" data-permalink=\"http:\/\/forst.igbau.nrw\/?attachment_id=1015\" data-orig-file=\"https:\/\/i0.wp.com\/forst.igbau.nrw\/wp-content\/uploads\/2019\/05\/Logo_Landtag_NRW-1.png?fit=173%2C101\" data-orig-size=\"173,101\" data-comments-opened=\"1\" data-image-meta=\"{&quot;aperture&quot;:&quot;0&quot;,&quot;credit&quot;:&quot;&quot;,&quot;camera&quot;:&quot;&quot;,&quot;caption&quot;:&quot;&quot;,&quot;created_timestamp&quot;:&quot;0&quot;,&quot;copyright&quot;:&quot;&quot;,&quot;focal_length&quot;:&quot;0&quot;,&quot;iso&quot;:&quot;0&quot;,&quot;shutter_speed&quot;:&quot;0&quot;,&quot;title&quot;:&quot;&quot;,&quot;orientation&quot;:&quot;0&quot;}\" data-image-title=\"Logo_Landtag_NRW\" data-image-description=\"\" data-image-caption=\"\" data-large-file=\"https:\/\/i0.wp.com\/forst.igbau.nrw\/wp-content\/uploads\/2019\/05\/Logo_Landtag_NRW-1.png?fit=173%2C101\" src=\"https:\/\/i0.wp.com\/forst.igbau.nrw\/wp-content\/uploads\/2019\/05\/Logo_Landtag_NRW-1.png?resize=173%2C101\" alt=\"\" class=\"wp-image-1015\" \/><\/a><\/figure><\/div>\n\n\n\n<p><a href=\"http:\/\/forst.igbau.nrw\/wp-content\/uploads\/2019\/05\/Umweltausschuss_NRW_2019_05.pdf\" target=\"_blank\" rel=\"noreferrer noopener\" aria-label=\"Unter dem Titel &quot;Borkenk\u00e4fer- ein aktuelle Lagebericht (\u00f6ffnet in neuem Tab)\">Unter dem Titel &#8222;Borkenk\u00e4fer- ein aktuelle Lagebericht<\/a> informiert die Landesregierung \u00fcber den aktuellen Informationsstand im Wald.<\/p>\n\n\n\n<p>Im Zweiten Teil beantwortet sie dar\u00fcber hinaus die Fragen der SPD und B\u00fcndnis90\/Die Gr\u00fcnen Fraktion im Landtag.<\/p>\n","protected":false},"excerpt":{"rendered":"<p>In seiner Sitzung am 08.05.2019 hat sich der Ausschuss f\u00fcr Umwelt, Landwirtschaft, Natur- und Verbraucherschutz des Landtages in NRW auch mit den<\/p>\n<p class=\"link-more\"><a class=\"myButt \" href=\"http:\/\/forst.igbau.nrw\/?p=1004\">Weitere Infos &#8230;<\/a><\/p>\n","protected":false},"author":2,"featured_media":1017,"comment_status":"open","ping_status":"open","sticky":false,"template":"","format":"standard","meta":{"ngg_post_thumbnail":0,"jetpack_post_was_ever_published":false,"_jetpack_newsletter_access":"","_jetpack_dont_email_post_to_subs":false,"_jetpack_newsletter_tier_id":0,"_jetpack_memberships_contains_paywalled_content":false,"_jetpack_memberships_contains_paid_content":false,"footnotes":"","jetpack_publicize_message":"","jetpack_publicize_feature_enabled":true,"jetpack_social_post_already_shared":false,"jetpack_social_options":{"image_generator_settings":{"template":"highway","default_image_id":0,"font":"","enabled":false},"version":2}},"categories":[5],"tags":[],"class_list":["post-1004","post","type-post","status-publish","format-standard","has-post-thumbnail","hentry","category-forstwirtschaft"],"jetpack_publicize_connections":[],"jetpack_featured_media_url":"https:\/\/i0.wp.com\/forst.igbau.nrw\/wp-content\/uploads\/2019\/05\/Waldpru%CC%88fung_Borkenka%CC%88fer_2018_29.jpg?fit=2296%2C1724","jetpack_sharing_enabled":true,"jetpack_shortlink":"https:\/\/wp.me\/p8x7f7-gc","jetpack-related-posts":[],"_links":{"self":[{"href":"http:\/\/forst.igbau.nrw\/index.php?rest_route=\/wp\/v2\/posts\/1004","targetHints":{"allow":["GET"]}}],"collection":[{"href":"http:\/\/forst.igbau.nrw\/index.php?rest_route=\/wp\/v2\/posts"}],"about":[{"href":"http:\/\/forst.igbau.nrw\/index.php?rest_route=\/wp\/v2\/types\/post"}],"author":[{"embeddable":true,"href":"http:\/\/forst.igbau.nrw\/index.php?rest_route=\/wp\/v2\/users\/2"}],"replies":[{"embeddable":true,"href":"http:\/\/forst.igbau.nrw\/index.php?rest_route=%2Fwp%2Fv2%2Fcomments&post=1004"}],"version-history":[{"count":9,"href":"http:\/\/forst.igbau.nrw\/index.php?rest_route=\/wp\/v2\/posts\/1004\/revisions"}],"predecessor-version":[{"id":1019,"href":"http:\/\/forst.igbau.nrw\/index.php?rest_route=\/wp\/v2\/posts\/1004\/revisions\/1019"}],"wp:featuredmedia":[{"embeddable":true,"href":"http:\/\/forst.igbau.nrw\/index.php?rest_route=\/wp\/v2\/media\/1017"}],"wp:attachment":[{"href":"http:\/\/forst.igbau.nrw\/index.php?rest_route=%2Fwp%2Fv2%2Fmedia&parent=1004"}],"wp:term":[{"taxonomy":"category","embeddable":true,"href":"http:\/\/forst.igbau.nrw\/index.php?rest_route=%2Fwp%2Fv2%2Fcategories&post=1004"},{"taxonomy":"post_tag","embeddable":true,"href":"http:\/\/forst.igbau.nrw\/index.php?rest_route=%2Fwp%2Fv2%2Ftags&post=1004"}],"curies":[{"name":"wp","href":"https:\/\/api.w.org\/{rel}","templated":true}]}}