{"id":1025,"date":"2019-05-15T20:00:55","date_gmt":"2019-05-15T20:00:55","guid":{"rendered":"http:\/\/forst.igbau.nrw\/?p=1025"},"modified":"2019-05-17T12:49:35","modified_gmt":"2019-05-17T12:49:35","slug":"das-ende-der-vertrauensarbeitszeit","status":"publish","type":"post","link":"http:\/\/forst.igbau.nrw\/?p=1025","title":{"rendered":"Das Ende der Vertrauensarbeitszeit"},"content":{"rendered":"\n<div class=\"wp-block-image\"><figure class=\"aligncenter\"><a href=\"https:\/\/curia.europa.eu\/jcms\/jcms\/j_6\/de\/\" target=\"_blank\" rel=\"noreferrer noopener\"><img data-recalc-dims=\"1\" fetchpriority=\"high\" decoding=\"async\" width=\"233\" height=\"215\" data-attachment-id=\"1028\" data-permalink=\"http:\/\/forst.igbau.nrw\/?attachment_id=1028\" data-orig-file=\"https:\/\/i0.wp.com\/forst.igbau.nrw\/wp-content\/uploads\/2019\/05\/EU_Gerichtshof_logo.png?fit=233%2C215\" data-orig-size=\"233,215\" data-comments-opened=\"1\" data-image-meta=\"{&quot;aperture&quot;:&quot;0&quot;,&quot;credit&quot;:&quot;&quot;,&quot;camera&quot;:&quot;&quot;,&quot;caption&quot;:&quot;&quot;,&quot;created_timestamp&quot;:&quot;0&quot;,&quot;copyright&quot;:&quot;&quot;,&quot;focal_length&quot;:&quot;0&quot;,&quot;iso&quot;:&quot;0&quot;,&quot;shutter_speed&quot;:&quot;0&quot;,&quot;title&quot;:&quot;&quot;,&quot;orientation&quot;:&quot;0&quot;}\" data-image-title=\"EU_Gerichtshof_logo\" data-image-description=\"\" data-image-caption=\"\" data-large-file=\"https:\/\/i0.wp.com\/forst.igbau.nrw\/wp-content\/uploads\/2019\/05\/EU_Gerichtshof_logo.png?fit=233%2C215\" src=\"https:\/\/i0.wp.com\/forst.igbau.nrw\/wp-content\/uploads\/2019\/05\/EU_Gerichtshof_logo.png?resize=233%2C215\" alt=\"\" class=\"wp-image-1028\" \/><\/a><\/figure><\/div>\n\n\n\n<p>Mit <a href=\"https:\/\/curia.europa.eu\/jcms\/upload\/docs\/application\/pdf\/2019-05\/cp190061de.pdf\" target=\"_blank\" rel=\"noreferrer noopener\" aria-label=\"Urteil  vom 14.05.2019 (\u00f6ffnet in neuem Tab)\">Urteil  vom 14.05.2019<\/a> erkl\u00e4rt der EU Gerichtshof, dass die Mitgliedstaaten der EU die Arbeitgeber verpflichten m\u00fcssen, ein objektives, verl\u00e4ssliches und zug\u00e4ngliches Zeiterfassungssystem einzurichten, mit dem die von einem jeden Arbeitnehmer geleistete t\u00e4gliche Arbeitszeit gemessen werden kann. Es obliegt den Mitgliedstaaten, die konkreten Modalit\u00e4ten zur Umsetzung eines solchen Systems zu bestimmen und dabei gegebenenfalls den Besonderheiten des jeweiligen T\u00e4tigkeitsbereichs oder Eigenheiten, sogar der Gr\u00f6\u00dfe, bestimmter Unternehmen Rechnung zu tragen.<\/p>\n\n\n\n<p>Dies bedeutet vermutlich das Ende der in vielen Bundesl\u00e4ndern praktizierten Vertrauensarbeitszeit f\u00fcr den forstlichen Aussendienst und zwar sowohl f\u00fcr Tarifbesch\u00e4ftigte als auch f\u00fcr Beamte.<\/p>\n\n\n\n<p>Nun ist der Gesetzgeber in Deutschland aufgefordert so schnell wie m\u00f6glich den Bundeseinheitlichen Rahmen f\u00fcr eine gesetzliche Vorgabe umzusetzen.<\/p>\n\n\n\n<p>Aus Sicht der IGBAU muss diese Umsetzung im Sinne der Besch\u00e4ftigten erfolgen, denn dies ist auch der Ansatz der Charta auf europ\u00e4ischer Ebene.<\/p>\n","protected":false},"excerpt":{"rendered":"<p>Mit Urteil vom 14.05.2019 erkl\u00e4rt der EU Gerichtshof, dass die Mitgliedstaaten der EU die Arbeitgeber verpflichten m\u00fcssen, ein objektives, verl\u00e4ssliches und zug\u00e4ngliches<\/p>\n<p class=\"link-more\"><a class=\"myButt \" href=\"http:\/\/forst.igbau.nrw\/?p=1025\">Weitere Infos &#8230;<\/a><\/p>\n","protected":false},"author":2,"featured_media":0,"comment_status":"open","ping_status":"open","sticky":false,"template":"","format":"standard","meta":{"ngg_post_thumbnail":0,"jetpack_post_was_ever_published":false,"_jetpack_newsletter_access":"","_jetpack_dont_email_post_to_subs":false,"_jetpack_newsletter_tier_id":0,"_jetpack_memberships_contains_paywalled_content":false,"_jetpack_memberships_contains_paid_content":false,"footnotes":"","jetpack_publicize_message":"","jetpack_publicize_feature_enabled":true,"jetpack_social_post_already_shared":false,"jetpack_social_options":{"image_generator_settings":{"template":"highway","default_image_id":0,"font":"","enabled":false},"version":2}},"categories":[5],"tags":[],"class_list":["post-1025","post","type-post","status-publish","format-standard","hentry","category-forstwirtschaft"],"jetpack_publicize_connections":[],"jetpack_featured_media_url":"","jetpack_sharing_enabled":true,"jetpack_shortlink":"https:\/\/wp.me\/p8x7f7-gx","jetpack-related-posts":[],"_links":{"self":[{"href":"http:\/\/forst.igbau.nrw\/index.php?rest_route=\/wp\/v2\/posts\/1025","targetHints":{"allow":["GET"]}}],"collection":[{"href":"http:\/\/forst.igbau.nrw\/index.php?rest_route=\/wp\/v2\/posts"}],"about":[{"href":"http:\/\/forst.igbau.nrw\/index.php?rest_route=\/wp\/v2\/types\/post"}],"author":[{"embeddable":true,"href":"http:\/\/forst.igbau.nrw\/index.php?rest_route=\/wp\/v2\/users\/2"}],"replies":[{"embeddable":true,"href":"http:\/\/forst.igbau.nrw\/index.php?rest_route=%2Fwp%2Fv2%2Fcomments&post=1025"}],"version-history":[{"count":3,"href":"http:\/\/forst.igbau.nrw\/index.php?rest_route=\/wp\/v2\/posts\/1025\/revisions"}],"predecessor-version":[{"id":1029,"href":"http:\/\/forst.igbau.nrw\/index.php?rest_route=\/wp\/v2\/posts\/1025\/revisions\/1029"}],"wp:attachment":[{"href":"http:\/\/forst.igbau.nrw\/index.php?rest_route=%2Fwp%2Fv2%2Fmedia&parent=1025"}],"wp:term":[{"taxonomy":"category","embeddable":true,"href":"http:\/\/forst.igbau.nrw\/index.php?rest_route=%2Fwp%2Fv2%2Fcategories&post=1025"},{"taxonomy":"post_tag","embeddable":true,"href":"http:\/\/forst.igbau.nrw\/index.php?rest_route=%2Fwp%2Fv2%2Ftags&post=1025"}],"curies":[{"name":"wp","href":"https:\/\/api.w.org\/{rel}","templated":true}]}}