{"id":1032,"date":"2019-05-31T13:44:09","date_gmt":"2019-05-31T13:44:09","guid":{"rendered":"http:\/\/forst.igbau.nrw\/?p=1032"},"modified":"2019-05-31T13:44:09","modified_gmt":"2019-05-31T13:44:09","slug":"charta-fuer-holz-2-0","status":"publish","type":"post","link":"http:\/\/forst.igbau.nrw\/?p=1032","title":{"rendered":"Charta f\u00fcr Holz 2.0"},"content":{"rendered":"\n<p>Nordrhein-Westfalen f\u00fchrte auf der LIGNA in Hannover die Veranstaltung Ressourceneffizienz in der Forst- und Holzwirtschaft durch. Ziel sollte es sein Impulse f\u00fcr die Steigerung der Ressourceneffizienz im Cluster Forst und Holz darzustellen bzw. anzuregen.<\/p>\n\n\n\n<p>Als Impulsvortrag bzw. Keynote zielte Herr Prof. Dr. Radermacher,  auf die Diskrepanz zwischen den vereinbarten Zielen der vereinbarten CO2 Reduktion und den aus seiner Sicht wirklich erforderlichen Massnahmen ab.<\/p>\n\n\n\n<p>Vor allem die Widerspr\u00fcche zwischen den vereinbarten Zielen und den bestehenden Eigentumsrechten, der aktuellen und zu erwartenden Geopolitik und den vielf\u00e4ltigen Erwartungen und Anspr\u00fcchen der Bev\u00f6lkerung an den Lebensstil, vor allem auch in den sich wirtschaftlich entwickelnden Regionen weltweit.<\/p>\n\n\n\n<p>Versch\u00e4rfend kommt dazu das bereits in der Vereinbarung von Paris eine L\u00fccke von ca. 500 Milliarden Tonnen CO2 bis 2050 klafft.<\/p>\n\n\n\n<p>Aus Sicht von Prof. Dr. Radermacher kann oder besser muss eine massive weltweite Aufforstung bzw. Wiederaufforstung von Wald Bestandteil einer L\u00f6sung sein um diese Ziele zu erreichen.<\/p>\n\n\n\n<p>Besonderen Augenmerk setzte Radermacher auf die Finanzierung der erforderlichen Massnahmen, hier sieht er insbesondere den wohlhabenden Teil der Weltbev\u00f6lkerung von rund ein bis zwei Prozent in der &#8222;Pflicht&#8220;, Radermacher bezeichnet diese Gruppe als die &#8222;Top-Emitter&#8220;, diese verursachen die meisten Emissionen pro Kopf und besitzen rund die H\u00e4lfte des weltweiten Verm\u00f6gens. Politik und Gesellschaft unterst\u00fctzt durch die NGOs aus der Umweltbranche m\u00fcssen Ihren Fokus verst\u00e4rkt auf diese Gruppe lenken um die erforderlichen Milliarden finanzieren zu k\u00f6nnen.<\/p>\n\n\n\n<p>Prof. Dr. Radermacher: in Wikipedia <em>&#8222;Professor f\u00fcr Informatik\u00a0an der\u00a0Universit\u00e4t Ulm\u00a0und Leiter des Forschungsinstituts f\u00fcr anwendungsorientierte Wissensverarbeitung. Bekannt geworden ist er u.\u00a0a. durch sein Eintreten f\u00fcr eine weltweite\u00a0\u00d6kosoziale Marktwirtschaft\u00a0und durch sein Engagement in der\u00a0Global Marshall Plan Initiative, die sich seit 2003 f\u00fcr eine gerechtere\u00a0Globalisierung, f\u00fcr eine \u201eWelt in Balance\u201c, einsetzt.<\/em> <\/p>\n\n\n\n<div class=\"wp-block-image\"><figure class=\"aligncenter\"><a href=\"https:\/\/www.ligna.de\/files\/002-fs5\/media\/downloads\/besucher\/ressourceneffizienz-in-der-forst-und-holzwirtschaft.pdf\" target=\"_blank\" rel=\"noreferrer noopener\"><img data-recalc-dims=\"1\" fetchpriority=\"high\" decoding=\"async\" width=\"387\" height=\"728\" data-attachment-id=\"1035\" data-permalink=\"http:\/\/forst.igbau.nrw\/?attachment_id=1035\" data-orig-file=\"https:\/\/i0.wp.com\/forst.igbau.nrw\/wp-content\/uploads\/2019\/05\/Screenshot-at-May-31-15-43-03.png?fit=387%2C728\" data-orig-size=\"387,728\" data-comments-opened=\"1\" data-image-meta=\"{&quot;aperture&quot;:&quot;0&quot;,&quot;credit&quot;:&quot;&quot;,&quot;camera&quot;:&quot;&quot;,&quot;caption&quot;:&quot;&quot;,&quot;created_timestamp&quot;:&quot;0&quot;,&quot;copyright&quot;:&quot;&quot;,&quot;focal_length&quot;:&quot;0&quot;,&quot;iso&quot;:&quot;0&quot;,&quot;shutter_speed&quot;:&quot;0&quot;,&quot;title&quot;:&quot;&quot;,&quot;orientation&quot;:&quot;0&quot;}\" data-image-title=\"Screenshot-at-May-31-15-43-03\" data-image-description=\"\" data-image-caption=\"\" data-large-file=\"https:\/\/i0.wp.com\/forst.igbau.nrw\/wp-content\/uploads\/2019\/05\/Screenshot-at-May-31-15-43-03.png?fit=387%2C728\" src=\"https:\/\/i0.wp.com\/forst.igbau.nrw\/wp-content\/uploads\/2019\/05\/Screenshot-at-May-31-15-43-03.png?resize=387%2C728\" alt=\"\" class=\"wp-image-1035\" srcset=\"https:\/\/i0.wp.com\/forst.igbau.nrw\/wp-content\/uploads\/2019\/05\/Screenshot-at-May-31-15-43-03.png?w=387 387w, https:\/\/i0.wp.com\/forst.igbau.nrw\/wp-content\/uploads\/2019\/05\/Screenshot-at-May-31-15-43-03.png?resize=159%2C300 159w\" sizes=\"(max-width: 387px) 100vw, 387px\" \/><\/a><\/figure><\/div>\n\n\n\n<br>\n","protected":false},"excerpt":{"rendered":"<p>Nordrhein-Westfalen f\u00fchrte auf der LIGNA in Hannover die Veranstaltung Ressourceneffizienz in der Forst- und Holzwirtschaft durch. Ziel sollte es sein Impulse f\u00fcr<\/p>\n<p class=\"link-more\"><a class=\"myButt \" href=\"http:\/\/forst.igbau.nrw\/?p=1032\">Weitere Infos &#8230;<\/a><\/p>\n","protected":false},"author":2,"featured_media":1034,"comment_status":"open","ping_status":"open","sticky":false,"template":"","format":"standard","meta":{"ngg_post_thumbnail":0,"jetpack_post_was_ever_published":false,"_jetpack_newsletter_access":"","_jetpack_dont_email_post_to_subs":false,"_jetpack_newsletter_tier_id":0,"_jetpack_memberships_contains_paywalled_content":false,"_jetpack_memberships_contains_paid_content":false,"footnotes":"","jetpack_publicize_message":"","jetpack_publicize_feature_enabled":true,"jetpack_social_post_already_shared":false,"jetpack_social_options":{"image_generator_settings":{"template":"highway","default_image_id":0,"font":"","enabled":false},"version":2}},"categories":[5],"tags":[],"class_list":["post-1032","post","type-post","status-publish","format-standard","has-post-thumbnail","hentry","category-forstwirtschaft"],"jetpack_publicize_connections":[],"jetpack_featured_media_url":"https:\/\/i0.wp.com\/forst.igbau.nrw\/wp-content\/uploads\/2019\/05\/Fotos_LIGNA_2019_59.jpg?fit=1616%2C1212","jetpack_sharing_enabled":true,"jetpack_shortlink":"https:\/\/wp.me\/p8x7f7-gE","jetpack-related-posts":[],"_links":{"self":[{"href":"http:\/\/forst.igbau.nrw\/index.php?rest_route=\/wp\/v2\/posts\/1032","targetHints":{"allow":["GET"]}}],"collection":[{"href":"http:\/\/forst.igbau.nrw\/index.php?rest_route=\/wp\/v2\/posts"}],"about":[{"href":"http:\/\/forst.igbau.nrw\/index.php?rest_route=\/wp\/v2\/types\/post"}],"author":[{"embeddable":true,"href":"http:\/\/forst.igbau.nrw\/index.php?rest_route=\/wp\/v2\/users\/2"}],"replies":[{"embeddable":true,"href":"http:\/\/forst.igbau.nrw\/index.php?rest_route=%2Fwp%2Fv2%2Fcomments&post=1032"}],"version-history":[{"count":2,"href":"http:\/\/forst.igbau.nrw\/index.php?rest_route=\/wp\/v2\/posts\/1032\/revisions"}],"predecessor-version":[{"id":1036,"href":"http:\/\/forst.igbau.nrw\/index.php?rest_route=\/wp\/v2\/posts\/1032\/revisions\/1036"}],"wp:featuredmedia":[{"embeddable":true,"href":"http:\/\/forst.igbau.nrw\/index.php?rest_route=\/wp\/v2\/media\/1034"}],"wp:attachment":[{"href":"http:\/\/forst.igbau.nrw\/index.php?rest_route=%2Fwp%2Fv2%2Fmedia&parent=1032"}],"wp:term":[{"taxonomy":"category","embeddable":true,"href":"http:\/\/forst.igbau.nrw\/index.php?rest_route=%2Fwp%2Fv2%2Fcategories&post=1032"},{"taxonomy":"post_tag","embeddable":true,"href":"http:\/\/forst.igbau.nrw\/index.php?rest_route=%2Fwp%2Fv2%2Ftags&post=1032"}],"curies":[{"name":"wp","href":"https:\/\/api.w.org\/{rel}","templated":true}]}}