{"id":1038,"date":"2019-06-18T21:15:49","date_gmt":"2019-06-18T21:15:49","guid":{"rendered":"http:\/\/forst.igbau.nrw\/?p=1038"},"modified":"2019-06-26T19:30:35","modified_gmt":"2019-06-26T19:30:35","slug":"die-lunge-des-planeten-retten-waldschutz-zwischen-berlin-und-brasilien","status":"publish","type":"post","link":"http:\/\/forst.igbau.nrw\/?p=1038","title":{"rendered":"\u201eDie Lunge des Planeten retten \u2013 Waldschutz zwischen Berlin und Brasilien\u201c"},"content":{"rendered":"\n<p>&#8230;&#8230; unter diesem Motto fand am 16.04.2019 auf Einladung von B\u00fcndnis 90 \/ Die Gr\u00fcnen eine Podiumsdiskussion mit anschlie\u00dfenden Diskussionsrunden statt. <\/p>\n\n\n\n<p>Als Vertreter der IGBAU waren die Kollegen Siegfried Rohs (Bundesfachgruppe Forstwirtschaft) und Peter Wicke (Landesvertretung NRW) der Einladung der Bundestagsfraktion B\u00fcndnis90 \/ Die Gr\u00fcnen gefolgt und haben an der Veranstaltung teilgenommen.<\/p>\n\n\n\n<div class=\"wp-block-image\"><figure class=\"aligncenter\"><a href=\"https:\/\/i0.wp.com\/forst.igbau.nrw\/wp-content\/uploads\/2019\/06\/Forum_Wald_Klima_Bundestagsfraktion_Gru%CC%88ne_01.jpg\" target=\"_blank\" rel=\"noreferrer noopener\"><img data-recalc-dims=\"1\" fetchpriority=\"high\" decoding=\"async\" width=\"640\" height=\"479\" data-attachment-id=\"1040\" data-permalink=\"http:\/\/forst.igbau.nrw\/?attachment_id=1040\" data-orig-file=\"https:\/\/i0.wp.com\/forst.igbau.nrw\/wp-content\/uploads\/2019\/06\/Forum_Wald_Klima_Bundestagsfraktion_Gru%CC%88ne_01.jpg?fit=1405%2C1053\" data-orig-size=\"1405,1053\" data-comments-opened=\"1\" data-image-meta=\"{&quot;aperture&quot;:&quot;3.5&quot;,&quot;credit&quot;:&quot;Peter Wicke&quot;,&quot;camera&quot;:&quot;DMC-G81&quot;,&quot;caption&quot;:&quot;&quot;,&quot;created_timestamp&quot;:&quot;1560511227&quot;,&quot;copyright&quot;:&quot;Peter Wicke&quot;,&quot;focal_length&quot;:&quot;12&quot;,&quot;iso&quot;:&quot;500&quot;,&quot;shutter_speed&quot;:&quot;0.016666666666667&quot;,&quot;title&quot;:&quot;&quot;,&quot;orientation&quot;:&quot;1&quot;}\" data-image-title=\"Forum_Wald_Klima_Bundestagsfraktion_Gru\u0308ne_01\" data-image-description=\"\" data-image-caption=\"\" data-large-file=\"https:\/\/i0.wp.com\/forst.igbau.nrw\/wp-content\/uploads\/2019\/06\/Forum_Wald_Klima_Bundestagsfraktion_Gru%CC%88ne_01.jpg?fit=640%2C479\" src=\"https:\/\/i0.wp.com\/forst.igbau.nrw\/wp-content\/uploads\/2019\/06\/Forum_Wald_Klima_Bundestagsfraktion_Gru%CC%88ne_01.jpg?resize=640%2C479\" alt=\"\" class=\"wp-image-1040\" srcset=\"https:\/\/i0.wp.com\/forst.igbau.nrw\/wp-content\/uploads\/2019\/06\/Forum_Wald_Klima_Bundestagsfraktion_Gru%CC%88ne_01.jpg?resize=1024%2C767 1024w, https:\/\/i0.wp.com\/forst.igbau.nrw\/wp-content\/uploads\/2019\/06\/Forum_Wald_Klima_Bundestagsfraktion_Gru%CC%88ne_01.jpg?resize=300%2C225 300w, https:\/\/i0.wp.com\/forst.igbau.nrw\/wp-content\/uploads\/2019\/06\/Forum_Wald_Klima_Bundestagsfraktion_Gru%CC%88ne_01.jpg?resize=768%2C576 768w, https:\/\/i0.wp.com\/forst.igbau.nrw\/wp-content\/uploads\/2019\/06\/Forum_Wald_Klima_Bundestagsfraktion_Gru%CC%88ne_01.jpg?w=1405 1405w, https:\/\/i0.wp.com\/forst.igbau.nrw\/wp-content\/uploads\/2019\/06\/Forum_Wald_Klima_Bundestagsfraktion_Gru%CC%88ne_01.jpg?w=1280 1280w\" sizes=\"(max-width: 640px) 100vw, 640px\" \/><\/a><figcaption>Peter Wicke (IGBAU, Verfasser), Siegfried Rohs (IGBAU) im Gespr\u00e4ch mit Amadeus Bewer (DFWR)<\/figcaption><\/figure><\/div>\n\n\n\n<p>Die Konferenz stand unter der gro\u00dfen \u00dcberschrift (&#8222;Die Lunge des Planeten retten \u2013 Waldschutz zwischen Berlin und Brasilien&#8220;) mit Nationalen und Internationalen Fachleuten sowie interessierten ca. 350 Besuchern und Besucherinnen aus den verschiedensten Bereichen L\u00f6sungsans\u00e4tze und Ideen zu diskutieren.<\/p>\n\n\n\n<div class=\"wp-block-image\"><figure class=\"aligncenter\"><img data-recalc-dims=\"1\" decoding=\"async\" width=\"640\" height=\"480\" data-attachment-id=\"1043\" data-permalink=\"http:\/\/forst.igbau.nrw\/?attachment_id=1043\" data-orig-file=\"https:\/\/i0.wp.com\/forst.igbau.nrw\/wp-content\/uploads\/2019\/06\/Forum_Wald_Klima_Bundestagsfraktion_Gru%CC%88ne_03.jpg?fit=1616%2C1212\" data-orig-size=\"1616,1212\" data-comments-opened=\"1\" data-image-meta=\"{&quot;aperture&quot;:&quot;4.5&quot;,&quot;credit&quot;:&quot;Peter Wicke&quot;,&quot;camera&quot;:&quot;DMC-G81&quot;,&quot;caption&quot;:&quot;&quot;,&quot;created_timestamp&quot;:&quot;1560527415&quot;,&quot;copyright&quot;:&quot;Peter Wicke&quot;,&quot;focal_length&quot;:&quot;25&quot;,&quot;iso&quot;:&quot;320&quot;,&quot;shutter_speed&quot;:&quot;0.016666666666667&quot;,&quot;title&quot;:&quot;&quot;,&quot;orientation&quot;:&quot;1&quot;}\" data-image-title=\"Forum_Wald_Klima_Bundestagsfraktion_Gru\u0308ne_03\" data-image-description=\"\" data-image-caption=\"\" data-large-file=\"https:\/\/i0.wp.com\/forst.igbau.nrw\/wp-content\/uploads\/2019\/06\/Forum_Wald_Klima_Bundestagsfraktion_Gru%CC%88ne_03.jpg?fit=640%2C480\" src=\"https:\/\/i0.wp.com\/forst.igbau.nrw\/wp-content\/uploads\/2019\/06\/Forum_Wald_Klima_Bundestagsfraktion_Gru%CC%88ne_03.jpg?resize=640%2C480\" alt=\"\" class=\"wp-image-1043\" srcset=\"https:\/\/i0.wp.com\/forst.igbau.nrw\/wp-content\/uploads\/2019\/06\/Forum_Wald_Klima_Bundestagsfraktion_Gru%CC%88ne_03.jpg?resize=1024%2C768 1024w, https:\/\/i0.wp.com\/forst.igbau.nrw\/wp-content\/uploads\/2019\/06\/Forum_Wald_Klima_Bundestagsfraktion_Gru%CC%88ne_03.jpg?resize=300%2C225 300w, https:\/\/i0.wp.com\/forst.igbau.nrw\/wp-content\/uploads\/2019\/06\/Forum_Wald_Klima_Bundestagsfraktion_Gru%CC%88ne_03.jpg?resize=768%2C576 768w, https:\/\/i0.wp.com\/forst.igbau.nrw\/wp-content\/uploads\/2019\/06\/Forum_Wald_Klima_Bundestagsfraktion_Gru%CC%88ne_03.jpg?w=1616 1616w, https:\/\/i0.wp.com\/forst.igbau.nrw\/wp-content\/uploads\/2019\/06\/Forum_Wald_Klima_Bundestagsfraktion_Gru%CC%88ne_03.jpg?w=1280 1280w\" sizes=\"(max-width: 640px) 100vw, 640px\" \/><\/figure><\/div>\n\n\n\n<p>Zum Auftakt kamen unter der Moderation von Harald Ebner (MDB, Gr\u00fcne) und Steffi Lemke (MDB, Gr\u00fcne), Peter Wohlleben, Prof. Pierre Ibisch und Adriana Ramos zu Wort. Eingeleitet durch Dr. Anton Hofreiter mit 3 wesentlichen Statements der Gr\u00fcnen Forderungen zum Wald und Peter Wohlleben mit seinen Ansichten \u00fcber Waldbewirtschaftung folgte eine kurze Diskussion und Information durch die Podiumsteilnehmer zu Themen wie dem weltweite Verlust von Waldfl\u00e4chen, der Waldbewirtschaftung und den Folgen des Klimawandels auf den Wald. <\/p>\n\n\n\n<div class=\"wp-block-image\"><figure class=\"aligncenter\"><img data-recalc-dims=\"1\" decoding=\"async\" width=\"640\" height=\"384\" data-attachment-id=\"1041\" data-permalink=\"http:\/\/forst.igbau.nrw\/?attachment_id=1041\" data-orig-file=\"https:\/\/i0.wp.com\/forst.igbau.nrw\/wp-content\/uploads\/2019\/06\/Forum_Wald_Klima_Bundestagsfraktion_Gru%CC%88ne_02.jpg?fit=1493%2C896\" data-orig-size=\"1493,896\" data-comments-opened=\"1\" data-image-meta=\"{&quot;aperture&quot;:&quot;4.7&quot;,&quot;credit&quot;:&quot;Peter Wicke&quot;,&quot;camera&quot;:&quot;DMC-G81&quot;,&quot;caption&quot;:&quot;&quot;,&quot;created_timestamp&quot;:&quot;1560514902&quot;,&quot;copyright&quot;:&quot;Peter Wicke&quot;,&quot;focal_length&quot;:&quot;28&quot;,&quot;iso&quot;:&quot;320&quot;,&quot;shutter_speed&quot;:&quot;0.016666666666667&quot;,&quot;title&quot;:&quot;&quot;,&quot;orientation&quot;:&quot;1&quot;}\" data-image-title=\"Forum_Wald_Klima_Bundestagsfraktion_Gru\u0308ne_02\" data-image-description=\"\" data-image-caption=\"\" data-large-file=\"https:\/\/i0.wp.com\/forst.igbau.nrw\/wp-content\/uploads\/2019\/06\/Forum_Wald_Klima_Bundestagsfraktion_Gru%CC%88ne_02.jpg?fit=640%2C384\" src=\"https:\/\/i0.wp.com\/forst.igbau.nrw\/wp-content\/uploads\/2019\/06\/Forum_Wald_Klima_Bundestagsfraktion_Gru%CC%88ne_02.jpg?resize=640%2C384\" alt=\"\" class=\"wp-image-1041\" srcset=\"https:\/\/i0.wp.com\/forst.igbau.nrw\/wp-content\/uploads\/2019\/06\/Forum_Wald_Klima_Bundestagsfraktion_Gru%CC%88ne_02.jpg?resize=1024%2C615 1024w, https:\/\/i0.wp.com\/forst.igbau.nrw\/wp-content\/uploads\/2019\/06\/Forum_Wald_Klima_Bundestagsfraktion_Gru%CC%88ne_02.jpg?resize=300%2C180 300w, https:\/\/i0.wp.com\/forst.igbau.nrw\/wp-content\/uploads\/2019\/06\/Forum_Wald_Klima_Bundestagsfraktion_Gru%CC%88ne_02.jpg?resize=768%2C461 768w, https:\/\/i0.wp.com\/forst.igbau.nrw\/wp-content\/uploads\/2019\/06\/Forum_Wald_Klima_Bundestagsfraktion_Gru%CC%88ne_02.jpg?w=1493 1493w, https:\/\/i0.wp.com\/forst.igbau.nrw\/wp-content\/uploads\/2019\/06\/Forum_Wald_Klima_Bundestagsfraktion_Gru%CC%88ne_02.jpg?w=1280 1280w\" sizes=\"(max-width: 640px) 100vw, 640px\" \/><figcaption>Podium, Prof.Ibisch (Zentrum f\u00fcr \u00d6konik und \u00d6kosystemmanagement<br>Hochschule f\u00fcr nachhaltige Entwicklung Eberswalde), Steffi Lemke (Gr\u00fcne), Harald Ebner (Gr\u00fcne), Adriano D\u00b4Ramos (Instituto Socioambiental, Brasilien), Peter Wohlleben.<\/figcaption><\/figure><\/div>\n\n\n\n<p>Adriano D\u00b4Ramos beschrieb die ver\u00e4nderte Situation in Brasilien seit dem Regierungswechsel, insbesondere die Vorhaben der neuen Regierung in den Waldgebieten des Amazonas den Kahlschlag und die Ausbeutung der Resourcen voran zu treiben. Frau Ramos bat die Bundesrepublik Deutschland nicht nachzulassen im Politischen Bestreben diese Vorhaben zu stoppen.<\/p>\n\n\n\n<p>Als langj\u00e4hriger Kenner der Gegebenheiten vor Ort beschrieb Prof. Pierre Ibisch sowohl positive als auch negative Entwicklungen im Wald und Klimaschutz in S\u00fcdamerika.<\/p>\n\n\n\n<p>&#8230;&#8230;&#8230;&#8230;..<\/p>\n\n\n\n<p>Gerade die von Herrn Wohlleben dargestellten Thesen h\u00e4tten vermutlich den ein oder anderen Teilnehmer oder die Teilnehmerin gereizt auf Ansichten und Aussagen einzugehen, diese M\u00f6glichkeit bestand im Rahmen der Podiumsdiskussion leider nicht.<\/p>\n\n\n\n<p><a rel=\"noreferrer noopener\" aria-label=\"Link zum Livestream der Podiumsdiskussion (\u00f6ffnet in neuem Tab)\" href=\"https:\/\/www.gruene-bundestag.de\/umwelt\/die-lunge-des-planeten-retten-waldschutz-zwischen-berlin-und-brasilien.html\" target=\"_blank\">Link zum Livestream der Podiumsdiskussion<\/a> <\/p>\n\n\n\n<p>oder bei Youtube<\/p>\n\n\n\n<figure class=\"wp-block-embed-youtube wp-block-embed is-type-video is-provider-youtube wp-embed-aspect-16-9 wp-has-aspect-ratio\"><div class=\"wp-block-embed__wrapper\">\n<span class=\"embed-youtube\" style=\"text-align:center; display: block;\"><iframe class=\"youtube-player\" width=\"640\" height=\"360\" src=\"https:\/\/www.youtube.com\/embed\/zFc5-bU-aX4?version=3&#038;rel=1&#038;showsearch=0&#038;showinfo=1&#038;iv_load_policy=1&#038;fs=1&#038;hl=de-DE&#038;autohide=2&#038;wmode=transparent\" allowfullscreen=\"true\" style=\"border:0;\" sandbox=\"allow-scripts allow-same-origin allow-popups allow-presentation allow-popups-to-escape-sandbox\"><\/iframe><\/span>\n<\/div><\/figure>\n\n\n\n<p>Als positiv konnte abschlie\u00dfend vermerkt werden, dass es die unbestrittene Aussage gab wonach nur mit mehr qualifizierten Besch\u00e4ftigten die anstehenden Aufgaben im Wald bew\u00e4ltigt werden k\u00f6nnen.<\/p>\n\n\n\n<p>Im Anschluss folgten mehrere Diskussionsrunden zu folgenden Themen.<\/p>\n\n\n\n<p>I. \u201eVom Hambi bis Brasilien \u2013 Waldschutz ist Klimaschutz\u201c<\/p>\n\n\n\n<p>II. \u201eWege zum Klimafesten Wald von Morgen\u201c<\/p>\n\n\n\n<p>III. \u201eIllegaler Raubbau \u2013 von Myanmar bis zur Gorch Fock\u201c<\/p>\n\n\n\n<p>IV. \u201eNachhaltiges Plam\u00f6l &#8211;  Chance f\u00fcr den Wald oder Greenwashing f\u00fcr Konzerne\u201c<\/p>\n\n\n\n<p>V. \u201eDer Heimische Wald \u2013 Mehr als unges\u00e4gte Bretter\u201c<\/p>\n\n\n\n<p>Durch die eigene Teilnahme an den Diskussionsrunden II. und V. k\u00f6nnen nur zu diesen Foren einige Anmerkungen erfolgen. <\/p>\n\n\n\n<p>Zum Thema <strong>\u201eWege zum Klimafesten Wald von Morgen\u201c<\/strong> waren Laszlo Maraz (BUND), Prof. Dr. Andreas Bolte (Th\u00fcnen Institut f\u00fcr Wald\u00f6kosysteme) und Maike Wander (SDW) sowie Georg Schirmbeck (DFWR) auf dem Podium versammelt.<\/p>\n\n\n\n<p>Laslo Maraz sieht zumindest in der aktuellen Borkenk\u00e4ferkalamit\u00e4t eine klare Folge der falschen Baumartenwahl und brachte dies auch zum Ausdruck in dem er mit einem T-Shirt mit Borkenk\u00e4feraufdruck angetreten war.<\/p>\n\n\n\n<p>Prof. Dr. Bolte traf die Aussage zur Konzeption des Anbaus von Standortgerechten Baumarten, hier widersprach er einer weiteren Nutzung dieser forstlich etablierten Entscheidungsgrundlage. Die Argumentation sind die aus seiner Sicht die zu erwartenden kurzfristigen klimabedingten Ver\u00e4nderungen eines Standortes in der Lebensdauer eines Waldbaumes.<\/p>\n\n\n\n<p>Bolte sieht die\nfachliche Aufgabe an die Besch\u00e4ftigten im Wald daher mehr als \u201eReisebegleiter\u201c\nvor dem Hintergrund der sich ver\u00e4ndernden Gegebenheiten.<\/p>\n\n\n\n<p>Geeint wurden alle Aussagen durch den Grundsatz das es derzeit leider keine verl\u00e4ssliche Empfehlung f\u00fcr Baumarten geben kann die mit Sicherheit allen kommenden Anforderungen gewachsen sind au\u00dferdem wurde \u00fcberstimmend als Folge dessen eine m\u00f6glichst gro\u00dfe Artenvielfalt im Sinne einer Risikostreuung gesehen.<\/p>\n\n\n\n<p>Auch in dieser Runde kam es zu der \u00fcbereinstimmenden Aussage dass es ein Fehler war Bundesweit die Besch\u00e4ftigten im Wald abzubauen der unbedingt korrigiert werden muss,  die vielf\u00e4ltigen Aufgaben im Waldumbau, der Wiederaufforstungen und dem Waldschutz werden nicht gelingen ohne eine ausreichende Anzahl von qualifizierten Besch\u00e4ftigten im Wald.<\/p>\n\n\n\n<p>In der anschlie\u00dfenden Diskussion mit den Zuh\u00f6rern wurde das eigentliche Thema &#8222;Wege zum Klimafesten Wald von Morgen\u201c leider nicht aufgegriffen.<\/p>\n\n\n\n<p>In der zweiten Diskussionsrunde <strong>\u201eDer Heimische Wald \u2013 Mehr als unges\u00e4gte Bretter\u201c <\/strong><\/p>\n\n\n\n<p>Entstand eine\nGrundsatzdebatte \u00fcber die richtige Form der forstlichen Bewirtschaftung, wobei\nDr. Lutz F\u00e4hser und Dr. Christoph Ties die Variante der Nutzung z.B. im L\u00fcbecker\nStadtwald den Anwesenden begr\u00fcndeten. <\/p>\n\n\n\n<p>Eine Auseinandersetzung mit den \u00dcberlegungen der dringend erforderlichen Substitutionleistungen durch Holzverwendung, den Anfordernissen an die Rohstoffversorgung blieben dabei leider aus.<\/p>\n\n\n\n<p>Auch eine kritische Dikussion \u00fcber einen ganzheitlichen Ansatz zwischen \u00d6kologie, Biodiversit\u00e4t, \u00d6konomie und Klimaschutzleistungen fand aus Zeitgr\u00fcnden leider nicht statt.<\/p>\n\n\n\n<p>Begleitet durch negative Beispiele, wie z.B. Sch\u00e4den in Waldbest\u00e4nden durch die Holzbringung bzw. den aktuellen Einsatz von Breitband Insektiziden wurde des \u00f6fteren der Begriff der \u201eordungsgem\u00e4\u00dfen Forstwirtschaft in Frage gestellt. Die angef\u00fchrten Beispiele blieben jedoch unbeantwortet.<\/p>\n\n\n\n<p>Bedingt durch die K\u00fcrze der Zeit und die begrenzte M\u00f6glichkeit ein Thema auszudiskutieren endete diese Podiumsdiskussion jedoch ohne verwertbare Ergebnisse.<\/p>\n\n\n\n<p>Abschlie\u00dfend muss man diesen ersten Auftakt einer umfangreichen Diskussion \u00fcber den Wald im Klimawandel als richtig und wichtig ansehen. Nun m\u00fcssen weitere Schritte folgen und durch die Politik auf Landes- und Bundes- und vor allem auf Europ\u00e4ischer Ebene orchestriert werden. <\/p>\n\n\n\n<p>Bleibt abzuwarten ob und wann sich die anderen Bundestagsfraktionen, der Bundestag und die EU sich intensiver und nachhaltiger mit dem Thema Wald auseinandersetzen. <\/p>\n\n\n\n<p>Weiter Infos zur\nVeranstaltung finden Sie hier \u2026.<\/p>\n\n\n\n<p><a href=\"https:\/\/www.gruene-bundestag.de\/fileadmin\/media\/gruenebundestag_de\/themen_az\/biologische_vielfalt\/PDF\/Autorenpapier-Wald.pdf\" target=\"_blank\" rel=\"noreferrer noopener\" aria-label=\"Gr\u00fcner Aktionsplan f\u00fcr einen Gesunden Wald (\u00f6ffnet in neuem Tab)\">Gr\u00fcner Aktionsplan f\u00fcr einen Gesunden Wald<\/a><\/p>\n","protected":false},"excerpt":{"rendered":"<p>&#8230;&#8230; unter diesem Motto fand am 16.04.2019 auf Einladung von B\u00fcndnis 90 \/ Die Gr\u00fcnen eine Podiumsdiskussion mit anschlie\u00dfenden Diskussionsrunden statt. Als<\/p>\n<p class=\"link-more\"><a class=\"myButt \" href=\"http:\/\/forst.igbau.nrw\/?p=1038\">Weitere Infos &#8230;<\/a><\/p>\n","protected":false},"author":2,"featured_media":1055,"comment_status":"open","ping_status":"open","sticky":false,"template":"","format":"standard","meta":{"ngg_post_thumbnail":0,"jetpack_post_was_ever_published":false,"_jetpack_newsletter_access":"","_jetpack_dont_email_post_to_subs":false,"_jetpack_newsletter_tier_id":0,"_jetpack_memberships_contains_paywalled_content":false,"_jetpack_memberships_contains_paid_content":false,"footnotes":"","jetpack_publicize_message":"","jetpack_publicize_feature_enabled":true,"jetpack_social_post_already_shared":false,"jetpack_social_options":{"image_generator_settings":{"template":"highway","default_image_id":0,"font":"","enabled":false},"version":2}},"categories":[5],"tags":[],"class_list":["post-1038","post","type-post","status-publish","format-standard","has-post-thumbnail","hentry","category-forstwirtschaft"],"jetpack_publicize_connections":[],"jetpack_featured_media_url":"https:\/\/i0.wp.com\/forst.igbau.nrw\/wp-content\/uploads\/2019\/06\/Gru%CC%88ne_Lunge_Planeten_Hofreiter.jpg?fit=3232%2C2424","jetpack_sharing_enabled":true,"jetpack_shortlink":"https:\/\/wp.me\/p8x7f7-gK","jetpack-related-posts":[],"_links":{"self":[{"href":"http:\/\/forst.igbau.nrw\/index.php?rest_route=\/wp\/v2\/posts\/1038","targetHints":{"allow":["GET"]}}],"collection":[{"href":"http:\/\/forst.igbau.nrw\/index.php?rest_route=\/wp\/v2\/posts"}],"about":[{"href":"http:\/\/forst.igbau.nrw\/index.php?rest_route=\/wp\/v2\/types\/post"}],"author":[{"embeddable":true,"href":"http:\/\/forst.igbau.nrw\/index.php?rest_route=\/wp\/v2\/users\/2"}],"replies":[{"embeddable":true,"href":"http:\/\/forst.igbau.nrw\/index.php?rest_route=%2Fwp%2Fv2%2Fcomments&post=1038"}],"version-history":[{"count":10,"href":"http:\/\/forst.igbau.nrw\/index.php?rest_route=\/wp\/v2\/posts\/1038\/revisions"}],"predecessor-version":[{"id":1052,"href":"http:\/\/forst.igbau.nrw\/index.php?rest_route=\/wp\/v2\/posts\/1038\/revisions\/1052"}],"wp:featuredmedia":[{"embeddable":true,"href":"http:\/\/forst.igbau.nrw\/index.php?rest_route=\/wp\/v2\/media\/1055"}],"wp:attachment":[{"href":"http:\/\/forst.igbau.nrw\/index.php?rest_route=%2Fwp%2Fv2%2Fmedia&parent=1038"}],"wp:term":[{"taxonomy":"category","embeddable":true,"href":"http:\/\/forst.igbau.nrw\/index.php?rest_route=%2Fwp%2Fv2%2Fcategories&post=1038"},{"taxonomy":"post_tag","embeddable":true,"href":"http:\/\/forst.igbau.nrw\/index.php?rest_route=%2Fwp%2Fv2%2Ftags&post=1038"}],"curies":[{"name":"wp","href":"https:\/\/api.w.org\/{rel}","templated":true}]}}