{"id":1058,"date":"2019-07-03T22:22:00","date_gmt":"2019-07-03T22:22:00","guid":{"rendered":"http:\/\/forst.igbau.nrw\/?p=1058"},"modified":"2019-07-05T10:01:46","modified_gmt":"2019-07-05T10:01:46","slug":"hitze-sommer-gesundheitsschutz-mitbestimmung","status":"publish","type":"post","link":"http:\/\/forst.igbau.nrw\/?p=1058","title":{"rendered":"Hitze, Sommer, Gesundheitsschutz, Mitbestimmung"},"content":{"rendered":"\n<p>Nach 2018 kam es auch in 2019 bereits zu Beginn des Sommers erneut zu extremen Temperaturen weit \u00fcber 30 Grad die eine besondere Belastung f\u00fcr die Besch\u00e4ftigten vor allem bei Arbeiten im Freien darstellen. Zu diesem Thema hat der <a rel=\"noreferrer noopener\" aria-label=\"BUND Verlag einige Punkte (\u00f6ffnet in neuem Tab)\" href=\"https:\/\/www.bund-verlag.de\/betriebsrat\/aktuellesbr~7-fragen-zum-arbeiten-bei-hitze~#\" target=\"_blank\">BUND Verlag einige Punkte<\/a> zusammengefasst.<\/p>\n\n\n\n<p>Trotzdem einige der Inhalte aus rechtlicher Sicht des Betriebsverfassungsgesetzes gesehen werden, gelten diese im wesentlichen nat\u00fcrlich auch f\u00fcr die Besch\u00e4ftigten im \u00d6ffentlichen Dienst.<\/p>\n\n\n\n<figure class=\"wp-block-image\"><a href=\"https:\/\/www.bund-verlag.de\/betriebsrat\/aktuellesbr~7-fragen-zum-arbeiten-bei-hitze~#\" target=\"_blank\" rel=\"noreferrer noopener\"><img data-recalc-dims=\"1\" fetchpriority=\"high\" decoding=\"async\" width=\"640\" height=\"78\" data-attachment-id=\"1059\" data-permalink=\"http:\/\/forst.igbau.nrw\/?attachment_id=1059\" data-orig-file=\"https:\/\/i0.wp.com\/forst.igbau.nrw\/wp-content\/uploads\/2019\/07\/bund_verlag.png?fit=801%2C97\" data-orig-size=\"801,97\" data-comments-opened=\"1\" data-image-meta=\"{&quot;aperture&quot;:&quot;0&quot;,&quot;credit&quot;:&quot;&quot;,&quot;camera&quot;:&quot;&quot;,&quot;caption&quot;:&quot;&quot;,&quot;created_timestamp&quot;:&quot;0&quot;,&quot;copyright&quot;:&quot;&quot;,&quot;focal_length&quot;:&quot;0&quot;,&quot;iso&quot;:&quot;0&quot;,&quot;shutter_speed&quot;:&quot;0&quot;,&quot;title&quot;:&quot;&quot;,&quot;orientation&quot;:&quot;0&quot;}\" data-image-title=\"bund_verlag\" data-image-description=\"\" data-image-caption=\"\" data-large-file=\"https:\/\/i0.wp.com\/forst.igbau.nrw\/wp-content\/uploads\/2019\/07\/bund_verlag.png?fit=640%2C78\" src=\"https:\/\/i0.wp.com\/forst.igbau.nrw\/wp-content\/uploads\/2019\/07\/bund_verlag.png?resize=640%2C78\" alt=\"\" class=\"wp-image-1059\" srcset=\"https:\/\/i0.wp.com\/forst.igbau.nrw\/wp-content\/uploads\/2019\/07\/bund_verlag.png?w=801 801w, https:\/\/i0.wp.com\/forst.igbau.nrw\/wp-content\/uploads\/2019\/07\/bund_verlag.png?resize=300%2C36 300w, https:\/\/i0.wp.com\/forst.igbau.nrw\/wp-content\/uploads\/2019\/07\/bund_verlag.png?resize=768%2C93 768w\" sizes=\"(max-width: 640px) 100vw, 640px\" \/><\/a><\/figure>\n\n\n\n<br>\n","protected":false},"excerpt":{"rendered":"<p>Nach 2018 kam es auch in 2019 bereits zu Beginn des Sommers erneut zu extremen Temperaturen weit \u00fcber 30 Grad die eine<\/p>\n<p class=\"link-more\"><a class=\"myButt \" href=\"http:\/\/forst.igbau.nrw\/?p=1058\">Weitere Infos &#8230;<\/a><\/p>\n","protected":false},"author":2,"featured_media":1061,"comment_status":"open","ping_status":"open","sticky":false,"template":"","format":"standard","meta":{"ngg_post_thumbnail":0,"jetpack_post_was_ever_published":false,"_jetpack_newsletter_access":"","_jetpack_dont_email_post_to_subs":false,"_jetpack_newsletter_tier_id":0,"_jetpack_memberships_contains_paywalled_content":false,"_jetpack_memberships_contains_paid_content":false,"footnotes":"","jetpack_publicize_message":"","jetpack_publicize_feature_enabled":true,"jetpack_social_post_already_shared":false,"jetpack_social_options":{"image_generator_settings":{"template":"highway","default_image_id":0,"font":"","enabled":false},"version":2}},"categories":[5],"tags":[],"class_list":["post-1058","post","type-post","status-publish","format-standard","has-post-thumbnail","hentry","category-forstwirtschaft"],"jetpack_publicize_connections":[],"jetpack_featured_media_url":"https:\/\/i0.wp.com\/forst.igbau.nrw\/wp-content\/uploads\/2019\/07\/P1020738.jpg?fit=4592%2C3448","jetpack_sharing_enabled":true,"jetpack_shortlink":"https:\/\/wp.me\/p8x7f7-h4","jetpack-related-posts":[],"_links":{"self":[{"href":"http:\/\/forst.igbau.nrw\/index.php?rest_route=\/wp\/v2\/posts\/1058","targetHints":{"allow":["GET"]}}],"collection":[{"href":"http:\/\/forst.igbau.nrw\/index.php?rest_route=\/wp\/v2\/posts"}],"about":[{"href":"http:\/\/forst.igbau.nrw\/index.php?rest_route=\/wp\/v2\/types\/post"}],"author":[{"embeddable":true,"href":"http:\/\/forst.igbau.nrw\/index.php?rest_route=\/wp\/v2\/users\/2"}],"replies":[{"embeddable":true,"href":"http:\/\/forst.igbau.nrw\/index.php?rest_route=%2Fwp%2Fv2%2Fcomments&post=1058"}],"version-history":[{"count":5,"href":"http:\/\/forst.igbau.nrw\/index.php?rest_route=\/wp\/v2\/posts\/1058\/revisions"}],"predecessor-version":[{"id":1076,"href":"http:\/\/forst.igbau.nrw\/index.php?rest_route=\/wp\/v2\/posts\/1058\/revisions\/1076"}],"wp:featuredmedia":[{"embeddable":true,"href":"http:\/\/forst.igbau.nrw\/index.php?rest_route=\/wp\/v2\/media\/1061"}],"wp:attachment":[{"href":"http:\/\/forst.igbau.nrw\/index.php?rest_route=%2Fwp%2Fv2%2Fmedia&parent=1058"}],"wp:term":[{"taxonomy":"category","embeddable":true,"href":"http:\/\/forst.igbau.nrw\/index.php?rest_route=%2Fwp%2Fv2%2Fcategories&post=1058"},{"taxonomy":"post_tag","embeddable":true,"href":"http:\/\/forst.igbau.nrw\/index.php?rest_route=%2Fwp%2Fv2%2Ftags&post=1058"}],"curies":[{"name":"wp","href":"https:\/\/api.w.org\/{rel}","templated":true}]}}