{"id":1065,"date":"2019-07-04T21:00:42","date_gmt":"2019-07-04T21:00:42","guid":{"rendered":"http:\/\/forst.igbau.nrw\/?p=1065"},"modified":"2019-07-05T08:48:26","modified_gmt":"2019-07-05T08:48:26","slug":"proholz-nrw","status":"publish","type":"post","link":"http:\/\/forst.igbau.nrw\/?p=1065","title":{"rendered":"ProHolz NRW"},"content":{"rendered":"\n<p>Am 24.06.2019 er\u00f6ffnete Frau Umweltministerin Ursula Heinen-Esser im D\u00fcsseldorfer Pr\u00e4sidentenschl\u00f6\u00dfchen der Bezirksregierung die Initiative proHolz.NRW. <\/p>\n\n\n\n<p>Ca. 100 Vertreter des Clusters Forst und Holz aus NRW und dem Bundesgebiet wurden \u00fcber den Start der Initiative und die Ergebnisse der vorab erstellten Clusterstudie von UNIQUE informiert.<\/p>\n\n\n\n<p>Als Impulsvortr\u00e4ge  f\u00fcr den Start der Nordrhein-Westf\u00e4lischen Clusterinitiative gab Prof. Dr. Hubert R\u00f6der seine Erfahrungen aus den bereits seit l\u00e4ngeren bestehenden Clusterprozess in Bayern wieder. F\u00fcr das Cluster it`s OWL erl\u00e4uterte Klaus-Peter Jansen die Erfahrungen der Clusterarbeit aus der Technologiebranche wieder.<\/p>\n\n\n\n<p>Die Veranstaltung fand bei extremen Temperaturen von weit \u00fcber 30 Grad statt und f\u00fchrte damit allen Teilnehmenden erneut vor Augen wie wichtig der Ausbau und die Verwendung des klimafreundlichen Rohstoffes Holz als Teil einer Reduktionsstrategie von C02 gerade auch in der Bauindustrie ist.<\/p>\n\n\n\n<p>Der erste Workshop dazu findet am 24.09.2019 in Olsberg statt und widmet sich dem Thema Nachwuchs, Besch\u00e4ftigung, Fachkr\u00e4fte \u2013 zukunftsorientierte Personalstrategien.<\/p>\n\n\n\n<p>Weiter Infos findet man auf der <a rel=\"noreferrer noopener\" aria-label=\"Internetpr\u00e4sentation des Clusters. (\u00f6ffnet in neuem Tab)\" href=\"https:\/\/proholz.nrw\" target=\"_blank\">Internetpr\u00e4sentation des Clusters.<\/a><\/p>\n\n\n\n<div class=\"wp-block-image\"><figure class=\"aligncenter is-resized\"><a href=\"https:\/\/proholz.nrw\" target=\"_blank\" rel=\"noreferrer noopener\"><img data-recalc-dims=\"1\" decoding=\"async\" data-attachment-id=\"1068\" data-permalink=\"http:\/\/forst.igbau.nrw\/?attachment_id=1068\" data-orig-file=\"https:\/\/i0.wp.com\/forst.igbau.nrw\/wp-content\/uploads\/2019\/07\/proHolz_nrw.png?fit=647%2C682\" data-orig-size=\"647,682\" data-comments-opened=\"1\" data-image-meta=\"{&quot;aperture&quot;:&quot;0&quot;,&quot;credit&quot;:&quot;&quot;,&quot;camera&quot;:&quot;&quot;,&quot;caption&quot;:&quot;&quot;,&quot;created_timestamp&quot;:&quot;0&quot;,&quot;copyright&quot;:&quot;&quot;,&quot;focal_length&quot;:&quot;0&quot;,&quot;iso&quot;:&quot;0&quot;,&quot;shutter_speed&quot;:&quot;0&quot;,&quot;title&quot;:&quot;&quot;,&quot;orientation&quot;:&quot;0&quot;}\" data-image-title=\"proHolz_nrw\" data-image-description=\"\" data-image-caption=\"\" data-large-file=\"https:\/\/i0.wp.com\/forst.igbau.nrw\/wp-content\/uploads\/2019\/07\/proHolz_nrw.png?fit=640%2C675\" src=\"https:\/\/i0.wp.com\/forst.igbau.nrw\/wp-content\/uploads\/2019\/07\/proHolz_nrw.png?resize=162%2C171\" alt=\"\" class=\"wp-image-1068\" width=\"162\" height=\"171\" srcset=\"https:\/\/i0.wp.com\/forst.igbau.nrw\/wp-content\/uploads\/2019\/07\/proHolz_nrw.png?w=647 647w, https:\/\/i0.wp.com\/forst.igbau.nrw\/wp-content\/uploads\/2019\/07\/proHolz_nrw.png?resize=285%2C300 285w\" sizes=\"(max-width: 162px) 100vw, 162px\" \/><\/a><\/figure><\/div>\n","protected":false},"excerpt":{"rendered":"<p>Am 24.06.2019 er\u00f6ffnete Frau Umweltministerin Ursula Heinen-Esser im D\u00fcsseldorfer Pr\u00e4sidentenschl\u00f6\u00dfchen der Bezirksregierung die Initiative proHolz.NRW. Ca. 100 Vertreter des Clusters Forst und<\/p>\n<p class=\"link-more\"><a class=\"myButt \" href=\"http:\/\/forst.igbau.nrw\/?p=1065\">Weitere Infos &#8230;<\/a><\/p>\n","protected":false},"author":2,"featured_media":1066,"comment_status":"open","ping_status":"open","sticky":false,"template":"","format":"standard","meta":{"ngg_post_thumbnail":0,"jetpack_post_was_ever_published":false,"_jetpack_newsletter_access":"","_jetpack_dont_email_post_to_subs":false,"_jetpack_newsletter_tier_id":0,"_jetpack_memberships_contains_paywalled_content":false,"_jetpack_memberships_contains_paid_content":false,"footnotes":"","jetpack_publicize_message":"","jetpack_publicize_feature_enabled":true,"jetpack_social_post_already_shared":false,"jetpack_social_options":{"image_generator_settings":{"template":"highway","default_image_id":0,"font":"","enabled":false},"version":2}},"categories":[5],"tags":[],"class_list":["post-1065","post","type-post","status-publish","format-standard","has-post-thumbnail","hentry","category-forstwirtschaft"],"jetpack_publicize_connections":[],"jetpack_featured_media_url":"https:\/\/i0.wp.com\/forst.igbau.nrw\/wp-content\/uploads\/2019\/07\/Cluster_ProHolz_2019_Du%CC%88sseldorf_01.jpg?fit=2016%2C1134","jetpack_sharing_enabled":true,"jetpack_shortlink":"https:\/\/wp.me\/p8x7f7-hb","jetpack-related-posts":[],"_links":{"self":[{"href":"http:\/\/forst.igbau.nrw\/index.php?rest_route=\/wp\/v2\/posts\/1065","targetHints":{"allow":["GET"]}}],"collection":[{"href":"http:\/\/forst.igbau.nrw\/index.php?rest_route=\/wp\/v2\/posts"}],"about":[{"href":"http:\/\/forst.igbau.nrw\/index.php?rest_route=\/wp\/v2\/types\/post"}],"author":[{"embeddable":true,"href":"http:\/\/forst.igbau.nrw\/index.php?rest_route=\/wp\/v2\/users\/2"}],"replies":[{"embeddable":true,"href":"http:\/\/forst.igbau.nrw\/index.php?rest_route=%2Fwp%2Fv2%2Fcomments&post=1065"}],"version-history":[{"count":2,"href":"http:\/\/forst.igbau.nrw\/index.php?rest_route=\/wp\/v2\/posts\/1065\/revisions"}],"predecessor-version":[{"id":1069,"href":"http:\/\/forst.igbau.nrw\/index.php?rest_route=\/wp\/v2\/posts\/1065\/revisions\/1069"}],"wp:featuredmedia":[{"embeddable":true,"href":"http:\/\/forst.igbau.nrw\/index.php?rest_route=\/wp\/v2\/media\/1066"}],"wp:attachment":[{"href":"http:\/\/forst.igbau.nrw\/index.php?rest_route=%2Fwp%2Fv2%2Fmedia&parent=1065"}],"wp:term":[{"taxonomy":"category","embeddable":true,"href":"http:\/\/forst.igbau.nrw\/index.php?rest_route=%2Fwp%2Fv2%2Fcategories&post=1065"},{"taxonomy":"post_tag","embeddable":true,"href":"http:\/\/forst.igbau.nrw\/index.php?rest_route=%2Fwp%2Fv2%2Ftags&post=1065"}],"curies":[{"name":"wp","href":"https:\/\/api.w.org\/{rel}","templated":true}]}}