{"id":1079,"date":"2019-07-06T07:38:05","date_gmt":"2019-07-06T07:38:05","guid":{"rendered":"http:\/\/forst.igbau.nrw\/?p=1079"},"modified":"2019-07-18T07:46:46","modified_gmt":"2019-07-18T07:46:46","slug":"kleine-anfrage-zum-einsatz-von-pflanzenschutzmitteln-im-wald","status":"publish","type":"post","link":"http:\/\/forst.igbau.nrw\/?p=1079","title":{"rendered":"Kleine Anfrage zum Einsatz von Pflanzenschutzmitteln im Wald."},"content":{"rendered":"\n<p>Die Frage des Abgeordneten Norwich R\u00fc\u00dfe von  B\u00dcNDNIS 90\/DIE GR\u00dcNEN an die Landesregierung lautet &#8222;Wie  reglementiert  die  Landesregierung  den  Einsatz  von  Pflanzenschutzmitteln  im Wald?&#8220;<\/p>\n\n\n\n<figure class=\"wp-block-image\"><a href=\"https:\/\/www.landtag.nrw.de\/Dokumentenservice\/portal\/WWW\/dokumentenarchiv\/Dokument\/MMD17-6808.pdf\" target=\"_blank\" rel=\"noreferrer noopener\"><img data-recalc-dims=\"1\" fetchpriority=\"high\" decoding=\"async\" width=\"568\" height=\"795\" data-attachment-id=\"1080\" data-permalink=\"http:\/\/forst.igbau.nrw\/?attachment_id=1080\" data-orig-file=\"https:\/\/i0.wp.com\/forst.igbau.nrw\/wp-content\/uploads\/2019\/07\/kleine_anfrage_gru%CC%88ne_psm_wald_2019_07.png?fit=568%2C795\" data-orig-size=\"568,795\" data-comments-opened=\"1\" data-image-meta=\"{&quot;aperture&quot;:&quot;0&quot;,&quot;credit&quot;:&quot;&quot;,&quot;camera&quot;:&quot;&quot;,&quot;caption&quot;:&quot;&quot;,&quot;created_timestamp&quot;:&quot;0&quot;,&quot;copyright&quot;:&quot;&quot;,&quot;focal_length&quot;:&quot;0&quot;,&quot;iso&quot;:&quot;0&quot;,&quot;shutter_speed&quot;:&quot;0&quot;,&quot;title&quot;:&quot;&quot;,&quot;orientation&quot;:&quot;0&quot;}\" data-image-title=\"kleine_anfrage_gru\u0308ne_psm_wald_2019_07\" data-image-description=\"\" data-image-caption=\"\" data-large-file=\"https:\/\/i0.wp.com\/forst.igbau.nrw\/wp-content\/uploads\/2019\/07\/kleine_anfrage_gru%CC%88ne_psm_wald_2019_07.png?fit=568%2C795\" src=\"https:\/\/i0.wp.com\/forst.igbau.nrw\/wp-content\/uploads\/2019\/07\/kleine_anfrage_gru%CC%88ne_psm_wald_2019_07.png?resize=568%2C795\" alt=\"\" class=\"wp-image-1080\" srcset=\"https:\/\/i0.wp.com\/forst.igbau.nrw\/wp-content\/uploads\/2019\/07\/kleine_anfrage_gru%CC%88ne_psm_wald_2019_07.png?w=568 568w, https:\/\/i0.wp.com\/forst.igbau.nrw\/wp-content\/uploads\/2019\/07\/kleine_anfrage_gru%CC%88ne_psm_wald_2019_07.png?resize=214%2C300 214w\" sizes=\"(max-width: 568px) 100vw, 568px\" \/><\/a><\/figure>\n","protected":false},"excerpt":{"rendered":"<p>Die Frage des Abgeordneten Norwich R\u00fc\u00dfe von B\u00dcNDNIS 90\/DIE GR\u00dcNEN an die Landesregierung lautet &#8222;Wie reglementiert die Landesregierung den Einsatz von Pflanzenschutzmitteln<\/p>\n<p class=\"link-more\"><a class=\"myButt \" href=\"http:\/\/forst.igbau.nrw\/?p=1079\">Weitere Infos &#8230;<\/a><\/p>\n","protected":false},"author":2,"featured_media":1084,"comment_status":"open","ping_status":"open","sticky":false,"template":"","format":"standard","meta":{"ngg_post_thumbnail":0,"jetpack_post_was_ever_published":false,"_jetpack_newsletter_access":"","_jetpack_dont_email_post_to_subs":false,"_jetpack_newsletter_tier_id":0,"_jetpack_memberships_contains_paywalled_content":false,"_jetpack_memberships_contains_paid_content":false,"footnotes":"","jetpack_publicize_message":"","jetpack_publicize_feature_enabled":true,"jetpack_social_post_already_shared":false,"jetpack_social_options":{"image_generator_settings":{"template":"highway","default_image_id":0,"font":"","enabled":false},"version":2}},"categories":[5],"tags":[],"class_list":["post-1079","post","type-post","status-publish","format-standard","has-post-thumbnail","hentry","category-forstwirtschaft"],"jetpack_publicize_connections":[],"jetpack_featured_media_url":"https:\/\/i0.wp.com\/forst.igbau.nrw\/wp-content\/uploads\/2019\/07\/Borkenka%CC%88fer_2018_15.jpg?fit=4592%2C3448","jetpack_sharing_enabled":true,"jetpack_shortlink":"https:\/\/wp.me\/p8x7f7-hp","jetpack-related-posts":[],"_links":{"self":[{"href":"http:\/\/forst.igbau.nrw\/index.php?rest_route=\/wp\/v2\/posts\/1079","targetHints":{"allow":["GET"]}}],"collection":[{"href":"http:\/\/forst.igbau.nrw\/index.php?rest_route=\/wp\/v2\/posts"}],"about":[{"href":"http:\/\/forst.igbau.nrw\/index.php?rest_route=\/wp\/v2\/types\/post"}],"author":[{"embeddable":true,"href":"http:\/\/forst.igbau.nrw\/index.php?rest_route=\/wp\/v2\/users\/2"}],"replies":[{"embeddable":true,"href":"http:\/\/forst.igbau.nrw\/index.php?rest_route=%2Fwp%2Fv2%2Fcomments&post=1079"}],"version-history":[{"count":2,"href":"http:\/\/forst.igbau.nrw\/index.php?rest_route=\/wp\/v2\/posts\/1079\/revisions"}],"predecessor-version":[{"id":1082,"href":"http:\/\/forst.igbau.nrw\/index.php?rest_route=\/wp\/v2\/posts\/1079\/revisions\/1082"}],"wp:featuredmedia":[{"embeddable":true,"href":"http:\/\/forst.igbau.nrw\/index.php?rest_route=\/wp\/v2\/media\/1084"}],"wp:attachment":[{"href":"http:\/\/forst.igbau.nrw\/index.php?rest_route=%2Fwp%2Fv2%2Fmedia&parent=1079"}],"wp:term":[{"taxonomy":"category","embeddable":true,"href":"http:\/\/forst.igbau.nrw\/index.php?rest_route=%2Fwp%2Fv2%2Fcategories&post=1079"},{"taxonomy":"post_tag","embeddable":true,"href":"http:\/\/forst.igbau.nrw\/index.php?rest_route=%2Fwp%2Fv2%2Ftags&post=1079"}],"curies":[{"name":"wp","href":"https:\/\/api.w.org\/{rel}","templated":true}]}}