{"id":1085,"date":"2019-07-24T22:40:41","date_gmt":"2019-07-24T22:40:41","guid":{"rendered":"http:\/\/forst.igbau.nrw\/?p=1085"},"modified":"2019-07-25T08:08:49","modified_gmt":"2019-07-25T08:08:49","slug":"klimaziele-2030-wege-zu-einer-nachhaltigen-reduktion-der-co2-emissionen-2019","status":"publish","type":"post","link":"http:\/\/forst.igbau.nrw\/?p=1085","title":{"rendered":"Klimaziele 2030: Wege zu einer nachhaltigen Reduktion der CO2-Emissionen (2019)"},"content":{"rendered":"\n<p>Die Akademie der Wissenschaften hat in einer Ad-hoc-Stellungnahme mit dem Titel \u201eKlimaziele 2030: Wege zu einer nachhaltigen Reduktion der CO\u2082-Emissionen\u201c ein Papier herausgegeben in dem Sofortma\u00dfnahmen zum Schutz des Klimas, die schnell sozialvertr\u00e4glich und innovationsf\u00f6rdernd Wirkung umgesetzt werden ver\u00f6ffentlicht.<\/p>\n\n\n\n<div class=\"wp-block-image\"><figure class=\"aligncenter\"><a href=\"https:\/\/www.leopoldina.org\/uploads\/tx_leopublication\/2019_Stellungnahme_Klimaziele_2030.pdf\" target=\"_blank\" rel=\"noreferrer noopener\"><img data-recalc-dims=\"1\" fetchpriority=\"high\" decoding=\"async\" width=\"217\" height=\"306\" data-attachment-id=\"1086\" data-permalink=\"http:\/\/forst.igbau.nrw\/?attachment_id=1086\" data-orig-file=\"https:\/\/i0.wp.com\/forst.igbau.nrw\/wp-content\/uploads\/2019\/07\/Screenshot-at-Jul-25-09-39-22.png?fit=217%2C306\" data-orig-size=\"217,306\" data-comments-opened=\"1\" data-image-meta=\"{&quot;aperture&quot;:&quot;0&quot;,&quot;credit&quot;:&quot;&quot;,&quot;camera&quot;:&quot;&quot;,&quot;caption&quot;:&quot;&quot;,&quot;created_timestamp&quot;:&quot;0&quot;,&quot;copyright&quot;:&quot;&quot;,&quot;focal_length&quot;:&quot;0&quot;,&quot;iso&quot;:&quot;0&quot;,&quot;shutter_speed&quot;:&quot;0&quot;,&quot;title&quot;:&quot;&quot;,&quot;orientation&quot;:&quot;0&quot;}\" data-image-title=\"Screenshot-at-Jul-25-09-39-22\" data-image-description=\"\" data-image-caption=\"\" data-large-file=\"https:\/\/i0.wp.com\/forst.igbau.nrw\/wp-content\/uploads\/2019\/07\/Screenshot-at-Jul-25-09-39-22.png?fit=217%2C306\" src=\"https:\/\/i0.wp.com\/forst.igbau.nrw\/wp-content\/uploads\/2019\/07\/Screenshot-at-Jul-25-09-39-22.png?resize=217%2C306\" alt=\"\" class=\"wp-image-1086\" srcset=\"https:\/\/i0.wp.com\/forst.igbau.nrw\/wp-content\/uploads\/2019\/07\/Screenshot-at-Jul-25-09-39-22.png?w=217 217w, https:\/\/i0.wp.com\/forst.igbau.nrw\/wp-content\/uploads\/2019\/07\/Screenshot-at-Jul-25-09-39-22.png?resize=213%2C300 213w\" sizes=\"(max-width: 217px) 100vw, 217px\" \/><\/a><\/figure><\/div>\n","protected":false},"excerpt":{"rendered":"<p>Die Akademie der Wissenschaften hat in einer Ad-hoc-Stellungnahme mit dem Titel \u201eKlimaziele 2030: Wege zu einer nachhaltigen Reduktion der CO\u2082-Emissionen\u201c ein Papier<\/p>\n<p class=\"link-more\"><a class=\"myButt \" href=\"http:\/\/forst.igbau.nrw\/?p=1085\">Weitere Infos &#8230;<\/a><\/p>\n","protected":false},"author":2,"featured_media":0,"comment_status":"open","ping_status":"open","sticky":false,"template":"","format":"standard","meta":{"ngg_post_thumbnail":0,"jetpack_post_was_ever_published":false,"_jetpack_newsletter_access":"","_jetpack_dont_email_post_to_subs":false,"_jetpack_newsletter_tier_id":0,"_jetpack_memberships_contains_paywalled_content":false,"_jetpack_memberships_contains_paid_content":false,"footnotes":"","jetpack_publicize_message":"","jetpack_publicize_feature_enabled":true,"jetpack_social_post_already_shared":false,"jetpack_social_options":{"image_generator_settings":{"template":"highway","default_image_id":0,"font":"","enabled":false},"version":2}},"categories":[5],"tags":[],"class_list":["post-1085","post","type-post","status-publish","format-standard","hentry","category-forstwirtschaft"],"jetpack_publicize_connections":[],"jetpack_featured_media_url":"","jetpack_sharing_enabled":true,"jetpack_shortlink":"https:\/\/wp.me\/p8x7f7-hv","jetpack-related-posts":[],"_links":{"self":[{"href":"http:\/\/forst.igbau.nrw\/index.php?rest_route=\/wp\/v2\/posts\/1085","targetHints":{"allow":["GET"]}}],"collection":[{"href":"http:\/\/forst.igbau.nrw\/index.php?rest_route=\/wp\/v2\/posts"}],"about":[{"href":"http:\/\/forst.igbau.nrw\/index.php?rest_route=\/wp\/v2\/types\/post"}],"author":[{"embeddable":true,"href":"http:\/\/forst.igbau.nrw\/index.php?rest_route=\/wp\/v2\/users\/2"}],"replies":[{"embeddable":true,"href":"http:\/\/forst.igbau.nrw\/index.php?rest_route=%2Fwp%2Fv2%2Fcomments&post=1085"}],"version-history":[{"count":2,"href":"http:\/\/forst.igbau.nrw\/index.php?rest_route=\/wp\/v2\/posts\/1085\/revisions"}],"predecessor-version":[{"id":1093,"href":"http:\/\/forst.igbau.nrw\/index.php?rest_route=\/wp\/v2\/posts\/1085\/revisions\/1093"}],"wp:attachment":[{"href":"http:\/\/forst.igbau.nrw\/index.php?rest_route=%2Fwp%2Fv2%2Fmedia&parent=1085"}],"wp:term":[{"taxonomy":"category","embeddable":true,"href":"http:\/\/forst.igbau.nrw\/index.php?rest_route=%2Fwp%2Fv2%2Fcategories&post=1085"},{"taxonomy":"post_tag","embeddable":true,"href":"http:\/\/forst.igbau.nrw\/index.php?rest_route=%2Fwp%2Fv2%2Ftags&post=1085"}],"curies":[{"name":"wp","href":"https:\/\/api.w.org\/{rel}","templated":true}]}}