{"id":1088,"date":"2019-07-25T07:30:40","date_gmt":"2019-07-25T07:30:40","guid":{"rendered":"http:\/\/forst.igbau.nrw\/?p=1088"},"modified":"2019-07-25T08:07:23","modified_gmt":"2019-07-25T08:07:23","slug":"bund-forderungen-zum-waldesterben-durch-die-klimakrise","status":"publish","type":"post","link":"http:\/\/forst.igbau.nrw\/?p=1088","title":{"rendered":"BUND Forderungen zum Waldsterben durch die Klimakrise"},"content":{"rendered":"\n<p>Der BUND hat auf Bundesebene gestern eine Pressemitteilung und damit verbunden ein Positionspapier ver\u00f6ffentlicht. Unter der \u00dcberschrift &#8222;Klima wirksam sch\u00fctzen, W\u00e4lder endlich umbauen, Holz schonend ernten&#8220;, fordert der BUND in 10 Punkten neben einer schnellen Umsetzungen einer effektiveren Klimapolitik eine Anpassung des Waldes und der Forstwirtschaft in Deutschland.<\/p>\n\n\n\n<div class=\"wp-block-image\"><figure class=\"aligncenter\"><a href=\"https:\/\/www.bund.net\/fileadmin\/user_upload_bund\/publikationen\/waelder\/bund_forderungspapier_waldsterben_durch_klimakrise.pdf\" target=\"_blank\" rel=\"noreferrer noopener\"><img data-recalc-dims=\"1\" fetchpriority=\"high\" decoding=\"async\" width=\"427\" height=\"594\" data-attachment-id=\"1089\" data-permalink=\"http:\/\/forst.igbau.nrw\/?attachment_id=1089\" data-orig-file=\"https:\/\/i0.wp.com\/forst.igbau.nrw\/wp-content\/uploads\/2019\/07\/Screenshot-at-Jul-25-09-57-58.png?fit=427%2C594\" data-orig-size=\"427,594\" data-comments-opened=\"1\" data-image-meta=\"{&quot;aperture&quot;:&quot;0&quot;,&quot;credit&quot;:&quot;&quot;,&quot;camera&quot;:&quot;&quot;,&quot;caption&quot;:&quot;&quot;,&quot;created_timestamp&quot;:&quot;0&quot;,&quot;copyright&quot;:&quot;&quot;,&quot;focal_length&quot;:&quot;0&quot;,&quot;iso&quot;:&quot;0&quot;,&quot;shutter_speed&quot;:&quot;0&quot;,&quot;title&quot;:&quot;&quot;,&quot;orientation&quot;:&quot;0&quot;}\" data-image-title=\"Screenshot-at-Jul-25-09-57-58\" data-image-description=\"\" data-image-caption=\"\" data-large-file=\"https:\/\/i0.wp.com\/forst.igbau.nrw\/wp-content\/uploads\/2019\/07\/Screenshot-at-Jul-25-09-57-58.png?fit=427%2C594\" src=\"https:\/\/i0.wp.com\/forst.igbau.nrw\/wp-content\/uploads\/2019\/07\/Screenshot-at-Jul-25-09-57-58.png?resize=427%2C594\" alt=\"\" class=\"wp-image-1089\" srcset=\"https:\/\/i0.wp.com\/forst.igbau.nrw\/wp-content\/uploads\/2019\/07\/Screenshot-at-Jul-25-09-57-58.png?w=427 427w, https:\/\/i0.wp.com\/forst.igbau.nrw\/wp-content\/uploads\/2019\/07\/Screenshot-at-Jul-25-09-57-58.png?resize=216%2C300 216w\" sizes=\"(max-width: 427px) 100vw, 427px\" \/><\/a><\/figure><\/div>\n","protected":false},"excerpt":{"rendered":"<p>Der BUND hat auf Bundesebene gestern eine Pressemitteilung und damit verbunden ein Positionspapier ver\u00f6ffentlicht. Unter der \u00dcberschrift &#8222;Klima wirksam sch\u00fctzen, W\u00e4lder endlich<\/p>\n<p class=\"link-more\"><a class=\"myButt \" href=\"http:\/\/forst.igbau.nrw\/?p=1088\">Weitere Infos &#8230;<\/a><\/p>\n","protected":false},"author":2,"featured_media":0,"comment_status":"open","ping_status":"open","sticky":false,"template":"","format":"standard","meta":{"ngg_post_thumbnail":0,"jetpack_post_was_ever_published":false,"_jetpack_newsletter_access":"","_jetpack_dont_email_post_to_subs":false,"_jetpack_newsletter_tier_id":0,"_jetpack_memberships_contains_paywalled_content":false,"_jetpack_memberships_contains_paid_content":false,"footnotes":"","jetpack_publicize_message":"","jetpack_publicize_feature_enabled":true,"jetpack_social_post_already_shared":false,"jetpack_social_options":{"image_generator_settings":{"template":"highway","default_image_id":0,"font":"","enabled":false},"version":2}},"categories":[5],"tags":[],"class_list":["post-1088","post","type-post","status-publish","format-standard","hentry","category-forstwirtschaft"],"jetpack_publicize_connections":[],"jetpack_featured_media_url":"","jetpack_sharing_enabled":true,"jetpack_shortlink":"https:\/\/wp.me\/p8x7f7-hy","jetpack-related-posts":[],"_links":{"self":[{"href":"http:\/\/forst.igbau.nrw\/index.php?rest_route=\/wp\/v2\/posts\/1088","targetHints":{"allow":["GET"]}}],"collection":[{"href":"http:\/\/forst.igbau.nrw\/index.php?rest_route=\/wp\/v2\/posts"}],"about":[{"href":"http:\/\/forst.igbau.nrw\/index.php?rest_route=\/wp\/v2\/types\/post"}],"author":[{"embeddable":true,"href":"http:\/\/forst.igbau.nrw\/index.php?rest_route=\/wp\/v2\/users\/2"}],"replies":[{"embeddable":true,"href":"http:\/\/forst.igbau.nrw\/index.php?rest_route=%2Fwp%2Fv2%2Fcomments&post=1088"}],"version-history":[{"count":3,"href":"http:\/\/forst.igbau.nrw\/index.php?rest_route=\/wp\/v2\/posts\/1088\/revisions"}],"predecessor-version":[{"id":1092,"href":"http:\/\/forst.igbau.nrw\/index.php?rest_route=\/wp\/v2\/posts\/1088\/revisions\/1092"}],"wp:attachment":[{"href":"http:\/\/forst.igbau.nrw\/index.php?rest_route=%2Fwp%2Fv2%2Fmedia&parent=1088"}],"wp:term":[{"taxonomy":"category","embeddable":true,"href":"http:\/\/forst.igbau.nrw\/index.php?rest_route=%2Fwp%2Fv2%2Fcategories&post=1088"},{"taxonomy":"post_tag","embeddable":true,"href":"http:\/\/forst.igbau.nrw\/index.php?rest_route=%2Fwp%2Fv2%2Ftags&post=1088"}],"curies":[{"name":"wp","href":"https:\/\/api.w.org\/{rel}","templated":true}]}}