{"id":1095,"date":"2019-07-29T22:51:22","date_gmt":"2019-07-29T22:51:22","guid":{"rendered":"http:\/\/forst.igbau.nrw\/?p=1095"},"modified":"2019-08-02T08:44:31","modified_gmt":"2019-08-02T08:44:31","slug":"thomas-kutschaty-spd-im-austausch-mit-der-ig-bau","status":"publish","type":"post","link":"http:\/\/forst.igbau.nrw\/?p=1095","title":{"rendered":"Thomas Kutschaty SPD im Austausch mit der IG BAU"},"content":{"rendered":"\n<p>Heute Nachmittag informierte sich der SPD Landtagsabgeordnete und derzeitige Oppositionsf\u00fchrer im&nbsp;Landtag von Nordrhein-Westfalen Thomas Kutschaty in Begleitung von Peter Marchlewski im Rahmen eines Waldspazierganges mit der Landesvertretung der IG BAU \u00fcber die aktuelle Schadenssituation im Wald. Die Kollegen Marc Redemann und Peter Wicke erl\u00e4uterten in einer 1,5 st\u00fcndigen Tour durch das Siebengebirge bis hinauf zum Oelberg die zum Teil katastrophalen Entwicklungen im Wald. Selbst auf dieser kurzen Wegstrecke konnten anhand von Fichten mit massiven Befall durch Borkenk\u00e4fer, Buchen mit Trockensch\u00e4den, Eschen mit Anzeichen des Triebsterbens und befallene L\u00e4rchen die vielf\u00e4ltigen Schadbilder plastisch dargestellt werden.<\/p>\n\n\n\n<div class=\"wp-block-image\"><figure class=\"aligncenter\"><img data-recalc-dims=\"1\" fetchpriority=\"high\" decoding=\"async\" width=\"640\" height=\"480\" data-attachment-id=\"1097\" data-permalink=\"http:\/\/forst.igbau.nrw\/?attachment_id=1097\" data-orig-file=\"https:\/\/i0.wp.com\/forst.igbau.nrw\/wp-content\/uploads\/2019\/08\/IGBAU_SPD_Kutschaty_2019_07_29_02.jpg?fit=3232%2C2424\" data-orig-size=\"3232,2424\" data-comments-opened=\"1\" data-image-meta=\"{&quot;aperture&quot;:&quot;9&quot;,&quot;credit&quot;:&quot;&quot;,&quot;camera&quot;:&quot;DMC-G81&quot;,&quot;caption&quot;:&quot;&quot;,&quot;created_timestamp&quot;:&quot;1564409370&quot;,&quot;copyright&quot;:&quot;&quot;,&quot;focal_length&quot;:&quot;18&quot;,&quot;iso&quot;:&quot;200&quot;,&quot;shutter_speed&quot;:&quot;0.002&quot;,&quot;title&quot;:&quot;&quot;,&quot;orientation&quot;:&quot;1&quot;}\" data-image-title=\"IGBAU_SPD_Kutschaty_2019_07_29_02\" data-image-description=\"\" data-image-caption=\"\" data-large-file=\"https:\/\/i0.wp.com\/forst.igbau.nrw\/wp-content\/uploads\/2019\/08\/IGBAU_SPD_Kutschaty_2019_07_29_02.jpg?fit=640%2C480\" src=\"https:\/\/i0.wp.com\/forst.igbau.nrw\/wp-content\/uploads\/2019\/08\/IGBAU_SPD_Kutschaty_2019_07_29_02.jpg?resize=640%2C480\" alt=\"\" class=\"wp-image-1097\" srcset=\"https:\/\/i0.wp.com\/forst.igbau.nrw\/wp-content\/uploads\/2019\/08\/IGBAU_SPD_Kutschaty_2019_07_29_02.jpg?resize=1024%2C768 1024w, https:\/\/i0.wp.com\/forst.igbau.nrw\/wp-content\/uploads\/2019\/08\/IGBAU_SPD_Kutschaty_2019_07_29_02.jpg?resize=300%2C225 300w, https:\/\/i0.wp.com\/forst.igbau.nrw\/wp-content\/uploads\/2019\/08\/IGBAU_SPD_Kutschaty_2019_07_29_02.jpg?resize=768%2C576 768w, https:\/\/i0.wp.com\/forst.igbau.nrw\/wp-content\/uploads\/2019\/08\/IGBAU_SPD_Kutschaty_2019_07_29_02.jpg?w=1280 1280w, https:\/\/i0.wp.com\/forst.igbau.nrw\/wp-content\/uploads\/2019\/08\/IGBAU_SPD_Kutschaty_2019_07_29_02.jpg?w=1920 1920w\" sizes=\"(max-width: 640px) 100vw, 640px\" \/><figcaption>Marc Redemann, Thomas Kutschaty auf dem Oelberg mit Blick auf den Wald und den Rhein<\/figcaption><\/figure><\/div>\n\n\n\n<p>Gerade in den Steillagen rund um den Oelberg konnte erl\u00e4utert werden welche Herausforderungen ein Waldumbau und der Erhalt des Waldes vor allem auch f\u00fcr das Forstpersonal bedeutet. Und er konnte sehr gut nachvollziehen das die Forderungen der IG BAU nach einer unbedingten Aufstockung von Qualifizierten Besch\u00e4ftigten im Wald eine erforderliche Notwendigkeit ist.<\/p>\n\n\n\n<p>Zum Schluss des Termines wurde durch die Landesvertretung noch einmal bekr\u00e4ftigt das dieser Termin nur der Auftakt sei kann und das der Erhalt des Waldes eine Generationverpflichtung darstellt die nur mit einer Gesamtgesellschaftlichen Unterst\u00fctzung zu stemmen ist.<\/p>\n\n\n\n<figure class=\"wp-block-image\"><img data-recalc-dims=\"1\" decoding=\"async\" width=\"640\" height=\"480\" data-attachment-id=\"1096\" data-permalink=\"http:\/\/forst.igbau.nrw\/?attachment_id=1096\" data-orig-file=\"https:\/\/i0.wp.com\/forst.igbau.nrw\/wp-content\/uploads\/2019\/08\/SPD_Kutschaty_Redemann_Wicke_IGBAU.jpeg?fit=4032%2C3024\" data-orig-size=\"4032,3024\" data-comments-opened=\"1\" data-image-meta=\"{&quot;aperture&quot;:&quot;0&quot;,&quot;credit&quot;:&quot;&quot;,&quot;camera&quot;:&quot;&quot;,&quot;caption&quot;:&quot;&quot;,&quot;created_timestamp&quot;:&quot;0&quot;,&quot;copyright&quot;:&quot;&quot;,&quot;focal_length&quot;:&quot;0&quot;,&quot;iso&quot;:&quot;0&quot;,&quot;shutter_speed&quot;:&quot;0&quot;,&quot;title&quot;:&quot;&quot;,&quot;orientation&quot;:&quot;1&quot;}\" data-image-title=\"SPD_Kutschaty_Redemann_Wicke_IGBAU\" data-image-description=\"\" data-image-caption=\"\" data-large-file=\"https:\/\/i0.wp.com\/forst.igbau.nrw\/wp-content\/uploads\/2019\/08\/SPD_Kutschaty_Redemann_Wicke_IGBAU.jpeg?fit=640%2C480\" src=\"https:\/\/i0.wp.com\/forst.igbau.nrw\/wp-content\/uploads\/2019\/08\/SPD_Kutschaty_Redemann_Wicke_IGBAU.jpeg?resize=640%2C480\" alt=\"\" class=\"wp-image-1096\" srcset=\"https:\/\/i0.wp.com\/forst.igbau.nrw\/wp-content\/uploads\/2019\/08\/SPD_Kutschaty_Redemann_Wicke_IGBAU.jpeg?resize=1024%2C768 1024w, https:\/\/i0.wp.com\/forst.igbau.nrw\/wp-content\/uploads\/2019\/08\/SPD_Kutschaty_Redemann_Wicke_IGBAU.jpeg?resize=300%2C225 300w, https:\/\/i0.wp.com\/forst.igbau.nrw\/wp-content\/uploads\/2019\/08\/SPD_Kutschaty_Redemann_Wicke_IGBAU.jpeg?resize=768%2C576 768w, https:\/\/i0.wp.com\/forst.igbau.nrw\/wp-content\/uploads\/2019\/08\/SPD_Kutschaty_Redemann_Wicke_IGBAU.jpeg?w=1280 1280w, https:\/\/i0.wp.com\/forst.igbau.nrw\/wp-content\/uploads\/2019\/08\/SPD_Kutschaty_Redemann_Wicke_IGBAU.jpeg?w=1920 1920w\" sizes=\"(max-width: 640px) 100vw, 640px\" \/><figcaption>Achim Bloink, Peter Wicke, Thomas Kutschaty, Marc Redemann<\/figcaption><\/figure>\n\n\n\n<br>\n\n\n\n<br>\n\n\n\n<p><br><\/p>\n","protected":false},"excerpt":{"rendered":"<p>Heute Nachmittag informierte sich der SPD Landtagsabgeordnete und derzeitige Oppositionsf\u00fchrer im&nbsp;Landtag von Nordrhein-Westfalen Thomas Kutschaty in Begleitung von Peter Marchlewski im Rahmen<\/p>\n<p class=\"link-more\"><a class=\"myButt \" href=\"http:\/\/forst.igbau.nrw\/?p=1095\">Weitere Infos &#8230;<\/a><\/p>\n","protected":false},"author":2,"featured_media":1096,"comment_status":"open","ping_status":"open","sticky":false,"template":"","format":"standard","meta":{"ngg_post_thumbnail":0,"jetpack_post_was_ever_published":false,"_jetpack_newsletter_access":"","_jetpack_dont_email_post_to_subs":false,"_jetpack_newsletter_tier_id":0,"_jetpack_memberships_contains_paywalled_content":false,"_jetpack_memberships_contains_paid_content":false,"footnotes":"","jetpack_publicize_message":"","jetpack_publicize_feature_enabled":true,"jetpack_social_post_already_shared":false,"jetpack_social_options":{"image_generator_settings":{"template":"highway","default_image_id":0,"font":"","enabled":false},"version":2}},"categories":[5],"tags":[],"class_list":["post-1095","post","type-post","status-publish","format-standard","has-post-thumbnail","hentry","category-forstwirtschaft"],"jetpack_publicize_connections":[],"jetpack_featured_media_url":"https:\/\/i0.wp.com\/forst.igbau.nrw\/wp-content\/uploads\/2019\/08\/SPD_Kutschaty_Redemann_Wicke_IGBAU.jpeg?fit=4032%2C3024","jetpack_sharing_enabled":true,"jetpack_shortlink":"https:\/\/wp.me\/p8x7f7-hF","jetpack-related-posts":[],"_links":{"self":[{"href":"http:\/\/forst.igbau.nrw\/index.php?rest_route=\/wp\/v2\/posts\/1095","targetHints":{"allow":["GET"]}}],"collection":[{"href":"http:\/\/forst.igbau.nrw\/index.php?rest_route=\/wp\/v2\/posts"}],"about":[{"href":"http:\/\/forst.igbau.nrw\/index.php?rest_route=\/wp\/v2\/types\/post"}],"author":[{"embeddable":true,"href":"http:\/\/forst.igbau.nrw\/index.php?rest_route=\/wp\/v2\/users\/2"}],"replies":[{"embeddable":true,"href":"http:\/\/forst.igbau.nrw\/index.php?rest_route=%2Fwp%2Fv2%2Fcomments&post=1095"}],"version-history":[{"count":5,"href":"http:\/\/forst.igbau.nrw\/index.php?rest_route=\/wp\/v2\/posts\/1095\/revisions"}],"predecessor-version":[{"id":1117,"href":"http:\/\/forst.igbau.nrw\/index.php?rest_route=\/wp\/v2\/posts\/1095\/revisions\/1117"}],"wp:featuredmedia":[{"embeddable":true,"href":"http:\/\/forst.igbau.nrw\/index.php?rest_route=\/wp\/v2\/media\/1096"}],"wp:attachment":[{"href":"http:\/\/forst.igbau.nrw\/index.php?rest_route=%2Fwp%2Fv2%2Fmedia&parent=1095"}],"wp:term":[{"taxonomy":"category","embeddable":true,"href":"http:\/\/forst.igbau.nrw\/index.php?rest_route=%2Fwp%2Fv2%2Fcategories&post=1095"},{"taxonomy":"post_tag","embeddable":true,"href":"http:\/\/forst.igbau.nrw\/index.php?rest_route=%2Fwp%2Fv2%2Ftags&post=1095"}],"curies":[{"name":"wp","href":"https:\/\/api.w.org\/{rel}","templated":true}]}}