{"id":1137,"date":"2019-08-08T22:25:20","date_gmt":"2019-08-08T22:25:20","guid":{"rendered":"http:\/\/forst.igbau.nrw\/?p=1137"},"modified":"2019-08-09T10:50:10","modified_gmt":"2019-08-09T10:50:10","slug":"ortstermin-mit-den-gruenen","status":"publish","type":"post","link":"http:\/\/forst.igbau.nrw\/?p=1137","title":{"rendered":"Ortstermin mit den Gr\u00fcnen"},"content":{"rendered":"\n<p>In dieser Woche bot die Landesvertretung der IGBAU in NRW am Sch\u00f6ppinger Berg einen Ortstermin an, an dem Mitglieder des Kreistages sowie Kreisvorstandsmitglieder der Gr\u00fcnen und der Landtagsabgeordnete Norwich R\u00fc\u00dfe teilgenommen haben. Im Rahmen eines 2 st\u00fcndigen Rundkurses am Sch\u00f6ppinger Berg konnten sich die Teilnehmenden die aktuelle Situation im Wald erl\u00e4utern lassen. \u00dcber die katastrophale Lage in den Fichtenbest\u00e4nden sowie der noch nicht abzusch\u00e4tzenden besorgniserregenden Entwicklungen in der Buche, bis hin zum Anbau von nicht heimischen Baumarten wurde nahezu die gesamte Bandbreite der derzeitigen Folgen der D\u00fcrre im Wald angesprochen. Auch auf die m\u00f6glichen Entwicklungen im Zuge der durch den Klimawandel zu erwartenden Temperatur und Niederschlagsverh\u00e4ltnisse wurden diskutiert.<\/p>\n\n\n\n<p>Anbei auch der dazugeh\u00f6rige Artikel aus der WN.<\/p>\n\n\n\n<div class=\"wp-block-image\"><figure class=\"aligncenter\"><a href=\"https:\/\/i0.wp.com\/forst.igbau.nrw\/wp-content\/uploads\/2019\/08\/26caeff2-79e9-42d2-ab77-8a11925d165e.jpg\" target=\"_blank\" rel=\"noreferrer noopener\"><img data-recalc-dims=\"1\" fetchpriority=\"high\" decoding=\"async\" width=\"640\" height=\"353\" data-attachment-id=\"1139\" data-permalink=\"http:\/\/forst.igbau.nrw\/?attachment_id=1139\" data-orig-file=\"https:\/\/i0.wp.com\/forst.igbau.nrw\/wp-content\/uploads\/2019\/08\/26caeff2-79e9-42d2-ab77-8a11925d165e.jpg?fit=988%2C545\" data-orig-size=\"988,545\" data-comments-opened=\"1\" data-image-meta=\"{&quot;aperture&quot;:&quot;0&quot;,&quot;credit&quot;:&quot;&quot;,&quot;camera&quot;:&quot;&quot;,&quot;caption&quot;:&quot;&quot;,&quot;created_timestamp&quot;:&quot;0&quot;,&quot;copyright&quot;:&quot;&quot;,&quot;focal_length&quot;:&quot;0&quot;,&quot;iso&quot;:&quot;0&quot;,&quot;shutter_speed&quot;:&quot;0&quot;,&quot;title&quot;:&quot;&quot;,&quot;orientation&quot;:&quot;0&quot;}\" data-image-title=\"26caeff2-79e9-42d2-ab77-8a11925d165e\" data-image-description=\"\" data-image-caption=\"\" data-large-file=\"https:\/\/i0.wp.com\/forst.igbau.nrw\/wp-content\/uploads\/2019\/08\/26caeff2-79e9-42d2-ab77-8a11925d165e.jpg?fit=640%2C353\" src=\"https:\/\/i0.wp.com\/forst.igbau.nrw\/wp-content\/uploads\/2019\/08\/26caeff2-79e9-42d2-ab77-8a11925d165e.jpg?resize=640%2C353\" alt=\"\" class=\"wp-image-1139\" srcset=\"https:\/\/i0.wp.com\/forst.igbau.nrw\/wp-content\/uploads\/2019\/08\/26caeff2-79e9-42d2-ab77-8a11925d165e.jpg?w=988 988w, https:\/\/i0.wp.com\/forst.igbau.nrw\/wp-content\/uploads\/2019\/08\/26caeff2-79e9-42d2-ab77-8a11925d165e.jpg?resize=300%2C165 300w, https:\/\/i0.wp.com\/forst.igbau.nrw\/wp-content\/uploads\/2019\/08\/26caeff2-79e9-42d2-ab77-8a11925d165e.jpg?resize=768%2C424 768w\" sizes=\"(max-width: 640px) 100vw, 640px\" \/><\/a><\/figure><\/div>\n","protected":false},"excerpt":{"rendered":"<p>In dieser Woche bot die Landesvertretung der IGBAU in NRW am Sch\u00f6ppinger Berg einen Ortstermin an, an dem Mitglieder des Kreistages sowie<\/p>\n<p class=\"link-more\"><a class=\"myButt \" href=\"http:\/\/forst.igbau.nrw\/?p=1137\">Weitere Infos &#8230;<\/a><\/p>\n","protected":false},"author":2,"featured_media":1138,"comment_status":"open","ping_status":"open","sticky":false,"template":"","format":"standard","meta":{"ngg_post_thumbnail":0,"jetpack_post_was_ever_published":false,"_jetpack_newsletter_access":"","_jetpack_dont_email_post_to_subs":false,"_jetpack_newsletter_tier_id":0,"_jetpack_memberships_contains_paywalled_content":false,"_jetpack_memberships_contains_paid_content":false,"footnotes":"","jetpack_publicize_message":"","jetpack_publicize_feature_enabled":true,"jetpack_social_post_already_shared":false,"jetpack_social_options":{"image_generator_settings":{"template":"highway","default_image_id":0,"font":"","enabled":false},"version":2}},"categories":[5],"tags":[],"class_list":["post-1137","post","type-post","status-publish","format-standard","has-post-thumbnail","hentry","category-forstwirtschaft"],"jetpack_publicize_connections":[],"jetpack_featured_media_url":"https:\/\/i0.wp.com\/forst.igbau.nrw\/wp-content\/uploads\/2019\/08\/233E1E1F-D5C2-45E7-9367-186FAFE451A0.jpeg?fit=4032%2C3024","jetpack_sharing_enabled":true,"jetpack_shortlink":"https:\/\/wp.me\/p8x7f7-il","jetpack-related-posts":[],"_links":{"self":[{"href":"http:\/\/forst.igbau.nrw\/index.php?rest_route=\/wp\/v2\/posts\/1137","targetHints":{"allow":["GET"]}}],"collection":[{"href":"http:\/\/forst.igbau.nrw\/index.php?rest_route=\/wp\/v2\/posts"}],"about":[{"href":"http:\/\/forst.igbau.nrw\/index.php?rest_route=\/wp\/v2\/types\/post"}],"author":[{"embeddable":true,"href":"http:\/\/forst.igbau.nrw\/index.php?rest_route=\/wp\/v2\/users\/2"}],"replies":[{"embeddable":true,"href":"http:\/\/forst.igbau.nrw\/index.php?rest_route=%2Fwp%2Fv2%2Fcomments&post=1137"}],"version-history":[{"count":2,"href":"http:\/\/forst.igbau.nrw\/index.php?rest_route=\/wp\/v2\/posts\/1137\/revisions"}],"predecessor-version":[{"id":1141,"href":"http:\/\/forst.igbau.nrw\/index.php?rest_route=\/wp\/v2\/posts\/1137\/revisions\/1141"}],"wp:featuredmedia":[{"embeddable":true,"href":"http:\/\/forst.igbau.nrw\/index.php?rest_route=\/wp\/v2\/media\/1138"}],"wp:attachment":[{"href":"http:\/\/forst.igbau.nrw\/index.php?rest_route=%2Fwp%2Fv2%2Fmedia&parent=1137"}],"wp:term":[{"taxonomy":"category","embeddable":true,"href":"http:\/\/forst.igbau.nrw\/index.php?rest_route=%2Fwp%2Fv2%2Fcategories&post=1137"},{"taxonomy":"post_tag","embeddable":true,"href":"http:\/\/forst.igbau.nrw\/index.php?rest_route=%2Fwp%2Fv2%2Ftags&post=1137"}],"curies":[{"name":"wp","href":"https:\/\/api.w.org\/{rel}","templated":true}]}}