{"id":1156,"date":"2019-09-24T22:36:33","date_gmt":"2019-09-24T22:36:33","guid":{"rendered":"http:\/\/forst.igbau.nrw\/?p=1156"},"modified":"2019-09-26T07:24:18","modified_gmt":"2019-09-26T07:24:18","slug":"landesregierung-zur-auswaertigen-kabinettklausur-im-sauerland","status":"publish","type":"post","link":"http:\/\/forst.igbau.nrw\/?p=1156","title":{"rendered":"Landesregierung zur ausw\u00e4rtigen Kabinettklausur im Sauerland."},"content":{"rendered":"\n<p>Ministerpr\u00e4sident Laschet lud am 24.09. die Verb\u00e4nde und Interessenvertretungen zu einem Gedankenaustausch zur aktuellen Situation im Wald in NRW ein. <\/p>\n\n\n\n<br>\n\n\n\n<p>In einer <a href=\"https:\/\/www.umwelt.nrw.de\/presse\/detail\/news\/2019-09-24-nrw-programm-der-landesregierung-fuer-die-zukunft-des-waldes\/\" target=\"_blank\" rel=\"noreferrer noopener\" aria-label=\"kleinen Runde bestand die M\u00f6glichkeit mit dem Ministerpr\u00e4sidenten und den anwesenden Ministerinnen Frau Heinen-Esser und Frau Schnarrenbach (\u00f6ffnet in neuem Tab)\">kleinen Runde bestand die M\u00f6glichkeit mit dem Ministerpr\u00e4sidenten und den anwesenden Ministerinnen Frau Heinen-Esser und Frau Schnarrenbach<\/a> die f\u00fcr die jeweiligen Interessenvertretungen wichtigen Themen zu er\u00f6rtern. Die Landesvertretung der IGBAU nutzte die M\u00f6glichkeit noch einmal um eine Stellungnahme der Landesregierung zum durch die Verb\u00e4nde erarbeiteten Waldpakt zu bekommen. Dazu \u00e4u\u00dferte sich die Landesregierung dass dieser Punkt im November anl\u00e4sslich des geplanten Waldkongresses geschehen soll.<\/p>\n\n\n\n<figure class=\"wp-block-image\"><img data-recalc-dims=\"1\" fetchpriority=\"high\" decoding=\"async\" width=\"640\" height=\"506\" data-attachment-id=\"1157\" data-permalink=\"http:\/\/forst.igbau.nrw\/?attachment_id=1157\" data-orig-file=\"https:\/\/i0.wp.com\/forst.igbau.nrw\/wp-content\/uploads\/2019\/09\/IMG_2343.jpg?fit=3261%2C2575\" data-orig-size=\"3261,2575\" data-comments-opened=\"1\" data-image-meta=\"{&quot;aperture&quot;:&quot;2.2&quot;,&quot;credit&quot;:&quot;&quot;,&quot;camera&quot;:&quot;iPhone SE&quot;,&quot;caption&quot;:&quot;&quot;,&quot;created_timestamp&quot;:&quot;1569325120&quot;,&quot;copyright&quot;:&quot;&quot;,&quot;focal_length&quot;:&quot;4.15&quot;,&quot;iso&quot;:&quot;250&quot;,&quot;shutter_speed&quot;:&quot;0.058823529411765&quot;,&quot;title&quot;:&quot;&quot;,&quot;orientation&quot;:&quot;0&quot;}\" data-image-title=\"IMG_2343\" data-image-description=\"\" data-image-caption=\"\" data-large-file=\"https:\/\/i0.wp.com\/forst.igbau.nrw\/wp-content\/uploads\/2019\/09\/IMG_2343.jpg?fit=640%2C506\" src=\"https:\/\/i0.wp.com\/forst.igbau.nrw\/wp-content\/uploads\/2019\/09\/IMG_2343.jpg?resize=640%2C506\" alt=\"\" class=\"wp-image-1157\" srcset=\"https:\/\/i0.wp.com\/forst.igbau.nrw\/wp-content\/uploads\/2019\/09\/IMG_2343.jpg?resize=1024%2C809 1024w, https:\/\/i0.wp.com\/forst.igbau.nrw\/wp-content\/uploads\/2019\/09\/IMG_2343.jpg?resize=300%2C237 300w, https:\/\/i0.wp.com\/forst.igbau.nrw\/wp-content\/uploads\/2019\/09\/IMG_2343.jpg?resize=768%2C606 768w, https:\/\/i0.wp.com\/forst.igbau.nrw\/wp-content\/uploads\/2019\/09\/IMG_2343.jpg?w=1280 1280w, https:\/\/i0.wp.com\/forst.igbau.nrw\/wp-content\/uploads\/2019\/09\/IMG_2343.jpg?w=1920 1920w\" sizes=\"(max-width: 640px) 100vw, 640px\" \/><\/figure>\n\n\n\n<p>Au\u00dferdem best\u00e4rkte die Landesvertretung das insbesondere  \u201emehr qualifiziertes Personal\u201c ben\u00f6tigt wird um alle beabsichtigten und erforderlichen Ma\u00dfnahmen im Wald umzusetzen . Dieser Punkt fand eine mehrheitliche Unterst\u00fctzung der Anwesenden.<\/p>\n\n\n\n<p>Im Termin k\u00fcndigte Ministerpr\u00e4sident Laschet die Ver\u00f6ffentlichung einer <a rel=\"noreferrer noopener\" aria-label=\"Schmallenberger Erkl\u00e4rung (\u00f6ffnet in neuem Tab)\" href=\"http:\/\/forst.igbau.nrw\/wp-content\/uploads\/2019\/09\/Schmallenberger_Erklaerung_NRW.pdf\" target=\"_blank\">Schmallenberger Erkl\u00e4rung<\/a> an, diese soll zum Thema Wald im Klimastress f\u00fcr den morgigen Waldgipfel in Berlin genutzt werden.<\/p>\n\n\n\n<p>Ausdr\u00fccklich weist an dieser Stelle die <a rel=\"noreferrer noopener\" aria-label=\"IGBAU auf ihr bestehendes Positionspapier (\u00f6ffnet in neuem Tab)\" href=\"https:\/\/igbau.de\/Binaries\/Binary13042\/Positionspapier-Wald-in-Not.pdf\" target=\"_blank\">IGBAU auf ihr bestehendes Positionspapier<\/a> hin.<\/p>\n","protected":false},"excerpt":{"rendered":"<p>Ministerpr\u00e4sident Laschet lud am 24.09. die Verb\u00e4nde und Interessenvertretungen zu einem Gedankenaustausch zur aktuellen Situation im Wald in NRW ein. In einer<\/p>\n<p class=\"link-more\"><a class=\"myButt \" href=\"http:\/\/forst.igbau.nrw\/?p=1156\">Weitere Infos &#8230;<\/a><\/p>\n","protected":false},"author":2,"featured_media":1017,"comment_status":"open","ping_status":"open","sticky":false,"template":"","format":"standard","meta":{"ngg_post_thumbnail":0,"jetpack_post_was_ever_published":false,"_jetpack_newsletter_access":"","_jetpack_dont_email_post_to_subs":false,"_jetpack_newsletter_tier_id":0,"_jetpack_memberships_contains_paywalled_content":false,"_jetpack_memberships_contains_paid_content":false,"footnotes":"","jetpack_publicize_message":"","jetpack_publicize_feature_enabled":true,"jetpack_social_post_already_shared":false,"jetpack_social_options":{"image_generator_settings":{"template":"highway","default_image_id":0,"font":"","enabled":false},"version":2}},"categories":[5],"tags":[],"class_list":["post-1156","post","type-post","status-publish","format-standard","has-post-thumbnail","hentry","category-forstwirtschaft"],"jetpack_publicize_connections":[],"jetpack_featured_media_url":"https:\/\/i0.wp.com\/forst.igbau.nrw\/wp-content\/uploads\/2019\/05\/Waldpru%CC%88fung_Borkenka%CC%88fer_2018_29.jpg?fit=2296%2C1724","jetpack_sharing_enabled":true,"jetpack_shortlink":"https:\/\/wp.me\/p8x7f7-iE","jetpack-related-posts":[],"_links":{"self":[{"href":"http:\/\/forst.igbau.nrw\/index.php?rest_route=\/wp\/v2\/posts\/1156","targetHints":{"allow":["GET"]}}],"collection":[{"href":"http:\/\/forst.igbau.nrw\/index.php?rest_route=\/wp\/v2\/posts"}],"about":[{"href":"http:\/\/forst.igbau.nrw\/index.php?rest_route=\/wp\/v2\/types\/post"}],"author":[{"embeddable":true,"href":"http:\/\/forst.igbau.nrw\/index.php?rest_route=\/wp\/v2\/users\/2"}],"replies":[{"embeddable":true,"href":"http:\/\/forst.igbau.nrw\/index.php?rest_route=%2Fwp%2Fv2%2Fcomments&post=1156"}],"version-history":[{"count":7,"href":"http:\/\/forst.igbau.nrw\/index.php?rest_route=\/wp\/v2\/posts\/1156\/revisions"}],"predecessor-version":[{"id":1166,"href":"http:\/\/forst.igbau.nrw\/index.php?rest_route=\/wp\/v2\/posts\/1156\/revisions\/1166"}],"wp:featuredmedia":[{"embeddable":true,"href":"http:\/\/forst.igbau.nrw\/index.php?rest_route=\/wp\/v2\/media\/1017"}],"wp:attachment":[{"href":"http:\/\/forst.igbau.nrw\/index.php?rest_route=%2Fwp%2Fv2%2Fmedia&parent=1156"}],"wp:term":[{"taxonomy":"category","embeddable":true,"href":"http:\/\/forst.igbau.nrw\/index.php?rest_route=%2Fwp%2Fv2%2Fcategories&post=1156"},{"taxonomy":"post_tag","embeddable":true,"href":"http:\/\/forst.igbau.nrw\/index.php?rest_route=%2Fwp%2Fv2%2Ftags&post=1156"}],"curies":[{"name":"wp","href":"https:\/\/api.w.org\/{rel}","templated":true}]}}