{"id":1167,"date":"2019-09-28T10:45:25","date_gmt":"2019-09-28T10:45:25","guid":{"rendered":"http:\/\/forst.igbau.nrw\/?p=1167"},"modified":"2019-09-30T08:09:31","modified_gmt":"2019-09-30T08:09:31","slug":"igbau-fordert-mehr-personal-fuer-die-forstwirtschaft","status":"publish","type":"post","link":"http:\/\/forst.igbau.nrw\/?p=1167","title":{"rendered":"IGBAU fordert mehr Personal f\u00fcr die Forstwirtschaft"},"content":{"rendered":"\n<p>Mehr Forstpersonal f\u00fcr den klimagesch\u00e4digten Wald: Vor dem \u201enationalen Waldgipfel\u201c an diesem Mittwoch [f. d. Red.: 25. September] in Berlin fordert die IG Bauen-Agrar-Umwelt (IG BAU) zus\u00e4tzliche Fachkr\u00e4fte f\u00fcr die Forstwirtschaft. \u201eDer klimagerechte Umbau des Forstes \u2013 weg von Monokulturen, hin zum Mischwald \u2013 ist eine Mammutaufgabe, die sich nur mit zus\u00e4tzlichem Personal stemmen l\u00e4sst\u201c, so der stellvertretende IG BAU-Bundesvorsitzende Harald Schaum. <\/p>\n\n\n\n<figure class=\"wp-block-image is-resized\"><img data-recalc-dims=\"1\" fetchpriority=\"high\" decoding=\"async\" data-attachment-id=\"1172\" data-permalink=\"http:\/\/forst.igbau.nrw\/?attachment_id=1172\" data-orig-file=\"https:\/\/i0.wp.com\/forst.igbau.nrw\/wp-content\/uploads\/2019\/09\/IGBAU_Forst_Streik_Sep19__44.jpg?fit=6501%2C4334\" data-orig-size=\"6501,4334\" data-comments-opened=\"1\" data-image-meta=\"{&quot;aperture&quot;:&quot;6.3&quot;,&quot;credit&quot;:&quot;&quot;,&quot;camera&quot;:&quot;Canon EOS R&quot;,&quot;caption&quot;:&quot;&quot;,&quot;created_timestamp&quot;:&quot;1569406156&quot;,&quot;copyright&quot;:&quot;&quot;,&quot;focal_length&quot;:&quot;24&quot;,&quot;iso&quot;:&quot;1250&quot;,&quot;shutter_speed&quot;:&quot;0.002&quot;,&quot;title&quot;:&quot;&quot;,&quot;orientation&quot;:&quot;0&quot;}\" data-image-title=\"IGBAU_Forst_Streik_Sep19__44\" data-image-description=\"\" data-image-caption=\"\" data-large-file=\"https:\/\/i0.wp.com\/forst.igbau.nrw\/wp-content\/uploads\/2019\/09\/IGBAU_Forst_Streik_Sep19__44.jpg?fit=640%2C427\" src=\"https:\/\/i0.wp.com\/forst.igbau.nrw\/wp-content\/uploads\/2019\/09\/IGBAU_Forst_Streik_Sep19__44.jpg?resize=640%2C427\" alt=\"\" class=\"wp-image-1172\" width=\"640\" height=\"427\" srcset=\"https:\/\/i0.wp.com\/forst.igbau.nrw\/wp-content\/uploads\/2019\/09\/IGBAU_Forst_Streik_Sep19__44.jpg?resize=1024%2C683 1024w, https:\/\/i0.wp.com\/forst.igbau.nrw\/wp-content\/uploads\/2019\/09\/IGBAU_Forst_Streik_Sep19__44.jpg?resize=300%2C200 300w, https:\/\/i0.wp.com\/forst.igbau.nrw\/wp-content\/uploads\/2019\/09\/IGBAU_Forst_Streik_Sep19__44.jpg?resize=768%2C512 768w, https:\/\/i0.wp.com\/forst.igbau.nrw\/wp-content\/uploads\/2019\/09\/IGBAU_Forst_Streik_Sep19__44.jpg?w=1280 1280w, https:\/\/i0.wp.com\/forst.igbau.nrw\/wp-content\/uploads\/2019\/09\/IGBAU_Forst_Streik_Sep19__44.jpg?w=1920 1920w\" sizes=\"(max-width: 640px) 100vw, 640px\" \/><figcaption>Foto: IG BAU, <br>Frau Dr. Barbara Hendricks im Gespr\u00e4ch mit den Kolleginnen und Kollegen der IG BAU<\/figcaption><\/figure>\n\n\n\n<p>Nach Informationen der Gewerkschaft ging die Zahl der Forstbesch\u00e4ftigten seit dem Jahr 2000 je nach Bundesland und Art des Betriebes um bis zu 50 Prozent zur\u00fcck. \u201eBesonders r\u00e4cht sich jetzt der jahrelange Personalabbau bei der \u00f6ffentlichen Hand\u201c, kritisiert Schaum. Allein um die Sch\u00e4den aus den D\u00fcrre-Jahren 2018 und 2019 zu beheben, sind nach Einsch\u00e4tzung der IG BAU Tausende zus\u00e4tzliche Besch\u00e4ftigte \u2013 vom F\u00f6rster bis zum Forstwirt\u2013 notwendig. \u201eHinzu kommt ein enormer Bedarf f\u00fcr die Aufforstung, die die f\u00fcr den Forst zust\u00e4ndige Bundeslandwirtschaftsministerin Julia Kl\u00f6ckner angek\u00fcndigt hat\u201c, so Schaum. Ohne eine massive Personal-Aufstockung in den Bundes-, Kommunal- und Landesforsten, aber auch in den Privatw\u00e4ldern sei das Anpflanzen und die Pflege Millionen neuer B\u00e4ume nicht zu schaffen.<\/p>\n\n\n\n<figure class=\"wp-block-image is-resized\"><img data-recalc-dims=\"1\" decoding=\"async\" data-attachment-id=\"1173\" data-permalink=\"http:\/\/forst.igbau.nrw\/?attachment_id=1173\" data-orig-file=\"https:\/\/i0.wp.com\/forst.igbau.nrw\/wp-content\/uploads\/2019\/09\/IGBAU_Forst_Streik_Sep19__38.jpg?fit=6086%2C4057\" data-orig-size=\"6086,4057\" data-comments-opened=\"1\" data-image-meta=\"{&quot;aperture&quot;:&quot;5.6&quot;,&quot;credit&quot;:&quot;&quot;,&quot;camera&quot;:&quot;Canon EOS R&quot;,&quot;caption&quot;:&quot;&quot;,&quot;created_timestamp&quot;:&quot;1569406036&quot;,&quot;copyright&quot;:&quot;&quot;,&quot;focal_length&quot;:&quot;50&quot;,&quot;iso&quot;:&quot;1250&quot;,&quot;shutter_speed&quot;:&quot;0.002&quot;,&quot;title&quot;:&quot;&quot;,&quot;orientation&quot;:&quot;0&quot;}\" data-image-title=\"IGBAU_Forst_Streik_Sep19__38\" data-image-description=\"\" data-image-caption=\"\" data-large-file=\"https:\/\/i0.wp.com\/forst.igbau.nrw\/wp-content\/uploads\/2019\/09\/IGBAU_Forst_Streik_Sep19__38.jpg?fit=640%2C427\" src=\"https:\/\/i0.wp.com\/forst.igbau.nrw\/wp-content\/uploads\/2019\/09\/IGBAU_Forst_Streik_Sep19__38.jpg?resize=640%2C427\" alt=\"\" class=\"wp-image-1173\" width=\"640\" height=\"427\" srcset=\"https:\/\/i0.wp.com\/forst.igbau.nrw\/wp-content\/uploads\/2019\/09\/IGBAU_Forst_Streik_Sep19__38.jpg?resize=1024%2C683 1024w, https:\/\/i0.wp.com\/forst.igbau.nrw\/wp-content\/uploads\/2019\/09\/IGBAU_Forst_Streik_Sep19__38.jpg?resize=300%2C200 300w, https:\/\/i0.wp.com\/forst.igbau.nrw\/wp-content\/uploads\/2019\/09\/IGBAU_Forst_Streik_Sep19__38.jpg?resize=768%2C512 768w, https:\/\/i0.wp.com\/forst.igbau.nrw\/wp-content\/uploads\/2019\/09\/IGBAU_Forst_Streik_Sep19__38.jpg?w=1280 1280w, https:\/\/i0.wp.com\/forst.igbau.nrw\/wp-content\/uploads\/2019\/09\/IGBAU_Forst_Streik_Sep19__38.jpg?w=1920 1920w\" sizes=\"(max-width: 640px) 100vw, 640px\" \/><figcaption>Foto: IG BAU<\/figcaption><\/figure>\n\n\n\n<p>Nach Einsch\u00e4tzung der IG BAU ist hierf\u00fcr ein zus\u00e4tzlicher Forstbesch\u00e4ftigter pro 1.000 Hektar Wald notwendig. Bei elf Millionen Hektar Wald in Deutschland ergibt sich damit ein Mehrbedarf von 11.000 Besch\u00e4ftigten, die sich jeweils zur H\u00e4lfte auf den privaten und \u00f6ffentlichen Forst aufteilen, erkl\u00e4rt Schaum. \u201eDie ersten Bundesl\u00e4nder haben bereits mit der zus\u00e4tzlichen \u00dcbernahme von Auszubildenden oder Pl\u00e4nen zur Aufstockung reagiert. Der Kampf um die besten K\u00f6pfe f\u00fcr die qualifizierte Arbeit im Forst bleibt jedoch eine riesige Aufgabe\u201c, so der Gewerkschafter.<\/p>\n\n\n\n<div class=\"wp-block-image\"><figure class=\"aligncenter is-resized\"><img data-recalc-dims=\"1\" decoding=\"async\" data-attachment-id=\"1174\" data-permalink=\"http:\/\/forst.igbau.nrw\/?attachment_id=1174\" data-orig-file=\"https:\/\/i0.wp.com\/forst.igbau.nrw\/wp-content\/uploads\/2019\/09\/IGBAU_Forst_Streik_Sep19__36.jpg?fit=6720%2C4480\" data-orig-size=\"6720,4480\" data-comments-opened=\"1\" data-image-meta=\"{&quot;aperture&quot;:&quot;6.3&quot;,&quot;credit&quot;:&quot;&quot;,&quot;camera&quot;:&quot;Canon EOS R&quot;,&quot;caption&quot;:&quot;&quot;,&quot;created_timestamp&quot;:&quot;1569405713&quot;,&quot;copyright&quot;:&quot;&quot;,&quot;focal_length&quot;:&quot;105&quot;,&quot;iso&quot;:&quot;1250&quot;,&quot;shutter_speed&quot;:&quot;0.002&quot;,&quot;title&quot;:&quot;&quot;,&quot;orientation&quot;:&quot;0&quot;}\" data-image-title=\"IGBAU_Forst_Streik_Sep19__36\" data-image-description=\"\" data-image-caption=\"\" data-large-file=\"https:\/\/i0.wp.com\/forst.igbau.nrw\/wp-content\/uploads\/2019\/09\/IGBAU_Forst_Streik_Sep19__36.jpg?fit=640%2C427\" src=\"https:\/\/i0.wp.com\/forst.igbau.nrw\/wp-content\/uploads\/2019\/09\/IGBAU_Forst_Streik_Sep19__36.jpg?resize=640%2C427\" alt=\"\" class=\"wp-image-1174\" width=\"640\" height=\"427\" srcset=\"https:\/\/i0.wp.com\/forst.igbau.nrw\/wp-content\/uploads\/2019\/09\/IGBAU_Forst_Streik_Sep19__36.jpg?resize=1024%2C683 1024w, https:\/\/i0.wp.com\/forst.igbau.nrw\/wp-content\/uploads\/2019\/09\/IGBAU_Forst_Streik_Sep19__36.jpg?resize=300%2C200 300w, https:\/\/i0.wp.com\/forst.igbau.nrw\/wp-content\/uploads\/2019\/09\/IGBAU_Forst_Streik_Sep19__36.jpg?resize=768%2C512 768w, https:\/\/i0.wp.com\/forst.igbau.nrw\/wp-content\/uploads\/2019\/09\/IGBAU_Forst_Streik_Sep19__36.jpg?w=1280 1280w, https:\/\/i0.wp.com\/forst.igbau.nrw\/wp-content\/uploads\/2019\/09\/IGBAU_Forst_Streik_Sep19__36.jpg?w=1920 1920w\" sizes=\"(max-width: 640px) 100vw, 640px\" \/><figcaption>Foto: IG BAU, <br> Frau Dr. Barbara Hendricks im Gespr\u00e4ch mit den Kolleginnen und Kollegen der IG BAU<\/figcaption><\/figure><\/div>\n\n\n\n<p><br> Das Potential f\u00fcr den Klimaschutz ist gro\u00df: Die heimischen W\u00e4lder kompensieren nach Angaben der letzten Bundeswaldinventur rund 62 Millionen Tonnen CO2 und damit immerhin sieben Prozent der deutschen Treibhaus-Emissionen. Eine Studie der ETH Z\u00fcrich kam vor kurzem zu dem Schluss, dass eine globale Aufforstung bis zu zwei Drittel des vom Menschen verursachten CO2-Aussto\u00dfes ausgleichen k\u00f6nnte \u2013 wenn W\u00e4lder auf einer Fl\u00e4che der USA angepflanzt w\u00fcrden.<\/p>\n\n\n\n<p><br> <\/p>\n","protected":false},"excerpt":{"rendered":"<p>Mehr Forstpersonal f\u00fcr den klimagesch\u00e4digten Wald: Vor dem \u201enationalen Waldgipfel\u201c an diesem Mittwoch [f. d. Red.: 25. September] in Berlin fordert die<\/p>\n<p class=\"link-more\"><a class=\"myButt \" href=\"http:\/\/forst.igbau.nrw\/?p=1167\">Weitere Infos &#8230;<\/a><\/p>\n","protected":false},"author":2,"featured_media":1175,"comment_status":"open","ping_status":"open","sticky":false,"template":"","format":"standard","meta":{"ngg_post_thumbnail":0,"jetpack_post_was_ever_published":false,"_jetpack_newsletter_access":"","_jetpack_dont_email_post_to_subs":false,"_jetpack_newsletter_tier_id":0,"_jetpack_memberships_contains_paywalled_content":false,"_jetpack_memberships_contains_paid_content":false,"footnotes":"","jetpack_publicize_message":"","jetpack_publicize_feature_enabled":true,"jetpack_social_post_already_shared":false,"jetpack_social_options":{"image_generator_settings":{"template":"highway","default_image_id":0,"font":"","enabled":false},"version":2}},"categories":[5],"tags":[],"class_list":["post-1167","post","type-post","status-publish","format-standard","has-post-thumbnail","hentry","category-forstwirtschaft"],"jetpack_publicize_connections":[],"jetpack_featured_media_url":"https:\/\/i0.wp.com\/forst.igbau.nrw\/wp-content\/uploads\/2019\/09\/IGBAU_Forst_Streik_Sep19__18.jpg?fit=5582%2C3721","jetpack_sharing_enabled":true,"jetpack_shortlink":"https:\/\/wp.me\/p8x7f7-iP","jetpack-related-posts":[],"_links":{"self":[{"href":"http:\/\/forst.igbau.nrw\/index.php?rest_route=\/wp\/v2\/posts\/1167","targetHints":{"allow":["GET"]}}],"collection":[{"href":"http:\/\/forst.igbau.nrw\/index.php?rest_route=\/wp\/v2\/posts"}],"about":[{"href":"http:\/\/forst.igbau.nrw\/index.php?rest_route=\/wp\/v2\/types\/post"}],"author":[{"embeddable":true,"href":"http:\/\/forst.igbau.nrw\/index.php?rest_route=\/wp\/v2\/users\/2"}],"replies":[{"embeddable":true,"href":"http:\/\/forst.igbau.nrw\/index.php?rest_route=%2Fwp%2Fv2%2Fcomments&post=1167"}],"version-history":[{"count":1,"href":"http:\/\/forst.igbau.nrw\/index.php?rest_route=\/wp\/v2\/posts\/1167\/revisions"}],"predecessor-version":[{"id":1176,"href":"http:\/\/forst.igbau.nrw\/index.php?rest_route=\/wp\/v2\/posts\/1167\/revisions\/1176"}],"wp:featuredmedia":[{"embeddable":true,"href":"http:\/\/forst.igbau.nrw\/index.php?rest_route=\/wp\/v2\/media\/1175"}],"wp:attachment":[{"href":"http:\/\/forst.igbau.nrw\/index.php?rest_route=%2Fwp%2Fv2%2Fmedia&parent=1167"}],"wp:term":[{"taxonomy":"category","embeddable":true,"href":"http:\/\/forst.igbau.nrw\/index.php?rest_route=%2Fwp%2Fv2%2Fcategories&post=1167"},{"taxonomy":"post_tag","embeddable":true,"href":"http:\/\/forst.igbau.nrw\/index.php?rest_route=%2Fwp%2Fv2%2Ftags&post=1167"}],"curies":[{"name":"wp","href":"https:\/\/api.w.org\/{rel}","templated":true}]}}