{"id":1178,"date":"2019-09-29T15:17:50","date_gmt":"2019-09-29T15:17:50","guid":{"rendered":"http:\/\/forst.igbau.nrw\/?p=1178"},"modified":"2020-11-23T06:59:24","modified_gmt":"2020-11-23T06:59:24","slug":"pruefungsjahrgang-2019-im-bei-wald-und-holz-nrw","status":"publish","type":"post","link":"http:\/\/forst.igbau.nrw\/?p=1178","title":{"rendered":"Pr\u00fcfungsjahrgang 2019 bei Wald und Holz NRW"},"content":{"rendered":"\n<p>F\u00fcr die 6 Forstinspektoranw\u00e4rterinnen und die 12 Anw\u00e4rter des Pr\u00fcfungsjahrgangs 2019 fand am 18.9.19 nach erfolgreich bestandener schriftlicher Pr\u00fcfung die Waldpr\u00fcfung statt. Hierzu war auch die IG BAU eingeladen. Der Kollege Dieter Wortmeier nahm diese Aufgabe bereits mehrmals war und konnte sich als langj\u00e4hriger Revierleiter ein Bild vom Pr\u00fcfungsablauf und den Pr\u00fcflingen machen.<\/p>\n\n\n\n<p>Pr\u00fcfungsort war dieses mal ein Privatwald im Bereich des Regionalforstamtes Soest-Sauerland.&nbsp;&nbsp; Nachdem Forstamtsleiter Edgar R\u00fcther und Revierleiter Thomas Wullenweber die allgemeinen Daten&nbsp; genannt hatten, wurden die Kandidaten mit den Pr\u00fcfer auf die&nbsp; Stationen verteilt.<\/p>\n\n\n\n<p>Der\nsehr abwechselungsreiche Parcour n\u00f6rdlich von Gevelunghausen bot auf den\n\u00fcblichen&nbsp; 8 Stationen die ganzen Palette\nder forstlichen Betriebsabl\u00e4ufe.<\/p>\n\n\n\n<div class=\"wp-block-image\"><figure class=\"aligncenter is-resized\"><a href=\"https:\/\/i0.wp.com\/forst.igbau.nrw\/wp-content\/uploads\/2019\/09\/Waldpru%CC%88fung_2019_WuH_Wortmeier_IGBAU.jpg\"><img data-recalc-dims=\"1\" fetchpriority=\"high\" decoding=\"async\" data-attachment-id=\"1179\" data-permalink=\"http:\/\/forst.igbau.nrw\/?attachment_id=1179\" data-orig-file=\"https:\/\/i0.wp.com\/forst.igbau.nrw\/wp-content\/uploads\/2019\/09\/Waldpru%CC%88fung_2019_WuH_Wortmeier_IGBAU.jpg?fit=2560%2C1920\" data-orig-size=\"2560,1920\" data-comments-opened=\"1\" data-image-meta=\"{&quot;aperture&quot;:&quot;4&quot;,&quot;credit&quot;:&quot;&quot;,&quot;camera&quot;:&quot;DMC-TZ36&quot;,&quot;caption&quot;:&quot;&quot;,&quot;created_timestamp&quot;:&quot;1568813629&quot;,&quot;copyright&quot;:&quot;&quot;,&quot;focal_length&quot;:&quot;4.8&quot;,&quot;iso&quot;:&quot;100&quot;,&quot;shutter_speed&quot;:&quot;0.003125&quot;,&quot;title&quot;:&quot;&quot;,&quot;orientation&quot;:&quot;1&quot;}\" data-image-title=\"Waldpru\u0308fung_2019_WuH_Wortmeier_IGBAU\" data-image-description=\"\" data-image-caption=\"\" data-large-file=\"https:\/\/i0.wp.com\/forst.igbau.nrw\/wp-content\/uploads\/2019\/09\/Waldpru%CC%88fung_2019_WuH_Wortmeier_IGBAU.jpg?fit=640%2C480\" src=\"https:\/\/i0.wp.com\/forst.igbau.nrw\/wp-content\/uploads\/2019\/09\/Waldpru%CC%88fung_2019_WuH_Wortmeier_IGBAU.jpg?resize=640%2C480\" alt=\"\" class=\"wp-image-1179\" width=\"640\" height=\"480\" srcset=\"https:\/\/i0.wp.com\/forst.igbau.nrw\/wp-content\/uploads\/2019\/09\/Waldpru%CC%88fung_2019_WuH_Wortmeier_IGBAU.jpg?resize=1024%2C768 1024w, https:\/\/i0.wp.com\/forst.igbau.nrw\/wp-content\/uploads\/2019\/09\/Waldpru%CC%88fung_2019_WuH_Wortmeier_IGBAU.jpg?resize=300%2C225 300w, https:\/\/i0.wp.com\/forst.igbau.nrw\/wp-content\/uploads\/2019\/09\/Waldpru%CC%88fung_2019_WuH_Wortmeier_IGBAU.jpg?resize=768%2C576 768w, https:\/\/i0.wp.com\/forst.igbau.nrw\/wp-content\/uploads\/2019\/09\/Waldpru%CC%88fung_2019_WuH_Wortmeier_IGBAU.jpg?w=1280 1280w, https:\/\/i0.wp.com\/forst.igbau.nrw\/wp-content\/uploads\/2019\/09\/Waldpru%CC%88fung_2019_WuH_Wortmeier_IGBAU.jpg?w=1920 1920w\" sizes=\"(max-width: 640px) 100vw, 640px\" \/><\/a><figcaption>Pr\u00fcfungsjahrgang 2019 Wald und Holz NRW, Foto Dieter Wortmeier IB BAU<\/figcaption><\/figure><\/div>\n\n\n\n<p>Bei der ersten Station&nbsp; mu\u00dfte in einem Rollenspiel ein Landwirt beraten werden der eine 2,4 ha gro\u00dfe, unrentable Wiesenparzelle aufforsten wollte. Nicht nur die rechtlichen Verfahrensabl\u00e4ufe mu\u00dften geschildert werden, sondern auch Baumarten, Sortimente, Z\u00e4unung und Kosten der Aufforstung sollten genannt werden.<\/p>\n\n\n\n<p>Weiter ging es zu Holzaushaltung, eine Douglasie und eine Eiche lagen als Pr\u00fcfungsobjekte bereit und mu\u00dften ausgehalten werden. Beide waren bis zur Derbholzgrenze aufgearbeitet und sollten in G\u00fcteklassen eingeteilt werden. Au\u00dferdem waren u.a. Holzpreise und Verwendungsm\u00f6glichkeiten zu benennen. <\/p>\n\n\n\n<p>In der n\u00e4chsten Station war Waldbau in einem Douglasien-Fichten-L\u00e4rchen Mischbestand gefragt. Dazu mu\u00dfte auch ein Bodeneinschlag besprochen werden und auf das aktuelle Waldbaukonzept NRW eingegangen werden.<\/p>\n\n\n\n<p>In einer Kyrill Dickung wurden bei der n\u00e4chsten Station die Pflegearbeiten gefordert.<\/p>\n\n\n\n<p>Dazu war ein Arbeitsauftrag f\u00fcr den Unternehmer zu formulieren und die einzelnen Ger\u00e4te zu benennen (Spacer, Freischneider, Heppe, Waldteufel, kleine Motors\u00e4ge)<\/p>\n\n\n\n<p>Ein\nWeisergatter brachte die folgende Station, also Thema Jagd.<\/p>\n\n\n\n<p>Das Verbissgutachten sollte beschrieben werden, incl. praktischer Vorf\u00fchrung mit Fluchtst\u00e4ben an einen Aufnahmepunkt.<\/p>\n\n\n\n<p>Au\u00dferdem\nsollte auf die Bedeutung von Wildsch\u00e4den f\u00fcr die Biodiversit\u00e4t eingegangen\nwerden.<\/p>\n\n\n\n<p>Noch einmal Recht war an Station 6 gefragt, hier war die Anlage einer Weihnachsbaumkultur mit allen rechtlichen M\u00f6glichkeiten Bestandteil der Aufgabe.<\/p>\n\n\n\n<p>Einen\nrecht ungew\u00f6hnlichen Biotop f\u00fcr NRW bot Station 7, eine Felswand.<\/p>\n\n\n\n<p>Hier sollten vorkommende Tierarten benannt werden (Artenschutzrichtline) , wie auch&nbsp; Probeme durch Freizeitsportler wie z.B. Kletterer genannt werden. <\/p>\n\n\n\n<p>Die letzte Station bot nochmal Waldbau in einem Buchenbestand. Die Behandlung des Bestandes anhand des Waldbaukonzeptes sowie Anreicherung mit Nadelholz wurden hier angesprochen, speziell die Tannenpl\u00e4tzesaat war ein Thema.<\/p>\n\n\n\n<p>Wie\nauch schon bei den letzten Pr\u00fcfungen verlief der Pr\u00fcfungstag nach eigenen\nBeobachtungen und auch Gespr\u00e4chen mit den Anw\u00e4rtern sehr fair und praxisnah.<\/p>\n\n\n\n<p>Von\nder IG B A U wurde dabei f\u00fcr gute Leistungen ein Buchgeschenk \u00fcberreicht. <\/p>\n\n\n\n<p>In Anschlu\u00df an die Urkundenverleihung unterzeichneten 17 Anw\u00e4rter 24-monatige Anschlu\u00dfvertr\u00e4ge bei Wald und Holz NRW. <\/p>\n\n\n\n<p><strong>Text und Foto von Dieter Wortmeier \/ Landesvertretung NRW<\/strong><\/p>\n","protected":false},"excerpt":{"rendered":"<p>F\u00fcr die 6 Forstinspektoranw\u00e4rterinnen und die 12 Anw\u00e4rter des Pr\u00fcfungsjahrgangs 2019 fand am 18.9.19 nach erfolgreich bestandener schriftlicher Pr\u00fcfung die Waldpr\u00fcfung statt.<\/p>\n<p class=\"link-more\"><a class=\"myButt \" href=\"http:\/\/forst.igbau.nrw\/?p=1178\">Weitere Infos &#8230;<\/a><\/p>\n","protected":false},"author":1,"featured_media":0,"comment_status":"closed","ping_status":"open","sticky":false,"template":"","format":"standard","meta":{"ngg_post_thumbnail":0,"jetpack_post_was_ever_published":false,"_jetpack_newsletter_access":"","_jetpack_dont_email_post_to_subs":false,"_jetpack_newsletter_tier_id":0,"_jetpack_memberships_contains_paywalled_content":false,"_jetpack_memberships_contains_paid_content":false,"footnotes":"","jetpack_publicize_message":"","jetpack_publicize_feature_enabled":true,"jetpack_social_post_already_shared":false,"jetpack_social_options":{"image_generator_settings":{"template":"highway","default_image_id":0,"font":"","enabled":false},"version":2}},"categories":[5],"tags":[],"class_list":["post-1178","post","type-post","status-publish","format-standard","hentry","category-forstwirtschaft"],"jetpack_publicize_connections":[],"jetpack_featured_media_url":"","jetpack_sharing_enabled":true,"jetpack_shortlink":"https:\/\/wp.me\/p8x7f7-j0","jetpack-related-posts":[],"_links":{"self":[{"href":"http:\/\/forst.igbau.nrw\/index.php?rest_route=\/wp\/v2\/posts\/1178","targetHints":{"allow":["GET"]}}],"collection":[{"href":"http:\/\/forst.igbau.nrw\/index.php?rest_route=\/wp\/v2\/posts"}],"about":[{"href":"http:\/\/forst.igbau.nrw\/index.php?rest_route=\/wp\/v2\/types\/post"}],"author":[{"embeddable":true,"href":"http:\/\/forst.igbau.nrw\/index.php?rest_route=\/wp\/v2\/users\/1"}],"replies":[{"embeddable":true,"href":"http:\/\/forst.igbau.nrw\/index.php?rest_route=%2Fwp%2Fv2%2Fcomments&post=1178"}],"version-history":[{"count":7,"href":"http:\/\/forst.igbau.nrw\/index.php?rest_route=\/wp\/v2\/posts\/1178\/revisions"}],"predecessor-version":[{"id":1187,"href":"http:\/\/forst.igbau.nrw\/index.php?rest_route=\/wp\/v2\/posts\/1178\/revisions\/1187"}],"wp:attachment":[{"href":"http:\/\/forst.igbau.nrw\/index.php?rest_route=%2Fwp%2Fv2%2Fmedia&parent=1178"}],"wp:term":[{"taxonomy":"category","embeddable":true,"href":"http:\/\/forst.igbau.nrw\/index.php?rest_route=%2Fwp%2Fv2%2Fcategories&post=1178"},{"taxonomy":"post_tag","embeddable":true,"href":"http:\/\/forst.igbau.nrw\/index.php?rest_route=%2Fwp%2Fv2%2Ftags&post=1178"}],"curies":[{"name":"wp","href":"https:\/\/api.w.org\/{rel}","templated":true}]}}