{"id":1189,"date":"2019-10-09T22:00:00","date_gmt":"2019-10-09T22:00:00","guid":{"rendered":"http:\/\/forst.igbau.nrw\/?p=1189"},"modified":"2020-11-23T06:59:24","modified_gmt":"2020-11-23T06:59:24","slug":"der-wald-im-klimawandel","status":"publish","type":"post","link":"http:\/\/forst.igbau.nrw\/?p=1189","title":{"rendered":"Der Wald im Klimawandel"},"content":{"rendered":"\n<p>Unter diesem Motto wurde die Landesvertretung der IG BAU f\u00fcr Forst und Naturschutz von B\u00fcndnis 90 \/ Die Gr\u00fcnen gebeten die Mitglieder der Kreisversammlung in Steinfurt zu informieren.<\/p>\n\n\n\n<p>Peter Wicke nahm f\u00fcr die Landesvertretung diese Aufgabe wahr und stellte den zahlreich erschienenen Mitgliedern von B\u00fcndnis90\/Die Gr\u00fcnen anhand von Zahlen auf Landesebene, aber auch auf den Kreis Steinfurt bezogen die aktuelle Situation insbesondere in der Fichte und der Buche dar.<\/p>\n\n\n\n<div class=\"wp-block-image\"><figure class=\"aligncenter is-resized\"><img data-recalc-dims=\"1\" fetchpriority=\"high\" decoding=\"async\" data-attachment-id=\"1190\" data-permalink=\"http:\/\/forst.igbau.nrw\/?attachment_id=1190\" data-orig-file=\"https:\/\/i0.wp.com\/forst.igbau.nrw\/wp-content\/uploads\/2019\/10\/20191008_203524.jpg?fit=4032%2C1960\" data-orig-size=\"4032,1960\" data-comments-opened=\"1\" data-image-meta=\"{&quot;aperture&quot;:&quot;1.7&quot;,&quot;credit&quot;:&quot;&quot;,&quot;camera&quot;:&quot;SM-G950F&quot;,&quot;caption&quot;:&quot;&quot;,&quot;created_timestamp&quot;:&quot;1570566924&quot;,&quot;copyright&quot;:&quot;&quot;,&quot;focal_length&quot;:&quot;4.2&quot;,&quot;iso&quot;:&quot;80&quot;,&quot;shutter_speed&quot;:&quot;0.02&quot;,&quot;title&quot;:&quot;&quot;,&quot;orientation&quot;:&quot;1&quot;}\" data-image-title=\"20191008_203524\" data-image-description=\"\" data-image-caption=\"\" data-large-file=\"https:\/\/i0.wp.com\/forst.igbau.nrw\/wp-content\/uploads\/2019\/10\/20191008_203524.jpg?fit=640%2C311\" src=\"https:\/\/i0.wp.com\/forst.igbau.nrw\/wp-content\/uploads\/2019\/10\/20191008_203524.jpg?resize=595%2C249\" alt=\"\" class=\"wp-image-1190\" width=\"595\" height=\"249\" \/><figcaption><br>Foto: B\u00fcndnis90\/Die Gr\u00fcnen<br>Kreisversammlung B\u00fcndnis90\/Die Gr\u00fcnen im Kreis Steinfurt<\/figcaption><\/figure><\/div>\n\n\n\n<p>Dar\u00fcber hinaus wurde das Thema einer zuk\u00fcnftigen Entwicklung im Wald unter der Ma\u00dfgabe schnell steigender Durchschnittstemperaturen und ver\u00e4nderter Niederschl\u00e4ge angesprochen.<\/p>\n\n\n\n<p>Im Anschluss des ca. 1 st\u00fcndigen Vortrages wurden von den Anwesenden umfangreich die M\u00f6glichkeit genutzt weitere Fragen zu stellen.<\/p>\n\n\n\n<br>\n","protected":false},"excerpt":{"rendered":"<p>Unter diesem Motto wurde die Landesvertretung der IG BAU f\u00fcr Forst und Naturschutz von B\u00fcndnis 90 \/ Die Gr\u00fcnen gebeten die Mitglieder<\/p>\n<p class=\"link-more\"><a class=\"myButt \" href=\"http:\/\/forst.igbau.nrw\/?p=1189\">Weitere Infos &#8230;<\/a><\/p>\n","protected":false},"author":2,"featured_media":1149,"comment_status":"closed","ping_status":"open","sticky":false,"template":"","format":"standard","meta":{"ngg_post_thumbnail":0,"jetpack_post_was_ever_published":false,"_jetpack_newsletter_access":"","_jetpack_dont_email_post_to_subs":false,"_jetpack_newsletter_tier_id":0,"_jetpack_memberships_contains_paywalled_content":false,"_jetpack_memberships_contains_paid_content":false,"footnotes":"","jetpack_publicize_message":"","jetpack_publicize_feature_enabled":true,"jetpack_social_post_already_shared":false,"jetpack_social_options":{"image_generator_settings":{"template":"highway","default_image_id":0,"font":"","enabled":false},"version":2}},"categories":[5],"tags":[],"class_list":["post-1189","post","type-post","status-publish","format-standard","has-post-thumbnail","hentry","category-forstwirtschaft"],"jetpack_publicize_connections":[],"jetpack_featured_media_url":"https:\/\/i0.wp.com\/forst.igbau.nrw\/wp-content\/uploads\/2019\/09\/Logo_Kampagne_Klimaschutz_2019.png?fit=218%2C233","jetpack_sharing_enabled":true,"jetpack_shortlink":"https:\/\/wp.me\/p8x7f7-jb","jetpack-related-posts":[],"_links":{"self":[{"href":"http:\/\/forst.igbau.nrw\/index.php?rest_route=\/wp\/v2\/posts\/1189","targetHints":{"allow":["GET"]}}],"collection":[{"href":"http:\/\/forst.igbau.nrw\/index.php?rest_route=\/wp\/v2\/posts"}],"about":[{"href":"http:\/\/forst.igbau.nrw\/index.php?rest_route=\/wp\/v2\/types\/post"}],"author":[{"embeddable":true,"href":"http:\/\/forst.igbau.nrw\/index.php?rest_route=\/wp\/v2\/users\/2"}],"replies":[{"embeddable":true,"href":"http:\/\/forst.igbau.nrw\/index.php?rest_route=%2Fwp%2Fv2%2Fcomments&post=1189"}],"version-history":[{"count":1,"href":"http:\/\/forst.igbau.nrw\/index.php?rest_route=\/wp\/v2\/posts\/1189\/revisions"}],"predecessor-version":[{"id":1191,"href":"http:\/\/forst.igbau.nrw\/index.php?rest_route=\/wp\/v2\/posts\/1189\/revisions\/1191"}],"wp:featuredmedia":[{"embeddable":true,"href":"http:\/\/forst.igbau.nrw\/index.php?rest_route=\/wp\/v2\/media\/1149"}],"wp:attachment":[{"href":"http:\/\/forst.igbau.nrw\/index.php?rest_route=%2Fwp%2Fv2%2Fmedia&parent=1189"}],"wp:term":[{"taxonomy":"category","embeddable":true,"href":"http:\/\/forst.igbau.nrw\/index.php?rest_route=%2Fwp%2Fv2%2Fcategories&post=1189"},{"taxonomy":"post_tag","embeddable":true,"href":"http:\/\/forst.igbau.nrw\/index.php?rest_route=%2Fwp%2Fv2%2Ftags&post=1189"}],"curies":[{"name":"wp","href":"https:\/\/api.w.org\/{rel}","templated":true}]}}