{"id":1192,"date":"2019-10-10T15:28:55","date_gmt":"2019-10-10T15:28:55","guid":{"rendered":"http:\/\/forst.igbau.nrw\/?p=1192"},"modified":"2020-11-23T06:59:24","modified_gmt":"2020-11-23T06:59:24","slug":"forum-wald-und-klima","status":"publish","type":"post","link":"http:\/\/forst.igbau.nrw\/?p=1192","title":{"rendered":"\u201eForum Wald und Klima\u201c"},"content":{"rendered":"\n<p>Unter der Schirmherrschaft des Ministerpr\u00e4sidenten von Niedersachsen Stephan Weil organisierten die Kollegen der IG BAU Landesvertretung Niedersachsen zusammen mit dem BDF am Mittwoch, den 9. Oktober im Congresspark  in Wolfsburg das <a href=\"https:\/\/www.forum-wald-klima.de\/forum-wald-und-klima\/\" target=\"_blank\" rel=\"noreferrer noopener\" aria-label=\"\u201eForum Wald und Klima\u201c. (\u00f6ffnet in neuem Tab)\">\u201eForum Wald und Klima\u201c.<\/a><\/p>\n\n\n\n<p>Das Forum gab den anwesenden Fachkollegen,  interessierten B\u00fcrgern, Privatwaldbesitzern , Studierenden der Forstwirtschaft und -wissenschaften , sowie forstlichen  Lohnunternehmern, und dem ehren- und hauptamtlichen Naturschutz die M\u00f6glichkeit anhand von Vortr\u00e4gen und Diskussionsrunden weitere Information zu erhalten, bzw. sich gegenseitig \u00fcber eigene Erfahrungen auszutauschen,<\/p>\n\n\n\n<div class=\"wp-block-image\"><figure class=\"aligncenter\"><img data-recalc-dims=\"1\" fetchpriority=\"high\" decoding=\"async\" width=\"640\" height=\"480\" data-attachment-id=\"1194\" data-permalink=\"http:\/\/forst.igbau.nrw\/?attachment_id=1194\" data-orig-file=\"https:\/\/i0.wp.com\/forst.igbau.nrw\/wp-content\/uploads\/2019\/10\/P1100890-1.jpg?fit=3232%2C2424\" data-orig-size=\"3232,2424\" data-comments-opened=\"1\" data-image-meta=\"{&quot;aperture&quot;:&quot;5.6&quot;,&quot;credit&quot;:&quot;&quot;,&quot;camera&quot;:&quot;DMC-G81&quot;,&quot;caption&quot;:&quot;&quot;,&quot;created_timestamp&quot;:&quot;1570612888&quot;,&quot;copyright&quot;:&quot;&quot;,&quot;focal_length&quot;:&quot;55&quot;,&quot;iso&quot;:&quot;3200&quot;,&quot;shutter_speed&quot;:&quot;0.01&quot;,&quot;title&quot;:&quot;&quot;,&quot;orientation&quot;:&quot;1&quot;}\" data-image-title=\"P1100890-1\" data-image-description=\"\" data-image-caption=\"\" data-large-file=\"https:\/\/i0.wp.com\/forst.igbau.nrw\/wp-content\/uploads\/2019\/10\/P1100890-1.jpg?fit=640%2C480\" src=\"https:\/\/i0.wp.com\/forst.igbau.nrw\/wp-content\/uploads\/2019\/10\/P1100890-1.jpg?resize=640%2C480\" alt=\"\" class=\"wp-image-1194\" srcset=\"https:\/\/i0.wp.com\/forst.igbau.nrw\/wp-content\/uploads\/2019\/10\/P1100890-1.jpg?resize=1024%2C768 1024w, https:\/\/i0.wp.com\/forst.igbau.nrw\/wp-content\/uploads\/2019\/10\/P1100890-1.jpg?resize=300%2C225 300w, https:\/\/i0.wp.com\/forst.igbau.nrw\/wp-content\/uploads\/2019\/10\/P1100890-1.jpg?resize=768%2C576 768w, https:\/\/i0.wp.com\/forst.igbau.nrw\/wp-content\/uploads\/2019\/10\/P1100890-1.jpg?w=1280 1280w, https:\/\/i0.wp.com\/forst.igbau.nrw\/wp-content\/uploads\/2019\/10\/P1100890-1.jpg?w=1920 1920w\" sizes=\"(max-width: 640px) 100vw, 640px\" \/><\/figure><\/div>\n\n\n\n<p>Die mehr als ausgebuchte Veranstaltung zeigte aber auch dem anwesenden Ministerpr\u00e4sidenten und der Ministerin f\u00fcr Ern\u00e4hrung, Landwirtschaft und Verbraucherschutz in Niedersachsen Barbara Otte-Kinast, die \u00fcber alle Gruppen hinweg bestehende Einigkeit und Forderung das der Wald unbedingt die Unterst\u00fctzung der Politik und der Gesellschaft ben\u00f6tigt.<\/p>\n\n\n\n<p>Insbesondere der Vortrag von Prof. Dr. Christian Ammer, von der Georg-August-Universit\u00e4t G\u00f6ttingen unter dem Motto \u201eErst die Gletscher, jetzt die W\u00e4lder: Wald und Waldbewirtschaftung im Klimawandel \u2013 Fakten, Prognosen, Strategien\u201c f\u00fchrte den Anwesenden noch einmal vor Augen welche gro\u00dfen Herausforderungen auf den Wald und die Gesellschaft zukommen. <\/p>\n\n\n\n<figure class=\"wp-block-image\"><img data-recalc-dims=\"1\" decoding=\"async\" width=\"640\" height=\"480\" data-attachment-id=\"1196\" data-permalink=\"http:\/\/forst.igbau.nrw\/?attachment_id=1196\" data-orig-file=\"https:\/\/i0.wp.com\/forst.igbau.nrw\/wp-content\/uploads\/2019\/10\/P1100893.jpg?fit=3232%2C2424\" data-orig-size=\"3232,2424\" data-comments-opened=\"1\" data-image-meta=\"{&quot;aperture&quot;:&quot;5.6&quot;,&quot;credit&quot;:&quot;&quot;,&quot;camera&quot;:&quot;DMC-G81&quot;,&quot;caption&quot;:&quot;&quot;,&quot;created_timestamp&quot;:&quot;1570616320&quot;,&quot;copyright&quot;:&quot;&quot;,&quot;focal_length&quot;:&quot;60&quot;,&quot;iso&quot;:&quot;3200&quot;,&quot;shutter_speed&quot;:&quot;0.008&quot;,&quot;title&quot;:&quot;&quot;,&quot;orientation&quot;:&quot;1&quot;}\" data-image-title=\"P1100893\" data-image-description=\"\" data-image-caption=\"\" data-large-file=\"https:\/\/i0.wp.com\/forst.igbau.nrw\/wp-content\/uploads\/2019\/10\/P1100893.jpg?fit=640%2C480\" src=\"https:\/\/i0.wp.com\/forst.igbau.nrw\/wp-content\/uploads\/2019\/10\/P1100893.jpg?resize=640%2C480\" alt=\"\" class=\"wp-image-1196\" srcset=\"https:\/\/i0.wp.com\/forst.igbau.nrw\/wp-content\/uploads\/2019\/10\/P1100893.jpg?resize=1024%2C768 1024w, https:\/\/i0.wp.com\/forst.igbau.nrw\/wp-content\/uploads\/2019\/10\/P1100893.jpg?resize=300%2C225 300w, https:\/\/i0.wp.com\/forst.igbau.nrw\/wp-content\/uploads\/2019\/10\/P1100893.jpg?resize=768%2C576 768w, https:\/\/i0.wp.com\/forst.igbau.nrw\/wp-content\/uploads\/2019\/10\/P1100893.jpg?w=1280 1280w, https:\/\/i0.wp.com\/forst.igbau.nrw\/wp-content\/uploads\/2019\/10\/P1100893.jpg?w=1920 1920w\" sizes=\"(max-width: 640px) 100vw, 640px\" \/><figcaption>Prof. Dr. Christian Ammer<\/figcaption><\/figure>\n\n\n\n<p>Die Erkenntnis das sich etwas \u00e4ndern muss zeigte auch der Impulsvortrag von Dr. Stephan Krinke dem Leiter Strategie und Programme, im Generalsekretariat Nachhaltigkeit von Volkswagen .<br>Unter dem Motto  \u201eKlimaschutz und VW \/ Das Dekarbonisierungsprogramm von Volkswagen\u201c gab Stephan Krinke die Zielrichtung und derzeitigen Entwicklungen bei Volkswagen zum Besten.<\/p>\n\n\n\n<figure class=\"wp-block-image\"><img data-recalc-dims=\"1\" decoding=\"async\" width=\"640\" height=\"480\" data-attachment-id=\"1195\" data-permalink=\"http:\/\/forst.igbau.nrw\/?attachment_id=1195\" data-orig-file=\"https:\/\/i0.wp.com\/forst.igbau.nrw\/wp-content\/uploads\/2019\/10\/P1100905.jpg?fit=3232%2C2424\" data-orig-size=\"3232,2424\" data-comments-opened=\"1\" data-image-meta=\"{&quot;aperture&quot;:&quot;5.6&quot;,&quot;credit&quot;:&quot;&quot;,&quot;camera&quot;:&quot;DMC-G81&quot;,&quot;caption&quot;:&quot;&quot;,&quot;created_timestamp&quot;:&quot;1570618551&quot;,&quot;copyright&quot;:&quot;&quot;,&quot;focal_length&quot;:&quot;60&quot;,&quot;iso&quot;:&quot;1000&quot;,&quot;shutter_speed&quot;:&quot;0.008&quot;,&quot;title&quot;:&quot;&quot;,&quot;orientation&quot;:&quot;1&quot;}\" data-image-title=\"P1100905\" data-image-description=\"\" data-image-caption=\"\" data-large-file=\"https:\/\/i0.wp.com\/forst.igbau.nrw\/wp-content\/uploads\/2019\/10\/P1100905.jpg?fit=640%2C480\" src=\"https:\/\/i0.wp.com\/forst.igbau.nrw\/wp-content\/uploads\/2019\/10\/P1100905.jpg?resize=640%2C480\" alt=\"\" class=\"wp-image-1195\" srcset=\"https:\/\/i0.wp.com\/forst.igbau.nrw\/wp-content\/uploads\/2019\/10\/P1100905.jpg?resize=1024%2C768 1024w, https:\/\/i0.wp.com\/forst.igbau.nrw\/wp-content\/uploads\/2019\/10\/P1100905.jpg?resize=300%2C225 300w, https:\/\/i0.wp.com\/forst.igbau.nrw\/wp-content\/uploads\/2019\/10\/P1100905.jpg?resize=768%2C576 768w, https:\/\/i0.wp.com\/forst.igbau.nrw\/wp-content\/uploads\/2019\/10\/P1100905.jpg?w=1280 1280w, https:\/\/i0.wp.com\/forst.igbau.nrw\/wp-content\/uploads\/2019\/10\/P1100905.jpg?w=1920 1920w\" sizes=\"(max-width: 640px) 100vw, 640px\" \/><figcaption>Dr. Stephan Krinke VW<\/figcaption><\/figure>\n\n\n\n<p>In den anschlie\u00dfenden Arbeitsgruppen konnte vor dem Hintergrund der komplexen und weitl\u00e4ufigen Themen diese nur angesprochen werden, wobei bei weitem nicht alle Themenkomplexe unstrittig blieben.<\/p>\n\n\n\n<p>Die Themenbereiche waren:<\/p>\n\n\n\n<ul class=\"wp-block-list\"><li>Wald wof\u00fcr: zwischen Holz, \u00d6kologie und Erholung<\/li><li>Wald ist Eigentum \u2013 Gesellschaftliche Anforderungen an den privaten<\/li><li>Wald und M\u00f6glichkeiten der F\u00f6rderung von forstlicher Betreuung und waldbaulicher Ma\u00dfnahmen <\/li><li>Wald des Landes: Neue Zielsetzungen &#8211; Daseinsvorsorge und\/oder Rendite? <\/li><li>Waldnatur der Zukunft: wovon m\u00fcssen wir uns verabschieden \u2013 was erwartet uns \u2013 was gibt es jetzt zu tun <\/li><li>Wald und Arbeit: Wirkung des Klimawandels auf die Arbeit im Wald<\/li><\/ul>\n\n\n\n<p>Fast P\u00fcnktlich um 16:30 Uhr beendet der Kollege Peter Martensen mit einem Schlu\u00dfwort die Veranstaltung.<\/p>\n\n\n\n<p>Bleibt abzuwarten welche Ma\u00dfnahmen die Politik in Niedersachsen den Ansagen folgen l\u00e4sst, und bleibt zu hoffen das alle anderen Bundesl\u00e4nder und auch die Bundesregierung zukunftsf\u00e4hige Entscheidungen treffen.<\/p>\n","protected":false},"excerpt":{"rendered":"<p>Unter der Schirmherrschaft des Ministerpr\u00e4sidenten von Niedersachsen Stephan Weil organisierten die Kollegen der IG BAU Landesvertretung Niedersachsen zusammen mit dem BDF am<\/p>\n<p class=\"link-more\"><a class=\"myButt \" href=\"http:\/\/forst.igbau.nrw\/?p=1192\">Weitere Infos &#8230;<\/a><\/p>\n","protected":false},"author":2,"featured_media":1198,"comment_status":"closed","ping_status":"open","sticky":false,"template":"","format":"standard","meta":{"ngg_post_thumbnail":0,"jetpack_post_was_ever_published":false,"_jetpack_newsletter_access":"","_jetpack_dont_email_post_to_subs":false,"_jetpack_newsletter_tier_id":0,"_jetpack_memberships_contains_paywalled_content":false,"_jetpack_memberships_contains_paid_content":false,"footnotes":"","jetpack_publicize_message":"","jetpack_publicize_feature_enabled":true,"jetpack_social_post_already_shared":false,"jetpack_social_options":{"image_generator_settings":{"template":"highway","default_image_id":0,"font":"","enabled":false},"version":2}},"categories":[5],"tags":[],"class_list":["post-1192","post","type-post","status-publish","format-standard","has-post-thumbnail","hentry","category-forstwirtschaft"],"jetpack_publicize_connections":[],"jetpack_featured_media_url":"https:\/\/i0.wp.com\/forst.igbau.nrw\/wp-content\/uploads\/2019\/10\/P1100886.jpg?fit=3232%2C2424","jetpack_sharing_enabled":true,"jetpack_shortlink":"https:\/\/wp.me\/p8x7f7-je","jetpack-related-posts":[],"_links":{"self":[{"href":"http:\/\/forst.igbau.nrw\/index.php?rest_route=\/wp\/v2\/posts\/1192","targetHints":{"allow":["GET"]}}],"collection":[{"href":"http:\/\/forst.igbau.nrw\/index.php?rest_route=\/wp\/v2\/posts"}],"about":[{"href":"http:\/\/forst.igbau.nrw\/index.php?rest_route=\/wp\/v2\/types\/post"}],"author":[{"embeddable":true,"href":"http:\/\/forst.igbau.nrw\/index.php?rest_route=\/wp\/v2\/users\/2"}],"replies":[{"embeddable":true,"href":"http:\/\/forst.igbau.nrw\/index.php?rest_route=%2Fwp%2Fv2%2Fcomments&post=1192"}],"version-history":[{"count":3,"href":"http:\/\/forst.igbau.nrw\/index.php?rest_route=\/wp\/v2\/posts\/1192\/revisions"}],"predecessor-version":[{"id":1200,"href":"http:\/\/forst.igbau.nrw\/index.php?rest_route=\/wp\/v2\/posts\/1192\/revisions\/1200"}],"wp:featuredmedia":[{"embeddable":true,"href":"http:\/\/forst.igbau.nrw\/index.php?rest_route=\/wp\/v2\/media\/1198"}],"wp:attachment":[{"href":"http:\/\/forst.igbau.nrw\/index.php?rest_route=%2Fwp%2Fv2%2Fmedia&parent=1192"}],"wp:term":[{"taxonomy":"category","embeddable":true,"href":"http:\/\/forst.igbau.nrw\/index.php?rest_route=%2Fwp%2Fv2%2Fcategories&post=1192"},{"taxonomy":"post_tag","embeddable":true,"href":"http:\/\/forst.igbau.nrw\/index.php?rest_route=%2Fwp%2Fv2%2Ftags&post=1192"}],"curies":[{"name":"wp","href":"https:\/\/api.w.org\/{rel}","templated":true}]}}