{"id":1201,"date":"2019-10-05T22:00:38","date_gmt":"2019-10-05T22:00:38","guid":{"rendered":"http:\/\/forst.igbau.nrw\/?p=1201"},"modified":"2020-11-23T06:59:24","modified_gmt":"2020-11-23T06:59:24","slug":"erster-waldkongress-von-buendnis90-die-gruenen-in-nrw","status":"publish","type":"post","link":"http:\/\/forst.igbau.nrw\/?p=1201","title":{"rendered":"Erster Waldkongress von B\u00fcndnis90\/Die Gr\u00fcnen in NRW"},"content":{"rendered":"\n<p>Im K\u00f6nzgenhaus in Haltern am See fand am 04.10. auf Einladung der Landesarbeitsgemeinschaft (LAG) Wald von B\u00fcndnis90\/Die Gr\u00fcnen in Nordrhein-Westfalen der seit 2 Jahren geplante erste  \u201e<a rel=\"noreferrer noopener\" aria-label=\"Der Gr\u00fcne Waldkongress\u201c (\u00f6ffnet in neuem Tab)\" href=\"http:\/\/landwirtschaft.gruene-nrw-lag.de\/2019\/08\/28\/waldkongress\/\" target=\"_blank\">Gr\u00fcnen Waldkongress\u201c<\/a> statt. <\/p>\n\n\n\n<p>Gregor Kaiser, als einer der Kongress-Organisatoren und Sprecher der LAG Wald leitete die 2 Tage durch die Veranstaltung die gerade vor dem Hintergrund der neuesten klimabedingten Entwicklungen im Wald an Aktualit\u00e4t gewonnen haben. Eingeladen waren neben Forstleuten, Naturschutz, Waldexperten, Waldbesitzern und Gr\u00fcner Prominenz aus der Bundes- und Landespolitik auch interessierte Mitglieder von B\u00fcndnis90\/Die Gr\u00fcnen, die sich \u00fcber das Thema informieren und austauschen wollten. Das Programm bestand aus mehreren Impulsvortr\u00e4gen \/ Foren sowie zwei getrennten Waldf\u00fchrungen am 2.ten Tag. <\/p>\n\n\n\n<figure class=\"wp-block-image\"><img data-recalc-dims=\"1\" fetchpriority=\"high\" decoding=\"async\" width=\"640\" height=\"480\" data-attachment-id=\"1202\" data-permalink=\"http:\/\/forst.igbau.nrw\/?attachment_id=1202\" data-orig-file=\"https:\/\/i0.wp.com\/forst.igbau.nrw\/wp-content\/uploads\/2019\/10\/IMG_2360.jpg?fit=4032%2C3024\" data-orig-size=\"4032,3024\" data-comments-opened=\"1\" data-image-meta=\"{&quot;aperture&quot;:&quot;2.2&quot;,&quot;credit&quot;:&quot;&quot;,&quot;camera&quot;:&quot;iPhone SE&quot;,&quot;caption&quot;:&quot;&quot;,&quot;created_timestamp&quot;:&quot;1570093705&quot;,&quot;copyright&quot;:&quot;&quot;,&quot;focal_length&quot;:&quot;4.15&quot;,&quot;iso&quot;:&quot;160&quot;,&quot;shutter_speed&quot;:&quot;0.03030303030303&quot;,&quot;title&quot;:&quot;&quot;,&quot;orientation&quot;:&quot;1&quot;}\" data-image-title=\"IMG_2360\" data-image-description=\"\" data-image-caption=\"\" data-large-file=\"https:\/\/i0.wp.com\/forst.igbau.nrw\/wp-content\/uploads\/2019\/10\/IMG_2360.jpg?fit=640%2C480\" src=\"https:\/\/i0.wp.com\/forst.igbau.nrw\/wp-content\/uploads\/2019\/10\/IMG_2360.jpg?resize=640%2C480\" alt=\"\" class=\"wp-image-1202\" srcset=\"https:\/\/i0.wp.com\/forst.igbau.nrw\/wp-content\/uploads\/2019\/10\/IMG_2360.jpg?resize=1024%2C768 1024w, https:\/\/i0.wp.com\/forst.igbau.nrw\/wp-content\/uploads\/2019\/10\/IMG_2360.jpg?resize=300%2C225 300w, https:\/\/i0.wp.com\/forst.igbau.nrw\/wp-content\/uploads\/2019\/10\/IMG_2360.jpg?resize=768%2C576 768w, https:\/\/i0.wp.com\/forst.igbau.nrw\/wp-content\/uploads\/2019\/10\/IMG_2360.jpg?w=1280 1280w, https:\/\/i0.wp.com\/forst.igbau.nrw\/wp-content\/uploads\/2019\/10\/IMG_2360.jpg?w=1920 1920w\" sizes=\"(max-width: 640px) 100vw, 640px\" \/><figcaption>Norwich R\u00fc\u00dfe Waldpolitischer Sprecher der Gr\u00fcnen in NRW<\/figcaption><\/figure>\n\n\n\n<p>Die Zusammensetzung des Publikums aber auch der Referenten f\u00fchrte zu zum Teil kontroverse Debatten \u00fcber Ursachen, Folgen und vor allem die zuk\u00fcnftigen Massanahmen um dem Wald zu &#8222;helfen&#8220;. <\/p>\n\n\n\n<p>Zum Teil zeigte sich auch auf dieser Veranstaltung das das Recht auf &#8222;Recht haben&#8220; von einigen Teilnehmenden \u00fcber eine aktuell erforderliche Verst\u00e4ndigung f\u00fcr den Wald gestellt wird.<\/p>\n\n\n\n<p>Als gef\u00e4hrlich sehe ich vor allem die von einigen Wenigen getroffenen Aussagen, das der Wald sich selbst hilft und es kein Waldsterben gibt. Wie auch immer man zu diesen Theorien steht, birgt dies die Gefahr das die aktuell notwendige gesellschaftliche Diskussion \u00fcber eine \u00c4nderung unseres Verhaltens damit ein Hintert\u00fcrchen bekommt und den Ernst der Lage ignoriert.<\/p>\n\n\n\n<p>Das Klima und das Wetter \u00e4ndert sich und der Wald zeigt uns dies unmissverst\u00e4ndlich.<\/p>\n\n\n\n<p>Hier sehe ich auch uns als Fachgewerkschaft, als IG BAU, derzeit in der Verpflichtung die Politik und die Gesellschaft aus fachlicher Sicht zu informieren. <\/p>\n\n\n\n<p>In diesem Zusammenhang kann es auch sein, dass wir unser fachliches Wissen und unseren bisherigen Erkenntnisse bedingt durch die aktuelle Situation \u00fcberdenken und falls erforderlich anpassen. <\/p>\n\n\n\n<p class=\"has-small-font-size\">&#8222;Recht haben rettet weder den Wald noch das Klima&#8220;(Michael Blaschke, 2019)<\/p>\n","protected":false},"excerpt":{"rendered":"<p>Im K\u00f6nzgenhaus in Haltern am See fand am 04.10. auf Einladung der Landesarbeitsgemeinschaft (LAG) Wald von B\u00fcndnis90\/Die Gr\u00fcnen in Nordrhein-Westfalen der seit<\/p>\n<p class=\"link-more\"><a class=\"myButt \" href=\"http:\/\/forst.igbau.nrw\/?p=1201\">Weitere Infos &#8230;<\/a><\/p>\n","protected":false},"author":2,"featured_media":1206,"comment_status":"closed","ping_status":"open","sticky":false,"template":"","format":"standard","meta":{"ngg_post_thumbnail":0,"jetpack_post_was_ever_published":false,"_jetpack_newsletter_access":"","_jetpack_dont_email_post_to_subs":false,"_jetpack_newsletter_tier_id":0,"_jetpack_memberships_contains_paywalled_content":false,"_jetpack_memberships_contains_paid_content":false,"footnotes":"","jetpack_publicize_message":"","jetpack_publicize_feature_enabled":true,"jetpack_social_post_already_shared":false,"jetpack_social_options":{"image_generator_settings":{"template":"highway","default_image_id":0,"font":"","enabled":false},"version":2}},"categories":[5],"tags":[],"class_list":["post-1201","post","type-post","status-publish","format-standard","has-post-thumbnail","hentry","category-forstwirtschaft"],"jetpack_publicize_connections":[],"jetpack_featured_media_url":"https:\/\/i0.wp.com\/forst.igbau.nrw\/wp-content\/uploads\/2019\/10\/banner_lag_gruene.png?fit=528%2C116","jetpack_sharing_enabled":true,"jetpack_shortlink":"https:\/\/wp.me\/p8x7f7-jn","jetpack-related-posts":[],"_links":{"self":[{"href":"http:\/\/forst.igbau.nrw\/index.php?rest_route=\/wp\/v2\/posts\/1201","targetHints":{"allow":["GET"]}}],"collection":[{"href":"http:\/\/forst.igbau.nrw\/index.php?rest_route=\/wp\/v2\/posts"}],"about":[{"href":"http:\/\/forst.igbau.nrw\/index.php?rest_route=\/wp\/v2\/types\/post"}],"author":[{"embeddable":true,"href":"http:\/\/forst.igbau.nrw\/index.php?rest_route=\/wp\/v2\/users\/2"}],"replies":[{"embeddable":true,"href":"http:\/\/forst.igbau.nrw\/index.php?rest_route=%2Fwp%2Fv2%2Fcomments&post=1201"}],"version-history":[{"count":3,"href":"http:\/\/forst.igbau.nrw\/index.php?rest_route=\/wp\/v2\/posts\/1201\/revisions"}],"predecessor-version":[{"id":1205,"href":"http:\/\/forst.igbau.nrw\/index.php?rest_route=\/wp\/v2\/posts\/1201\/revisions\/1205"}],"wp:featuredmedia":[{"embeddable":true,"href":"http:\/\/forst.igbau.nrw\/index.php?rest_route=\/wp\/v2\/media\/1206"}],"wp:attachment":[{"href":"http:\/\/forst.igbau.nrw\/index.php?rest_route=%2Fwp%2Fv2%2Fmedia&parent=1201"}],"wp:term":[{"taxonomy":"category","embeddable":true,"href":"http:\/\/forst.igbau.nrw\/index.php?rest_route=%2Fwp%2Fv2%2Fcategories&post=1201"},{"taxonomy":"post_tag","embeddable":true,"href":"http:\/\/forst.igbau.nrw\/index.php?rest_route=%2Fwp%2Fv2%2Ftags&post=1201"}],"curies":[{"name":"wp","href":"https:\/\/api.w.org\/{rel}","templated":true}]}}