{"id":1269,"date":"2019-10-18T11:29:05","date_gmt":"2019-10-18T11:29:05","guid":{"rendered":"http:\/\/forst.igbau.nrw\/?p=1269"},"modified":"2020-11-23T06:59:24","modified_gmt":"2020-11-23T06:59:24","slug":"die-folgen-der-duerre","status":"publish","type":"post","link":"http:\/\/forst.igbau.nrw\/?p=1269","title":{"rendered":"Die Folgen der D\u00fcrre aus der Luft gesehen."},"content":{"rendered":"\n<p>Anhand von leider sehr beeindruckenden Luftaufnahmen zeigt der Forstkollege Christoph Hentschel welche Ausma\u00dfe das Absterben der Waldbest\u00e4nde in der Fichte aber auch in der Buche am n\u00f6rdlichen Rand des Sauerlandes bereits jetzt erreicht hat.<\/p>\n\n\n\n<p>Gerade aus der Luft sind die Folgen sichtbar und zeigen neben den Sch\u00e4den an den einzelnen B\u00e4umen die gro\u00dffl\u00e4chigen Sch\u00e4den durch 2 auf einander folgende D\u00fcrresommer.<\/p>\n\n\n\n<div class=\"wp-block-image\"><figure class=\"aligncenter\"><a href=\"https:\/\/www.youtube.com\/watch?v=Xlb5RcDascA\" target=\"_blank\" rel=\"noreferrer noopener\"><img data-recalc-dims=\"1\" fetchpriority=\"high\" decoding=\"async\" width=\"566\" height=\"317\" data-attachment-id=\"1274\" data-permalink=\"http:\/\/forst.igbau.nrw\/?attachment_id=1274\" data-orig-file=\"https:\/\/i0.wp.com\/forst.igbau.nrw\/wp-content\/uploads\/2019\/10\/Youtube_Hentschel_Video_1-1.png?fit=566%2C317\" data-orig-size=\"566,317\" data-comments-opened=\"1\" data-image-meta=\"{&quot;aperture&quot;:&quot;0&quot;,&quot;credit&quot;:&quot;&quot;,&quot;camera&quot;:&quot;&quot;,&quot;caption&quot;:&quot;&quot;,&quot;created_timestamp&quot;:&quot;0&quot;,&quot;copyright&quot;:&quot;&quot;,&quot;focal_length&quot;:&quot;0&quot;,&quot;iso&quot;:&quot;0&quot;,&quot;shutter_speed&quot;:&quot;0&quot;,&quot;title&quot;:&quot;&quot;,&quot;orientation&quot;:&quot;0&quot;}\" data-image-title=\"Youtube_Hentschel_Video_1-1\" data-image-description=\"\" data-image-caption=\"\" data-large-file=\"https:\/\/i0.wp.com\/forst.igbau.nrw\/wp-content\/uploads\/2019\/10\/Youtube_Hentschel_Video_1-1.png?fit=566%2C317\" src=\"https:\/\/i0.wp.com\/forst.igbau.nrw\/wp-content\/uploads\/2019\/10\/Youtube_Hentschel_Video_1-1.png?resize=566%2C317\" alt=\"\" class=\"wp-image-1274\" srcset=\"https:\/\/i0.wp.com\/forst.igbau.nrw\/wp-content\/uploads\/2019\/10\/Youtube_Hentschel_Video_1-1.png?w=566 566w, https:\/\/i0.wp.com\/forst.igbau.nrw\/wp-content\/uploads\/2019\/10\/Youtube_Hentschel_Video_1-1.png?resize=300%2C168 300w, https:\/\/i0.wp.com\/forst.igbau.nrw\/wp-content\/uploads\/2019\/10\/Youtube_Hentschel_Video_1-1.png?resize=150%2C84 150w\" sizes=\"(max-width: 566px) 100vw, 566px\" \/><\/a><figcaption><br>Video: Christoph Hentschel F\u00f6rster im Regionalforstamt Soest-Sauerland<\/figcaption><\/figure><\/div>\n\n\n\n<div class=\"wp-block-image\"><figure class=\"aligncenter\"><a href=\"https:\/\/www.youtube.com\/watch?v=z6uhTy21-fw\" target=\"_blank\" rel=\"noreferrer noopener\"><img data-recalc-dims=\"1\" decoding=\"async\" width=\"630\" height=\"350\" data-attachment-id=\"1280\" data-permalink=\"http:\/\/forst.igbau.nrw\/?attachment_id=1280\" data-orig-file=\"https:\/\/i0.wp.com\/forst.igbau.nrw\/wp-content\/uploads\/2019\/10\/Absterben-von-Buchenwa%CC%88lder-Waldsterben_Christoph-Hentschel.png?fit=630%2C350\" data-orig-size=\"630,350\" data-comments-opened=\"1\" data-image-meta=\"{&quot;aperture&quot;:&quot;0&quot;,&quot;credit&quot;:&quot;&quot;,&quot;camera&quot;:&quot;&quot;,&quot;caption&quot;:&quot;&quot;,&quot;created_timestamp&quot;:&quot;0&quot;,&quot;copyright&quot;:&quot;&quot;,&quot;focal_length&quot;:&quot;0&quot;,&quot;iso&quot;:&quot;0&quot;,&quot;shutter_speed&quot;:&quot;0&quot;,&quot;title&quot;:&quot;&quot;,&quot;orientation&quot;:&quot;0&quot;}\" data-image-title=\"Absterben-von-Buchenwa\u0308lder-Waldsterben_Christoph-Hentschel\" data-image-description=\"\" data-image-caption=\"\" data-large-file=\"https:\/\/i0.wp.com\/forst.igbau.nrw\/wp-content\/uploads\/2019\/10\/Absterben-von-Buchenwa%CC%88lder-Waldsterben_Christoph-Hentschel.png?fit=630%2C350\" src=\"https:\/\/i0.wp.com\/forst.igbau.nrw\/wp-content\/uploads\/2019\/10\/Absterben-von-Buchenwa%CC%88lder-Waldsterben_Christoph-Hentschel.png?resize=630%2C350\" alt=\"\" class=\"wp-image-1280\" srcset=\"https:\/\/i0.wp.com\/forst.igbau.nrw\/wp-content\/uploads\/2019\/10\/Absterben-von-Buchenwa%CC%88lder-Waldsterben_Christoph-Hentschel.png?w=630 630w, https:\/\/i0.wp.com\/forst.igbau.nrw\/wp-content\/uploads\/2019\/10\/Absterben-von-Buchenwa%CC%88lder-Waldsterben_Christoph-Hentschel.png?resize=300%2C167 300w, https:\/\/i0.wp.com\/forst.igbau.nrw\/wp-content\/uploads\/2019\/10\/Absterben-von-Buchenwa%CC%88lder-Waldsterben_Christoph-Hentschel.png?resize=150%2C83 150w\" sizes=\"(max-width: 630px) 100vw, 630px\" \/><\/a><figcaption>Video: Christoph Hentschel F\u00f6rster im Regionalforstamt Soest-Sauerland<\/figcaption><\/figure><\/div>\n","protected":false},"excerpt":{"rendered":"<p>Anhand von leider sehr beeindruckenden Luftaufnahmen zeigt der Forstkollege Christoph Hentschel welche Ausma\u00dfe das Absterben der Waldbest\u00e4nde in der Fichte aber auch<\/p>\n<p class=\"link-more\"><a class=\"myButt \" href=\"http:\/\/forst.igbau.nrw\/?p=1269\">Weitere Infos &#8230;<\/a><\/p>\n","protected":false},"author":2,"featured_media":1270,"comment_status":"closed","ping_status":"open","sticky":false,"template":"","format":"standard","meta":{"ngg_post_thumbnail":0,"jetpack_post_was_ever_published":false,"_jetpack_newsletter_access":"","_jetpack_dont_email_post_to_subs":false,"_jetpack_newsletter_tier_id":0,"_jetpack_memberships_contains_paywalled_content":false,"_jetpack_memberships_contains_paid_content":false,"footnotes":"","jetpack_publicize_message":"","jetpack_publicize_feature_enabled":true,"jetpack_social_post_already_shared":true,"jetpack_social_options":{"image_generator_settings":{"template":"highway","default_image_id":0,"font":"","enabled":false},"version":2}},"categories":[5],"tags":[],"class_list":["post-1269","post","type-post","status-publish","format-standard","has-post-thumbnail","hentry","category-forstwirtschaft"],"jetpack_publicize_connections":[],"jetpack_featured_media_url":"https:\/\/i0.wp.com\/forst.igbau.nrw\/wp-content\/uploads\/2019\/10\/Waldpru%CC%88fung_Borkenka%CC%88fer_2018_28.jpg?fit=2196%2C1317","jetpack_sharing_enabled":true,"jetpack_shortlink":"https:\/\/wp.me\/p8x7f7-kt","jetpack-related-posts":[],"_links":{"self":[{"href":"http:\/\/forst.igbau.nrw\/index.php?rest_route=\/wp\/v2\/posts\/1269","targetHints":{"allow":["GET"]}}],"collection":[{"href":"http:\/\/forst.igbau.nrw\/index.php?rest_route=\/wp\/v2\/posts"}],"about":[{"href":"http:\/\/forst.igbau.nrw\/index.php?rest_route=\/wp\/v2\/types\/post"}],"author":[{"embeddable":true,"href":"http:\/\/forst.igbau.nrw\/index.php?rest_route=\/wp\/v2\/users\/2"}],"replies":[{"embeddable":true,"href":"http:\/\/forst.igbau.nrw\/index.php?rest_route=%2Fwp%2Fv2%2Fcomments&post=1269"}],"version-history":[{"count":11,"href":"http:\/\/forst.igbau.nrw\/index.php?rest_route=\/wp\/v2\/posts\/1269\/revisions"}],"predecessor-version":[{"id":1286,"href":"http:\/\/forst.igbau.nrw\/index.php?rest_route=\/wp\/v2\/posts\/1269\/revisions\/1286"}],"wp:featuredmedia":[{"embeddable":true,"href":"http:\/\/forst.igbau.nrw\/index.php?rest_route=\/wp\/v2\/media\/1270"}],"wp:attachment":[{"href":"http:\/\/forst.igbau.nrw\/index.php?rest_route=%2Fwp%2Fv2%2Fmedia&parent=1269"}],"wp:term":[{"taxonomy":"category","embeddable":true,"href":"http:\/\/forst.igbau.nrw\/index.php?rest_route=%2Fwp%2Fv2%2Fcategories&post=1269"},{"taxonomy":"post_tag","embeddable":true,"href":"http:\/\/forst.igbau.nrw\/index.php?rest_route=%2Fwp%2Fv2%2Ftags&post=1269"}],"curies":[{"name":"wp","href":"https:\/\/api.w.org\/{rel}","templated":true}]}}