{"id":1288,"date":"2019-10-20T23:00:45","date_gmt":"2019-10-20T23:00:45","guid":{"rendered":"http:\/\/forst.igbau.nrw\/?p=1288"},"modified":"2020-11-23T06:59:24","modified_gmt":"2020-11-23T06:59:24","slug":"ergebnisse-der-befragung-zur-arbeitszeit-vorgestellt","status":"publish","type":"post","link":"http:\/\/forst.igbau.nrw\/?p=1288","title":{"rendered":"Ergebnisse der Befragung zur Arbeitszeit vorgestellt"},"content":{"rendered":"\n<p>Laut dem Pressetext von VERDI haben an der gro\u00df angelegten Arbeitszeitstudie der Vereinten Dienstleistungsgewerkschaft (ver.di) mehr als 210.000 Besch\u00e4ftigte im \u00f6ffentlichen Dienst teilgenommen und ga-ben Antworten auf ihre W\u00fcnsche und Vorstellungen zur Arbeitszeit. <\/p>\n\n\n\n<figure class=\"wp-block-image\"><a href=\"https:\/\/www.verdi.de\/++file++5da72a352193fb09df049e52\/download\/2019_10_17_Arbeitszeitbefragung-\u00f6D.pdf\" target=\"_blank\" rel=\"noreferrer noopener\"><img data-recalc-dims=\"1\" fetchpriority=\"high\" decoding=\"async\" width=\"637\" height=\"898\" data-attachment-id=\"1289\" data-permalink=\"http:\/\/forst.igbau.nrw\/?attachment_id=1289\" data-orig-file=\"https:\/\/i0.wp.com\/forst.igbau.nrw\/wp-content\/uploads\/2019\/10\/VERDI_Befragung.png?fit=637%2C898\" data-orig-size=\"637,898\" data-comments-opened=\"1\" data-image-meta=\"{&quot;aperture&quot;:&quot;0&quot;,&quot;credit&quot;:&quot;&quot;,&quot;camera&quot;:&quot;&quot;,&quot;caption&quot;:&quot;&quot;,&quot;created_timestamp&quot;:&quot;0&quot;,&quot;copyright&quot;:&quot;&quot;,&quot;focal_length&quot;:&quot;0&quot;,&quot;iso&quot;:&quot;0&quot;,&quot;shutter_speed&quot;:&quot;0&quot;,&quot;title&quot;:&quot;&quot;,&quot;orientation&quot;:&quot;0&quot;}\" data-image-title=\"VERDI_Befragung\" data-image-description=\"\" data-image-caption=\"\" data-large-file=\"https:\/\/i0.wp.com\/forst.igbau.nrw\/wp-content\/uploads\/2019\/10\/VERDI_Befragung.png?fit=637%2C898\" src=\"https:\/\/i0.wp.com\/forst.igbau.nrw\/wp-content\/uploads\/2019\/10\/VERDI_Befragung.png?resize=637%2C898\" alt=\"\" class=\"wp-image-1289\" srcset=\"https:\/\/i0.wp.com\/forst.igbau.nrw\/wp-content\/uploads\/2019\/10\/VERDI_Befragung.png?w=637 637w, https:\/\/i0.wp.com\/forst.igbau.nrw\/wp-content\/uploads\/2019\/10\/VERDI_Befragung.png?resize=213%2C300 213w, https:\/\/i0.wp.com\/forst.igbau.nrw\/wp-content\/uploads\/2019\/10\/VERDI_Befragung.png?resize=106%2C150 106w\" sizes=\"(max-width: 637px) 100vw, 637px\" \/><\/a><\/figure>\n","protected":false},"excerpt":{"rendered":"<p>Laut dem Pressetext von VERDI haben an der gro\u00df angelegten Arbeitszeitstudie der Vereinten Dienstleistungsgewerkschaft (ver.di) mehr als 210.000 Besch\u00e4ftigte im \u00f6ffentlichen Dienst<\/p>\n<p class=\"link-more\"><a class=\"myButt \" href=\"http:\/\/forst.igbau.nrw\/?p=1288\">Weitere Infos &#8230;<\/a><\/p>\n","protected":false},"author":2,"featured_media":1295,"comment_status":"closed","ping_status":"open","sticky":false,"template":"","format":"standard","meta":{"ngg_post_thumbnail":0,"jetpack_post_was_ever_published":false,"_jetpack_newsletter_access":"","_jetpack_dont_email_post_to_subs":false,"_jetpack_newsletter_tier_id":0,"_jetpack_memberships_contains_paywalled_content":false,"_jetpack_memberships_contains_paid_content":false,"footnotes":"","jetpack_publicize_message":"","jetpack_publicize_feature_enabled":true,"jetpack_social_post_already_shared":true,"jetpack_social_options":{"image_generator_settings":{"template":"highway","default_image_id":0,"font":"","enabled":false},"version":2}},"categories":[5],"tags":[],"class_list":["post-1288","post","type-post","status-publish","format-standard","has-post-thumbnail","hentry","category-forstwirtschaft"],"jetpack_publicize_connections":[],"jetpack_featured_media_url":"https:\/\/i0.wp.com\/forst.igbau.nrw\/wp-content\/uploads\/2019\/10\/verdi_150_150.jpg?fit=150%2C150","jetpack_sharing_enabled":true,"jetpack_shortlink":"https:\/\/wp.me\/p8x7f7-kM","jetpack-related-posts":[],"_links":{"self":[{"href":"http:\/\/forst.igbau.nrw\/index.php?rest_route=\/wp\/v2\/posts\/1288","targetHints":{"allow":["GET"]}}],"collection":[{"href":"http:\/\/forst.igbau.nrw\/index.php?rest_route=\/wp\/v2\/posts"}],"about":[{"href":"http:\/\/forst.igbau.nrw\/index.php?rest_route=\/wp\/v2\/types\/post"}],"author":[{"embeddable":true,"href":"http:\/\/forst.igbau.nrw\/index.php?rest_route=\/wp\/v2\/users\/2"}],"replies":[{"embeddable":true,"href":"http:\/\/forst.igbau.nrw\/index.php?rest_route=%2Fwp%2Fv2%2Fcomments&post=1288"}],"version-history":[{"count":2,"href":"http:\/\/forst.igbau.nrw\/index.php?rest_route=\/wp\/v2\/posts\/1288\/revisions"}],"predecessor-version":[{"id":1294,"href":"http:\/\/forst.igbau.nrw\/index.php?rest_route=\/wp\/v2\/posts\/1288\/revisions\/1294"}],"wp:featuredmedia":[{"embeddable":true,"href":"http:\/\/forst.igbau.nrw\/index.php?rest_route=\/wp\/v2\/media\/1295"}],"wp:attachment":[{"href":"http:\/\/forst.igbau.nrw\/index.php?rest_route=%2Fwp%2Fv2%2Fmedia&parent=1288"}],"wp:term":[{"taxonomy":"category","embeddable":true,"href":"http:\/\/forst.igbau.nrw\/index.php?rest_route=%2Fwp%2Fv2%2Fcategories&post=1288"},{"taxonomy":"post_tag","embeddable":true,"href":"http:\/\/forst.igbau.nrw\/index.php?rest_route=%2Fwp%2Fv2%2Ftags&post=1288"}],"curies":[{"name":"wp","href":"https:\/\/api.w.org\/{rel}","templated":true}]}}