{"id":1303,"date":"2019-10-19T09:30:07","date_gmt":"2019-10-19T09:30:07","guid":{"rendered":"http:\/\/forst.igbau.nrw\/?p=1303"},"modified":"2020-11-23T06:59:24","modified_gmt":"2020-11-23T06:59:24","slug":"junges-netzwerk-forst-nrw","status":"publish","type":"post","link":"http:\/\/forst.igbau.nrw\/?p=1303","title":{"rendered":"Junges Netzwerk Forst NRW"},"content":{"rendered":"\n<p>Die Landesvertretung der IG BAU war am 18.10 eingeladen zum regionalen Netzwerktreffen des Jungen Netzwerkes Forst (JNF) das auch dieses Mal in Kooperation mit den\u00a0<strong>Jungen Waldeigent\u00fcmern der AGDW<\/strong>\u00a0stattfand.<\/p>\n\n\n\n<p>Als Gastgeber fungierte der Forstbetrieb der\u00a0<strong>F\u00fcrst zu Bentheimschen Dom\u00e4nenkammer<\/strong> mit Sitz in Steinfurt. Im Rahmen eines gemeinsamen Waldspazierganges mit Forstdirektor Henning Buss wurde die Gelegenheit genutzt den insgesamt ca. 5.000 ha gro\u00dfen Forstbetrieb n\u00e4her kennenzulernen und sich \u00fcber die aktuellen Schwerpunktthemen aus Sicht eines Gro\u00dfen Privatforstbetriebes auszutauschen.<\/p>\n\n\n\n<p>Insbesondere die Verteilung auf  3 gr\u00f6\u00dfere Forststandorte verteilt auf 3 Bundesl\u00e4nder und die damit verbundenen Aufgaben stellen f\u00fcr den Betrieb eine gro\u00dfe Herausforderung dar. Dies zeigte sich auch beim Waldspaziergang im Bentheimer Wald in unmittelbarer N\u00e4he zu den Niederlanden.<\/p>\n\n\n\n<div class=\"wp-block-image\"><figure class=\"aligncenter is-resized\"><img fetchpriority=\"high\" decoding=\"async\" data-attachment-id=\"1305\" data-permalink=\"http:\/\/forst.igbau.nrw\/?attachment_id=1305\" data-orig-file=\"https:\/\/i0.wp.com\/forst.igbau.nrw\/wp-content\/uploads\/2019\/10\/P1100970.jpg?fit=1286%2C964\" data-orig-size=\"1286,964\" data-comments-opened=\"1\" data-image-meta=\"{&quot;aperture&quot;:&quot;3.5&quot;,&quot;credit&quot;:&quot;Peter Wicke&quot;,&quot;camera&quot;:&quot;DMC-G81&quot;,&quot;caption&quot;:&quot;&quot;,&quot;created_timestamp&quot;:&quot;1571416400&quot;,&quot;copyright&quot;:&quot;Peter Wicke&quot;,&quot;focal_length&quot;:&quot;12&quot;,&quot;iso&quot;:&quot;200&quot;,&quot;shutter_speed&quot;:&quot;0.016666666666667&quot;,&quot;title&quot;:&quot;&quot;,&quot;orientation&quot;:&quot;1&quot;}\" data-image-title=\"P1100970\" data-image-description=\"\" data-image-caption=\"\" data-large-file=\"https:\/\/i0.wp.com\/forst.igbau.nrw\/wp-content\/uploads\/2019\/10\/P1100970.jpg?fit=640%2C480\" src=\"https:\/\/i0.wp.com\/forst.igbau.nrw\/wp-content\/uploads\/2019\/10\/P1100970.jpg?fit=900%2C675\" alt=\"\" class=\"wp-image-1305\" width=\"675\" height=\"506\" srcset=\"https:\/\/i0.wp.com\/forst.igbau.nrw\/wp-content\/uploads\/2019\/10\/P1100970.jpg?w=1286 1286w, https:\/\/i0.wp.com\/forst.igbau.nrw\/wp-content\/uploads\/2019\/10\/P1100970.jpg?resize=300%2C225 300w, https:\/\/i0.wp.com\/forst.igbau.nrw\/wp-content\/uploads\/2019\/10\/P1100970.jpg?resize=768%2C576 768w, https:\/\/i0.wp.com\/forst.igbau.nrw\/wp-content\/uploads\/2019\/10\/P1100970.jpg?resize=1024%2C768 1024w, https:\/\/i0.wp.com\/forst.igbau.nrw\/wp-content\/uploads\/2019\/10\/P1100970.jpg?resize=150%2C112 150w\" sizes=\"(max-width: 640px) 100vw, 640px\" \/><figcaption>v.l. Henning Buss, J\u00f6rg Matzick, Christian Langfeldt, Georg Schirmbeck<\/figcaption><\/figure><\/div>\n\n\n\n<p>Als Teilnehmer konnte das JNF dar\u00fcber hinaus <strong>Georg Schirmbeck, <\/strong>den Pr\u00e4sidenten des Deutschen Forstwirtschaftsrates gewinnen, als &#8222;Nachbar&#8220; erkl\u00e4rte er sich gerne bereit am Termin teilzunehmen und zu den aktuellen forstpolitischen Schwerpunktthemen auf Bundesebene und in NRW einen kurzen Beitrag zu leisten.<\/p>\n\n\n\n<p>J\u00f6rg Matzick als Vorsitzender des Forstvereins in NRW bedankte sich f\u00fcr das Engagement der Jungen Kolleginnen und Kollegen und warb f\u00fcr eine Erweiterung und den Ausbau der Aktivit\u00e4ten.<\/p>\n","protected":false},"excerpt":{"rendered":"<p>Die Landesvertretung der IG BAU war am 18.10 eingeladen zum regionalen Netzwerktreffen des Jungen Netzwerkes Forst (JNF) das auch dieses Mal in<\/p>\n<p class=\"link-more\"><a class=\"myButt \" href=\"http:\/\/forst.igbau.nrw\/?p=1303\">Weitere Infos &#8230;<\/a><\/p>\n","protected":false},"author":2,"featured_media":1304,"comment_status":"closed","ping_status":"open","sticky":false,"template":"","format":"standard","meta":{"ngg_post_thumbnail":0,"jetpack_post_was_ever_published":false,"_jetpack_newsletter_access":"","_jetpack_dont_email_post_to_subs":false,"_jetpack_newsletter_tier_id":0,"_jetpack_memberships_contains_paywalled_content":false,"_jetpack_memberships_contains_paid_content":false,"footnotes":"","jetpack_publicize_message":"","jetpack_publicize_feature_enabled":true,"jetpack_social_post_already_shared":true,"jetpack_social_options":{"image_generator_settings":{"template":"highway","default_image_id":0,"font":"","enabled":false},"version":2}},"categories":[5],"tags":[],"class_list":["post-1303","post","type-post","status-publish","format-standard","has-post-thumbnail","hentry","category-forstwirtschaft"],"jetpack_publicize_connections":[],"jetpack_featured_media_url":"https:\/\/i0.wp.com\/forst.igbau.nrw\/wp-content\/uploads\/2019\/10\/Junges_Netzwerk_Forst.png?fit=176%2C172","jetpack_sharing_enabled":true,"jetpack_shortlink":"https:\/\/wp.me\/p8x7f7-l1","jetpack-related-posts":[],"_links":{"self":[{"href":"http:\/\/forst.igbau.nrw\/index.php?rest_route=\/wp\/v2\/posts\/1303","targetHints":{"allow":["GET"]}}],"collection":[{"href":"http:\/\/forst.igbau.nrw\/index.php?rest_route=\/wp\/v2\/posts"}],"about":[{"href":"http:\/\/forst.igbau.nrw\/index.php?rest_route=\/wp\/v2\/types\/post"}],"author":[{"embeddable":true,"href":"http:\/\/forst.igbau.nrw\/index.php?rest_route=\/wp\/v2\/users\/2"}],"replies":[{"embeddable":true,"href":"http:\/\/forst.igbau.nrw\/index.php?rest_route=%2Fwp%2Fv2%2Fcomments&post=1303"}],"version-history":[{"count":4,"href":"http:\/\/forst.igbau.nrw\/index.php?rest_route=\/wp\/v2\/posts\/1303\/revisions"}],"predecessor-version":[{"id":1309,"href":"http:\/\/forst.igbau.nrw\/index.php?rest_route=\/wp\/v2\/posts\/1303\/revisions\/1309"}],"wp:featuredmedia":[{"embeddable":true,"href":"http:\/\/forst.igbau.nrw\/index.php?rest_route=\/wp\/v2\/media\/1304"}],"wp:attachment":[{"href":"http:\/\/forst.igbau.nrw\/index.php?rest_route=%2Fwp%2Fv2%2Fmedia&parent=1303"}],"wp:term":[{"taxonomy":"category","embeddable":true,"href":"http:\/\/forst.igbau.nrw\/index.php?rest_route=%2Fwp%2Fv2%2Fcategories&post=1303"},{"taxonomy":"post_tag","embeddable":true,"href":"http:\/\/forst.igbau.nrw\/index.php?rest_route=%2Fwp%2Fv2%2Ftags&post=1303"}],"curies":[{"name":"wp","href":"https:\/\/api.w.org\/{rel}","templated":true}]}}