{"id":1353,"date":"2019-11-14T18:34:43","date_gmt":"2019-11-14T18:34:43","guid":{"rendered":"http:\/\/forst.igbau.nrw\/?p=1353"},"modified":"2020-11-23T06:59:24","modified_gmt":"2020-11-23T06:59:24","slug":"wald-im-klimastress-2","status":"publish","type":"post","link":"http:\/\/forst.igbau.nrw\/?p=1353","title":{"rendered":"&#8222;Wald im Klimastress&#8220;"},"content":{"rendered":"\n<p>Der Kongress mit dem Thema \u201eWald im Klimastress\u201c des Ministeriums f\u00fcr Umwelt Landwirtschaft und Natur &#8211; und Verbraucherschutz in Nordrhein-Westfalen fand am 11.11.2019 in D\u00fcsseldorf statt. Trotzdem an diesem Tage gerade im Rheinland die N\u00e4rrische Zeit eingeleutet wird folgten der Einladung des MULNV eine Vielzahl von Teilnehmern nach D\u00fcsseldorf an den Rhein. Zum Auftakt bedankte sich Ministerin Frau Heinen-Esser bei allen Besch\u00e4ftigten im Wald f\u00fcr ihr Engagement und die Bew\u00e4ltigung der gef\u00e4hrlichen und belastenden Arbeit im Zusammenhang mit den D\u00fcrresch\u00e4den in Nordrhein-Westfalen.<\/p>\n\n\n\n<p>Weiter f\u00fchrte die Ministerin unter anderem an das derzeit an der Erstellung eines Bewertungssystems f\u00fcr die \u00d6kosystemdienstleistungen des Waldes gearbeitet wird, dieses Bewertungssystem soll auf Bundesebene zur Herleitung von Bewertungsdaten entstehen. Und damit hoffentlich eine &#8222;monet\u00e4re&#8220; Darstellung der bis Dato kostenlos bereit gestellten Leistungen des Waldes erm\u00f6glichen.<\/p>\n\n\n\n<p>Die Ministerin bekr\u00e4ftigte noch einmal die Zusage der Landesregierung \u00fcber Finanzmittel in H\u00f6he von 9.0 Mio \u20ac um die aktuellen Folgen der D\u00fcrresch\u00e4den zu bew\u00e4ltigen.<\/p>\n\n\n\n<p>Grunds\u00e4tzlich begr\u00fc\u00dfen wir nat\u00fcrlich die Zusage dieser dringend ben\u00f6tigten Finanzmittel um die durch die Folgen der beiden bisherigen D\u00fcrresommer im Wald abzumildern.<\/p>\n\n\n\n<p>Leider jedoch steht diese Mittelzusage von j\u00e4hrlichen Zuwendungen immer unter dem Vorbehalt der kommenden Haushaltsberatungen des Landtages und sind damit nicht durchgehend gesichert. <\/p>\n\n\n\n<p>Dar\u00fcber hinaus steht diese Zusage in keiner Relation zu anderen durch die \u00d6ffentliche Hand finanzierte Vorhaben.<\/p>\n\n\n\n<p>Wenn man alleine die aktuelle Diskussion \u00fcber die Sanierung der K\u00f6lner Oper in H\u00f6he von mehr als 550 Millionen Euro sieht, mal einmal davon abgesehen das diese zus\u00e4tzlich zu einer j\u00e4hrliche Finanzierung der in H\u00f6he von  60 Millionen erh\u00e4lt, muss man sich die Frage stellen ob der Gesellschaft die Systemrelevanz des Waldes gegenw\u00e4rtig ist.<\/p>\n\n\n\n<p>Daher sehen wir diese Zusage erst als einen ersten Schritt hin zu einer gesamtgesellschaftlichen Anstrengung und einer dauerhaften Aufgabe den Wald als Teil einer Bek\u00e4mpfung des Klimawandels zu \u201eunterst\u00fctzen\u201c.<\/p>\n\n\n\n<p>Im Anschluss folgten 2 Auftaktvortr\u00e4ge zum Thema der Veranstaltung die begonnen wurde durch einen wieder einmal erschreckenden Beitrag von Herrn  Prof. Dr. Dr. h.c. Hans Joachim Schellnhuber vom <br>Potsdam-Institut f\u00fcr Klimafolgenforschung&nbsp;, Mitglied des Wissenschaftlichen Beirats der Bundesregierung f\u00fcr Globale Umweltver\u00e4nderungen (WBGU) und unter anderem Mitglied der P\u00e4pstlichen Akademie der Wissenschaften des Vatikan.<\/p>\n\n\n\n<div class=\"wp-block-image\"><figure class=\"aligncenter size-large is-resized\"><img fetchpriority=\"high\" decoding=\"async\" data-attachment-id=\"1354\" data-permalink=\"http:\/\/forst.igbau.nrw\/?attachment_id=1354\" data-orig-file=\"https:\/\/i0.wp.com\/forst.igbau.nrw\/wp-content\/uploads\/2019\/11\/IMG_2458.jpg?fit=1785%2C1071\" data-orig-size=\"1785,1071\" data-comments-opened=\"1\" data-image-meta=\"{&quot;aperture&quot;:&quot;2.2&quot;,&quot;credit&quot;:&quot;Peter Wicke&quot;,&quot;camera&quot;:&quot;iPhone SE&quot;,&quot;caption&quot;:&quot;&quot;,&quot;created_timestamp&quot;:&quot;1573471404&quot;,&quot;copyright&quot;:&quot;Peter Wicke&quot;,&quot;focal_length&quot;:&quot;4.15&quot;,&quot;iso&quot;:&quot;50&quot;,&quot;shutter_speed&quot;:&quot;0.03030303030303&quot;,&quot;title&quot;:&quot;&quot;,&quot;orientation&quot;:&quot;1&quot;}\" data-image-title=\"IMG_2458\" data-image-description=\"\" data-image-caption=\"\" data-large-file=\"https:\/\/i0.wp.com\/forst.igbau.nrw\/wp-content\/uploads\/2019\/11\/IMG_2458.jpg?fit=640%2C384\" src=\"https:\/\/i0.wp.com\/forst.igbau.nrw\/wp-content\/uploads\/2019\/11\/IMG_2458.jpg?fit=1024%2C614\" alt=\"\" class=\"wp-image-1354\" width=\"768\" height=\"461\" srcset=\"https:\/\/i0.wp.com\/forst.igbau.nrw\/wp-content\/uploads\/2019\/11\/IMG_2458.jpg?w=1785 1785w, https:\/\/i0.wp.com\/forst.igbau.nrw\/wp-content\/uploads\/2019\/11\/IMG_2458.jpg?resize=300%2C180 300w, https:\/\/i0.wp.com\/forst.igbau.nrw\/wp-content\/uploads\/2019\/11\/IMG_2458.jpg?resize=1024%2C614 1024w, https:\/\/i0.wp.com\/forst.igbau.nrw\/wp-content\/uploads\/2019\/11\/IMG_2458.jpg?resize=768%2C461 768w, https:\/\/i0.wp.com\/forst.igbau.nrw\/wp-content\/uploads\/2019\/11\/IMG_2458.jpg?resize=1536%2C922 1536w, https:\/\/i0.wp.com\/forst.igbau.nrw\/wp-content\/uploads\/2019\/11\/IMG_2458.jpg?resize=150%2C90 150w, https:\/\/i0.wp.com\/forst.igbau.nrw\/wp-content\/uploads\/2019\/11\/IMG_2458.jpg?resize=333%2C200 333w, https:\/\/i0.wp.com\/forst.igbau.nrw\/wp-content\/uploads\/2019\/11\/IMG_2458.jpg?w=1280 1280w\" sizes=\"(max-width: 640px) 100vw, 640px\" \/><figcaption>Prof. Dr. Dr. h.c. Hans Joachim Schellnhuber zum Thema Jetstream Ver\u00e4nderungen<\/figcaption><\/figure><\/div>\n\n\n\n<p>Anschlie\u00dfend brach Herr Prof. Dr. Bitter von der TU Dresden, in seinem Impulsvortrag die Katastrophe runter auf Nordrhein-Westfalen und insbesondere auf die Situation im Sauerland.<\/p>\n\n\n\n<p>Prof. Dr. Bitter trifft die Aussage &#8222;jeder ist betroffen und keiner wird ohne Folgen bleiben&#8220;  und stellt aus seiner Sicht unmissverst\u00e4ndlich dar dass diese Katastrophe eine Folge des durch die Menschheit verursachten Klimawandels ist und sich der Gesellschaft in Europa zuerst im Wald f\u00fcr jeden sichtbar zeigt.<\/p>\n\n\n\n<p>Die Folgen stellt Prof. Dr. Bitter aus betriebswirtschaftlicher Sicht des Clusters Wald und Holz, und die damit verbundenen Auswirkungen auf die Wertsch\u00f6pfung aus dem Wald dar.<\/p>\n\n\n\n<p>Er ist der Auffassung das wir Grundlagen f\u00fcr eine Entscheidung der Waldbewirtschaftung vermutlich nicht mehr im Griff haben, Dazu kommt das dringend erforderliche Standortinformationen f\u00fcr den Wald leider nicht fl\u00e4chendeckend vorhanden sind, die Schaffung dieser Grundlagensicherung ist in der Vergangenheit str\u00e4flich vernachl\u00e4ssigt worden.<\/p>\n\n\n\n<p>Unabh\u00e4ngig davon steht die Forstwirtschaft vor dem aktuellen Problem Entscheidungen f\u00fcr die Zukunft des Waldes zu treffen vor dem Hintergrund einer aktuellen nie dagewesenen Standortdynamik, wahrscheinlich, so Prof. Dr. Bitter weiter, m\u00fcssen wir uns von der Planungsgrundlage der potentiellen nat\u00fcrlichen Vegetation verabschieden.<\/p>\n\n\n\n<p>Dr. Constantin Zohner, Professur f\u00fcr Globale \u00d6kosystem\u00f6kologie von der Eidgen\u00f6ssische Technische Hochschule in Z\u00fcrich (ETH Z\u00fcrich), nahm in seinem Vortrag Bezug auf die vor kurzem diskutierte Aussagen zum CO2 Speicherbeitrag durch das Pflanzen von zus\u00e4tzlichen B\u00e4ume und dem Wiederaufforsten bereits verschwundener W\u00e4lder. Entgegen zum Teil anderer Zahlen die diskutiert werden rechnet die ETH Z\u00fcrich mit der M\u00f6glichkeit bis zu 450 Gigatonnen an CO2 zu binden wenn die unglaubliche Zahl von 3 Billionen B\u00e4umen gepflanzt werden.<\/p>\n\n\n\n<figure class=\"wp-block-image size-large\"><img decoding=\"async\" width=\"1642\" height=\"985\" data-attachment-id=\"1412\" data-permalink=\"http:\/\/forst.igbau.nrw\/?attachment_id=1412\" data-orig-file=\"https:\/\/i0.wp.com\/forst.igbau.nrw\/wp-content\/uploads\/2019\/11\/IMG_2470-1.jpg?fit=1642%2C985\" data-orig-size=\"1642,985\" data-comments-opened=\"1\" data-image-meta=\"{&quot;aperture&quot;:&quot;2.2&quot;,&quot;credit&quot;:&quot;Peter Wicke&quot;,&quot;camera&quot;:&quot;iPhone SE&quot;,&quot;caption&quot;:&quot;&quot;,&quot;created_timestamp&quot;:&quot;1573478265&quot;,&quot;copyright&quot;:&quot;Peter Wicke&quot;,&quot;focal_length&quot;:&quot;4.15&quot;,&quot;iso&quot;:&quot;50&quot;,&quot;shutter_speed&quot;:&quot;0.03030303030303&quot;,&quot;title&quot;:&quot;&quot;,&quot;orientation&quot;:&quot;1&quot;}\" data-image-title=\"IMG_2470-1\" data-image-description=\"\" data-image-caption=\"\" data-large-file=\"https:\/\/i0.wp.com\/forst.igbau.nrw\/wp-content\/uploads\/2019\/11\/IMG_2470-1.jpg?fit=640%2C384\" src=\"https:\/\/i0.wp.com\/forst.igbau.nrw\/wp-content\/uploads\/2019\/11\/IMG_2470-1.jpg?fit=960%2C576\" alt=\"\" class=\"wp-image-1412\" srcset=\"https:\/\/i0.wp.com\/forst.igbau.nrw\/wp-content\/uploads\/2019\/11\/IMG_2470-1.jpg?w=1642 1642w, https:\/\/i0.wp.com\/forst.igbau.nrw\/wp-content\/uploads\/2019\/11\/IMG_2470-1.jpg?resize=300%2C180 300w, https:\/\/i0.wp.com\/forst.igbau.nrw\/wp-content\/uploads\/2019\/11\/IMG_2470-1.jpg?resize=1024%2C614 1024w, https:\/\/i0.wp.com\/forst.igbau.nrw\/wp-content\/uploads\/2019\/11\/IMG_2470-1.jpg?resize=768%2C461 768w, https:\/\/i0.wp.com\/forst.igbau.nrw\/wp-content\/uploads\/2019\/11\/IMG_2470-1.jpg?resize=1536%2C921 1536w, https:\/\/i0.wp.com\/forst.igbau.nrw\/wp-content\/uploads\/2019\/11\/IMG_2470-1.jpg?resize=1140%2C684 1140w, https:\/\/i0.wp.com\/forst.igbau.nrw\/wp-content\/uploads\/2019\/11\/IMG_2470-1.jpg?w=1280 1280w\" sizes=\"(max-width: 640px) 100vw, 640px\" \/><figcaption>Dr. Zohner ETH Z\u00fcrich<\/figcaption><\/figure>\n\n\n\n<p>Aber auch Dr. Zohner sieht davor erst einmal die unbedingte Erfordernis das alle jetzt bestehenden W\u00e4lder vor einer weiteren Reduktion durch Kahlschl\u00e4ge bewahrt werden. <\/p>\n\n\n\n<p>Im Anschluss stellte Dr. Ammer, die waldbauliche Folgen der aktuellen D\u00fcrresituation und der abnehmenden Niederschl\u00e4ge und gestiegenen Temperaturen aus forstwissenschaftrlicher Sicht dar.<\/p>\n\n\n\n<p>Die Entwicklung der negativen Wasserbilanz nimmt in den letzten Jahren dramatisch zu, es zeichnet sich deutlich eine Tendenz hin zu einer durchweg negativen Bilanz ab .<\/p>\n\n\n\n<p>Damit steigt das durchschnittliche Befallsrisiko z.b. f\u00fcr die Fichte bis 2060 in einem Ma\u00dfe an, so dass in naher Zukunft Waldbest\u00e4nde in denen Fichte einen nennenswerten Anteil  hat auf wenige verbleibende Bereiche in den Hochlagen reduziert werden wird.<\/p>\n\n\n\n<p>Auch die Zukunftsf\u00e4higkeit der Buche ist bei der sich abzeichnenden Wasserbilanz in vielen Bereichen in Frage zu stellen, aus der Sicht von Dr. Ammer sollten umfangreichere Versuche mit epigenetisch angepassten Provinienzen z.b. der Buche gemacht werden, f\u00fcr eine gro\u00dffl\u00e4chige Nutzung sind bisherige wissenschaftliche Erkenntnisse nicht ausreichend.<\/p>\n\n\n\n<p>Derzeit sind Standortempfehlung von Baumarten nicht mit Ruhigen Gewissen machbar, bedingt durch fehlende Grundlagenforschung wird es auch immer wieder zu R\u00fcckschl\u00e4gen kommen, der Versuch und die Risikostreuung durch Mischbest\u00e4nde muss daher ein Teil der Vorgehensweise sein.<\/p>\n\n\n\n<p>Von einer pauschalen Aussage zugunsten einer gro\u00dffl\u00e4chige Nutzung von fremdl\u00e4ndischen Baumarten r\u00e4t Dr. Ammer ab.<\/p>\n\n\n\n<p>Die Entscheidung ober zu einer Natur- oder Kunstverj\u00fcngung gegriffen werden sollte muss von den individuellen Gegebenheiten abh\u00e4ngig gemacht werden.<\/p>\n\n\n\n<p>Die Fragestellungen Wechsel Baumarten, Wilddichte, Finanzierung, Fl\u00e4chenvoraussetzungen usw, sind hier ma\u00dfgebliche Entscheidungsgr\u00fcnde.<\/p>\n\n\n\n<p>Letztendlich sieht er alles als Symptomdoktorei an , Ursache ist und bleibt der Klimawandel.<\/p>\n\n\n\n<p>Beendet wurden die Vortr\u00e4ge durch einen Beitrag von Prof. Dipl. Ing. Ludger Dederich von der Hochschule f\u00fcr Forstwirtschaft in Rottenburg. <\/p>\n\n\n\n<p>In seinem Beitrag kritisierte er die mangelnde Bereitschaft in Deutschland im allgemeinen und in NRW im speziellen die Chancen des modernen Holzbau zu nutzen.<\/p>\n\n\n\n<div class=\"wp-block-image\"><figure class=\"aligncenter size-large is-resized\"><img decoding=\"async\" data-attachment-id=\"1416\" data-permalink=\"http:\/\/forst.igbau.nrw\/?attachment_id=1416\" data-orig-file=\"https:\/\/i0.wp.com\/forst.igbau.nrw\/wp-content\/uploads\/2019\/11\/Fotos_LIGNA_2019_18.jpg?fit=1616%2C970\" data-orig-size=\"1616,970\" data-comments-opened=\"1\" data-image-meta=\"{&quot;aperture&quot;:&quot;7.1&quot;,&quot;credit&quot;:&quot;Peter Wicke&quot;,&quot;camera&quot;:&quot;DMC-G81&quot;,&quot;caption&quot;:&quot;&quot;,&quot;created_timestamp&quot;:&quot;1558956621&quot;,&quot;copyright&quot;:&quot;Peter Wicke&quot;,&quot;focal_length&quot;:&quot;18&quot;,&quot;iso&quot;:&quot;800&quot;,&quot;shutter_speed&quot;:&quot;0.002&quot;,&quot;title&quot;:&quot;&quot;,&quot;orientation&quot;:&quot;1&quot;}\" data-image-title=\"Fotos_LIGNA_2019_18\" data-image-description=\"\" data-image-caption=\"\" data-large-file=\"https:\/\/i0.wp.com\/forst.igbau.nrw\/wp-content\/uploads\/2019\/11\/Fotos_LIGNA_2019_18.jpg?fit=640%2C384\" src=\"https:\/\/i0.wp.com\/forst.igbau.nrw\/wp-content\/uploads\/2019\/11\/Fotos_LIGNA_2019_18.jpg?fit=960%2C577\" alt=\"\" class=\"wp-image-1416\" width=\"720\" height=\"432\" srcset=\"https:\/\/i0.wp.com\/forst.igbau.nrw\/wp-content\/uploads\/2019\/11\/Fotos_LIGNA_2019_18.jpg?w=1616 1616w, https:\/\/i0.wp.com\/forst.igbau.nrw\/wp-content\/uploads\/2019\/11\/Fotos_LIGNA_2019_18.jpg?resize=300%2C180 300w, https:\/\/i0.wp.com\/forst.igbau.nrw\/wp-content\/uploads\/2019\/11\/Fotos_LIGNA_2019_18.jpg?resize=1024%2C615 1024w, https:\/\/i0.wp.com\/forst.igbau.nrw\/wp-content\/uploads\/2019\/11\/Fotos_LIGNA_2019_18.jpg?resize=768%2C461 768w, https:\/\/i0.wp.com\/forst.igbau.nrw\/wp-content\/uploads\/2019\/11\/Fotos_LIGNA_2019_18.jpg?resize=1536%2C922 1536w, https:\/\/i0.wp.com\/forst.igbau.nrw\/wp-content\/uploads\/2019\/11\/Fotos_LIGNA_2019_18.jpg?resize=1140%2C684 1140w, https:\/\/i0.wp.com\/forst.igbau.nrw\/wp-content\/uploads\/2019\/11\/Fotos_LIGNA_2019_18.jpg?w=1280 1280w\" sizes=\"(max-width: 640px) 100vw, 640px\" \/><figcaption>Expodach Messegel\u00e4nde Hannover, gebaut aus Holz<\/figcaption><\/figure><\/div>\n\n\n\n<p>Un das obwohl es vielfache Beispiele auch f\u00fcr langfristig bestehende Holzbauten bis zur\u00fcck ins 12. Jahrhundert gibt.  Aber nat\u00fcrlich gibt es auch aktuelle technische Innovationen im Holzbau wie z.b. der <a rel=\"noreferrer noopener\" aria-label=\"Tree Tower in  Bergen \/ Norwegen (opens in a new tab)\" href=\"https:\/\/www.facebook.com\/thetreetower\/\" target=\"_blank\">Tree Tower in  Bergen \/ Norwegen<\/a> oder das im Holzrahmenbau errichtete h\u00f6chste Holzgeb\u00e4ude weltweit das sogenannte <a href=\"https:\/\/www.moelven.com\/mjostarnet\/\" target=\"_blank\" rel=\"noreferrer noopener\" aria-label=\"\u201eMj\u00f8st\u00e5rnet\u201c im norwegischen Brumunddal (opens in a new tab)\">\u201eMj\u00f8st\u00e5rnet\u201c im norwegischen Brumunddal<\/a>, das mit seiner Gesamth\u00f6he von 85,5 m zeigt welche M\u00f6glichkeiten im modernen Holzbau bestehen.<\/p>\n\n\n\n<div class=\"wp-block-image\"><figure class=\"aligncenter size-large is-resized\"><img loading=\"lazy\" decoding=\"async\" data-attachment-id=\"1417\" data-permalink=\"http:\/\/forst.igbau.nrw\/?attachment_id=1417\" data-orig-file=\"https:\/\/i0.wp.com\/forst.igbau.nrw\/wp-content\/uploads\/2019\/11\/Holzbauten_LIGNA_2017.jpg?fit=2283%2C1522\" data-orig-size=\"2283,1522\" data-comments-opened=\"1\" data-image-meta=\"{&quot;aperture&quot;:&quot;6.3&quot;,&quot;credit&quot;:&quot;Peter Wicke&quot;,&quot;camera&quot;:&quot;NIKON D7000&quot;,&quot;caption&quot;:&quot;&quot;,&quot;created_timestamp&quot;:&quot;1495458538&quot;,&quot;copyright&quot;:&quot;Peter Wicke&quot;,&quot;focal_length&quot;:&quot;35&quot;,&quot;iso&quot;:&quot;800&quot;,&quot;shutter_speed&quot;:&quot;0.01&quot;,&quot;title&quot;:&quot;&quot;,&quot;orientation&quot;:&quot;1&quot;}\" data-image-title=\"Holzbauten_LIGNA_2017\" data-image-description=\"\" data-image-caption=\"\" data-large-file=\"https:\/\/i0.wp.com\/forst.igbau.nrw\/wp-content\/uploads\/2019\/11\/Holzbauten_LIGNA_2017.jpg?fit=640%2C427\" src=\"https:\/\/i0.wp.com\/forst.igbau.nrw\/wp-content\/uploads\/2019\/11\/Holzbauten_LIGNA_2017.jpg?fit=960%2C640\" alt=\"\" class=\"wp-image-1417\" width=\"720\" height=\"480\" srcset=\"https:\/\/i0.wp.com\/forst.igbau.nrw\/wp-content\/uploads\/2019\/11\/Holzbauten_LIGNA_2017.jpg?w=2283 2283w, https:\/\/i0.wp.com\/forst.igbau.nrw\/wp-content\/uploads\/2019\/11\/Holzbauten_LIGNA_2017.jpg?resize=300%2C200 300w, https:\/\/i0.wp.com\/forst.igbau.nrw\/wp-content\/uploads\/2019\/11\/Holzbauten_LIGNA_2017.jpg?resize=1024%2C683 1024w, https:\/\/i0.wp.com\/forst.igbau.nrw\/wp-content\/uploads\/2019\/11\/Holzbauten_LIGNA_2017.jpg?resize=768%2C512 768w, https:\/\/i0.wp.com\/forst.igbau.nrw\/wp-content\/uploads\/2019\/11\/Holzbauten_LIGNA_2017.jpg?resize=1536%2C1024 1536w, https:\/\/i0.wp.com\/forst.igbau.nrw\/wp-content\/uploads\/2019\/11\/Holzbauten_LIGNA_2017.jpg?resize=2048%2C1365 2048w, https:\/\/i0.wp.com\/forst.igbau.nrw\/wp-content\/uploads\/2019\/11\/Holzbauten_LIGNA_2017.jpg?resize=1140%2C760 1140w, https:\/\/i0.wp.com\/forst.igbau.nrw\/wp-content\/uploads\/2019\/11\/Holzbauten_LIGNA_2017.jpg?w=1280 1280w, https:\/\/i0.wp.com\/forst.igbau.nrw\/wp-content\/uploads\/2019\/11\/Holzbauten_LIGNA_2017.jpg?w=1920 1920w\" sizes=\"(max-width: 640px) 100vw, 640px\" \/><figcaption>Beispiele moderner Holzbau LIGNA 2017<\/figcaption><\/figure><\/div>\n\n\n\n<p>Die M\u00f6glichkeiten einer CO2 Bindung aber vor allem die Substitution von CO2 durch den Wegfall von Beton und Stahl w\u00e4ren immens.<\/p>\n\n\n\n<p>In der abschlie\u00dfenden Podiumsdiskussionen der Landtagsparteien aus dem NRW Landtag und der Vertretung des Naturschutzes sowie dem MULNV wurden einmal mehr die unterschiedlichen Sichtweisen der Ursachen, den Zukunftsaussichten und den L\u00f6sungsm\u00f6glichkeiten aufgezeigt. Trotz aller wissenschaftlicher Expertise in den vorangegangenen Beitr\u00e4gen fanden diese nicht bei allen Beteiligten auf dem Podium ihren Niederschlag.<\/p>\n","protected":false},"excerpt":{"rendered":"<p>Der Kongress mit dem Thema \u201eWald im Klimastress\u201c des Ministeriums f\u00fcr Umwelt Landwirtschaft und Natur &#8211; und Verbraucherschutz in Nordrhein-Westfalen fand am<\/p>\n<p class=\"link-more\"><a class=\"myButt \" href=\"http:\/\/forst.igbau.nrw\/?p=1353\">Weitere Infos &#8230;<\/a><\/p>\n","protected":false},"author":2,"featured_media":1403,"comment_status":"closed","ping_status":"open","sticky":false,"template":"","format":"standard","meta":{"ngg_post_thumbnail":0,"jetpack_post_was_ever_published":false,"_jetpack_newsletter_access":"","_jetpack_dont_email_post_to_subs":false,"_jetpack_newsletter_tier_id":0,"_jetpack_memberships_contains_paywalled_content":false,"_jetpack_memberships_contains_paid_content":false,"footnotes":"","jetpack_publicize_message":"","jetpack_publicize_feature_enabled":true,"jetpack_social_post_already_shared":true,"jetpack_social_options":{"image_generator_settings":{"template":"highway","default_image_id":0,"font":"","enabled":false},"version":2}},"categories":[5],"tags":[],"class_list":["post-1353","post","type-post","status-publish","format-standard","has-post-thumbnail","hentry","category-forstwirtschaft"],"jetpack_publicize_connections":[],"jetpack_featured_media_url":"https:\/\/i0.wp.com\/forst.igbau.nrw\/wp-content\/uploads\/2019\/11\/IGBAU_Forst_Streik_Sep19__38-scaled.jpg?fit=2560%2C1706","jetpack_sharing_enabled":true,"jetpack_shortlink":"https:\/\/wp.me\/p8x7f7-lP","jetpack-related-posts":[],"_links":{"self":[{"href":"http:\/\/forst.igbau.nrw\/index.php?rest_route=\/wp\/v2\/posts\/1353","targetHints":{"allow":["GET"]}}],"collection":[{"href":"http:\/\/forst.igbau.nrw\/index.php?rest_route=\/wp\/v2\/posts"}],"about":[{"href":"http:\/\/forst.igbau.nrw\/index.php?rest_route=\/wp\/v2\/types\/post"}],"author":[{"embeddable":true,"href":"http:\/\/forst.igbau.nrw\/index.php?rest_route=\/wp\/v2\/users\/2"}],"replies":[{"embeddable":true,"href":"http:\/\/forst.igbau.nrw\/index.php?rest_route=%2Fwp%2Fv2%2Fcomments&post=1353"}],"version-history":[{"count":8,"href":"http:\/\/forst.igbau.nrw\/index.php?rest_route=\/wp\/v2\/posts\/1353\/revisions"}],"predecessor-version":[{"id":1419,"href":"http:\/\/forst.igbau.nrw\/index.php?rest_route=\/wp\/v2\/posts\/1353\/revisions\/1419"}],"wp:featuredmedia":[{"embeddable":true,"href":"http:\/\/forst.igbau.nrw\/index.php?rest_route=\/wp\/v2\/media\/1403"}],"wp:attachment":[{"href":"http:\/\/forst.igbau.nrw\/index.php?rest_route=%2Fwp%2Fv2%2Fmedia&parent=1353"}],"wp:term":[{"taxonomy":"category","embeddable":true,"href":"http:\/\/forst.igbau.nrw\/index.php?rest_route=%2Fwp%2Fv2%2Fcategories&post=1353"},{"taxonomy":"post_tag","embeddable":true,"href":"http:\/\/forst.igbau.nrw\/index.php?rest_route=%2Fwp%2Fv2%2Ftags&post=1353"}],"curies":[{"name":"wp","href":"https:\/\/api.w.org\/{rel}","templated":true}]}}