{"id":1420,"date":"2019-11-21T22:00:28","date_gmt":"2019-11-21T22:00:28","guid":{"rendered":"http:\/\/forst.igbau.nrw\/?p=1420"},"modified":"2020-11-23T06:59:24","modified_gmt":"2020-11-23T06:59:24","slug":"1420","status":"publish","type":"post","link":"http:\/\/forst.igbau.nrw\/?p=1420","title":{"rendered":"IG BAU Regionalleitungen Rheinland und Westfalen im Arnsberger Wald"},"content":{"rendered":"\n<p>Anonia K\u00fchn IG BAU f\u00fcr die Region Rheinland und Sven B\u00f6nnemann f\u00fcr die Region der IG BAU in Westfalen folgten gestern der Einladung der Landesvertretung Forst und Naturschutz in NRW in den Wald. Edgar R\u00fcther Forstamtsleiter des Regionalforstamtes Soest-Sauerland und Peter Wicke Personalrat beim Landesbetrieb Wald und Holz Nordrhein-Westfalen erl\u00e4uterten den beiden Gewerkschaftlern die aktuellen Probleme im Wald. Im Rahmen der 2,5 st\u00fcndigen Rundtour durch die Waldbest\u00e4nde in unmittelbarer N\u00e4he von V\u00f6llinghausen am M\u00f6hnesee kamen eine Vielzahl der forstlichen Themen zu Sprache und konnten anhand der Waldbilder erl\u00e4utert werden. <\/p>\n\n\n\n<div class=\"wp-block-image\"><figure class=\"aligncenter size-large\"><img fetchpriority=\"high\" decoding=\"async\" width=\"1414\" height=\"1060\" data-attachment-id=\"1422\" data-permalink=\"http:\/\/forst.igbau.nrw\/?attachment_id=1422\" data-orig-file=\"https:\/\/i0.wp.com\/forst.igbau.nrw\/wp-content\/uploads\/2019\/11\/IGBAU_Soest_Sauerland_Ru%CC%88ther_2019_11_22.jpg?fit=1414%2C1060\" data-orig-size=\"1414,1060\" data-comments-opened=\"1\" data-image-meta=\"{&quot;aperture&quot;:&quot;4&quot;,&quot;credit&quot;:&quot;Peter Wicke&quot;,&quot;camera&quot;:&quot;DMC-G81&quot;,&quot;caption&quot;:&quot;&quot;,&quot;created_timestamp&quot;:&quot;1574333545&quot;,&quot;copyright&quot;:&quot;Peter Wicke&quot;,&quot;focal_length&quot;:&quot;12&quot;,&quot;iso&quot;:&quot;200&quot;,&quot;shutter_speed&quot;:&quot;0.00625&quot;,&quot;title&quot;:&quot;&quot;,&quot;orientation&quot;:&quot;1&quot;}\" data-image-title=\"IGBAU_Soest_Sauerland_Ru\u0308ther_2019_11_22\" data-image-description=\"\" data-image-caption=\"\" data-large-file=\"https:\/\/i0.wp.com\/forst.igbau.nrw\/wp-content\/uploads\/2019\/11\/IGBAU_Soest_Sauerland_Ru%CC%88ther_2019_11_22.jpg?fit=640%2C480\" src=\"https:\/\/i0.wp.com\/forst.igbau.nrw\/wp-content\/uploads\/2019\/11\/IGBAU_Soest_Sauerland_Ru\u0308ther_2019_11_22.jpg?fit=960%2C720\" alt=\"\" class=\"wp-image-1422\" srcset=\"https:\/\/i0.wp.com\/forst.igbau.nrw\/wp-content\/uploads\/2019\/11\/IGBAU_Soest_Sauerland_Ru%CC%88ther_2019_11_22.jpg?w=1414 1414w, https:\/\/i0.wp.com\/forst.igbau.nrw\/wp-content\/uploads\/2019\/11\/IGBAU_Soest_Sauerland_Ru%CC%88ther_2019_11_22.jpg?resize=300%2C225 300w, https:\/\/i0.wp.com\/forst.igbau.nrw\/wp-content\/uploads\/2019\/11\/IGBAU_Soest_Sauerland_Ru%CC%88ther_2019_11_22.jpg?resize=1024%2C768 1024w, https:\/\/i0.wp.com\/forst.igbau.nrw\/wp-content\/uploads\/2019\/11\/IGBAU_Soest_Sauerland_Ru%CC%88ther_2019_11_22.jpg?resize=768%2C576 768w, https:\/\/i0.wp.com\/forst.igbau.nrw\/wp-content\/uploads\/2019\/11\/IGBAU_Soest_Sauerland_Ru%CC%88ther_2019_11_22.jpg?resize=1140%2C855 1140w, https:\/\/i0.wp.com\/forst.igbau.nrw\/wp-content\/uploads\/2019\/11\/IGBAU_Soest_Sauerland_Ru%CC%88ther_2019_11_22.jpg?w=1280 1280w\" sizes=\"(max-width: 640px) 100vw, 640px\" \/><figcaption>Sven B\u00f6nnemann IG BAU, Antonia K\u00fchn IG BAU, Edgar R\u00fcther Wald und Holz NRW<\/figcaption><\/figure><\/div>\n\n\n\n<p>Angefangen \u00fcber die unmittelbaren Folgen der D\u00fcrre und der damit verbundenen immensen Befallssituation durch Borkenk\u00e4fer an der Fichte, und allen damit einhergehenden Aufgaben f\u00fcr die Besch\u00e4ftigten in den Forstbetrieben bis hin zur Frage wie eine zuk\u00fcnftige Wiederaufforstung oder Wiederbewaldung aussehen k\u00f6nnte. <\/p>\n\n\n\n<p>Nat\u00fcrlich wurde auch \u00fcber die aktuell durch die IG BAU geforderte Aufstockung von qualifizierten Personal f\u00fcr den Wald besprochen. <\/p>\n\n\n\n<p>Hier erhoffen sich alle Beteiligten dass durch den angek\u00fcndigten Waldpakt den Worten auch Taten folgen und die Landesregierung einer Aufstockung von Forstpersonal im Landesbetrieb zustimmt und das dar\u00fcber hinaus eine allgemeine Inititative f\u00fcr die Qualifikation von Fachpersonal auf Landesebene f\u00fcr den Wald entsteht. <\/p>\n\n\n\n<p>Hier sieht die Landesvertretung unter anderem im fehlenden Hochschulangebot in NRW einen Mangel der behoben werden muss.<\/p>\n\n\n\n<div class=\"wp-block-image\"><figure class=\"aligncenter size-full\"><a href=\"https:\/\/i0.wp.com\/forst.igbau.nrw\/wp-content\/uploads\/2019\/11\/IGBAU_Soest_Sauerland_Ru%CC%88ther_2019_11_32.jpg\" target=\"_blank\" rel=\"noreferrer noopener\"><img data-recalc-dims=\"1\" decoding=\"async\" width=\"640\" height=\"384\" data-attachment-id=\"1423\" data-permalink=\"http:\/\/forst.igbau.nrw\/?attachment_id=1423\" data-orig-file=\"https:\/\/i0.wp.com\/forst.igbau.nrw\/wp-content\/uploads\/2019\/11\/IGBAU_Soest_Sauerland_Ru%CC%88ther_2019_11_32.jpg?fit=1142%2C685\" data-orig-size=\"1142,685\" data-comments-opened=\"1\" data-image-meta=\"{&quot;aperture&quot;:&quot;5.6&quot;,&quot;credit&quot;:&quot;Peter Wicke&quot;,&quot;camera&quot;:&quot;DMC-G81&quot;,&quot;caption&quot;:&quot;&quot;,&quot;created_timestamp&quot;:&quot;1574339073&quot;,&quot;copyright&quot;:&quot;Peter Wicke&quot;,&quot;focal_length&quot;:&quot;60&quot;,&quot;iso&quot;:&quot;200&quot;,&quot;shutter_speed&quot;:&quot;0.00625&quot;,&quot;title&quot;:&quot;&quot;,&quot;orientation&quot;:&quot;1&quot;}\" data-image-title=\"IGBAU_Soest_Sauerland_Ru\u0308ther_2019_11_32\" data-image-description=\"\" data-image-caption=\"\" data-large-file=\"https:\/\/i0.wp.com\/forst.igbau.nrw\/wp-content\/uploads\/2019\/11\/IGBAU_Soest_Sauerland_Ru%CC%88ther_2019_11_32.jpg?fit=640%2C384\" src=\"https:\/\/i0.wp.com\/forst.igbau.nrw\/wp-content\/uploads\/2019\/11\/IGBAU_Soest_Sauerland_Ru%CC%88ther_2019_11_32.jpg?resize=640%2C384\" alt=\"\" class=\"wp-image-1423\" srcset=\"https:\/\/i0.wp.com\/forst.igbau.nrw\/wp-content\/uploads\/2019\/11\/IGBAU_Soest_Sauerland_Ru%CC%88ther_2019_11_32.jpg?w=1142 1142w, https:\/\/i0.wp.com\/forst.igbau.nrw\/wp-content\/uploads\/2019\/11\/IGBAU_Soest_Sauerland_Ru%CC%88ther_2019_11_32.jpg?resize=300%2C180 300w, https:\/\/i0.wp.com\/forst.igbau.nrw\/wp-content\/uploads\/2019\/11\/IGBAU_Soest_Sauerland_Ru%CC%88ther_2019_11_32.jpg?resize=1024%2C614 1024w, https:\/\/i0.wp.com\/forst.igbau.nrw\/wp-content\/uploads\/2019\/11\/IGBAU_Soest_Sauerland_Ru%CC%88ther_2019_11_32.jpg?resize=768%2C461 768w, https:\/\/i0.wp.com\/forst.igbau.nrw\/wp-content\/uploads\/2019\/11\/IGBAU_Soest_Sauerland_Ru%CC%88ther_2019_11_32.jpg?resize=1140%2C684 1140w\" sizes=\"(max-width: 640px) 100vw, 640px\" \/><\/a><\/figure><\/div>\n\n\n\n<p>Zum  Abschluss der kurzen Exkursion wurde den beiden IG BAU Vertretern noch vor Augen gef\u00fchrt was die Forderung der Forstleute in Hinblick auf eine angepasste Wilddichte bedeutet. Mehrfach wurden auf dem Rundweg verbissene Laub- und Nadelb\u00e4ume gezeigt und wie abweichend der Zustand der Vegetation dazu in gez\u00e4unten sogenannten Weisergattern aussieht. Und dann kurz vor Schluss stand ein Rudel Sikawild mit Sch\u00e4tzungsweise 120 Tieren auf einer Wiese und zeigte sich nur in geringem Ma\u00dfe beunruhigt von uns und wechselte erst beim Ann\u00e4hern auf weniger als 50 Meter gem\u00e4chlich in den angrenzenden Wald.<\/p>\n","protected":false},"excerpt":{"rendered":"<p>Anonia K\u00fchn IG BAU f\u00fcr die Region Rheinland und Sven B\u00f6nnemann f\u00fcr die Region der IG BAU in Westfalen folgten gestern der<\/p>\n<p class=\"link-more\"><a class=\"myButt \" href=\"http:\/\/forst.igbau.nrw\/?p=1420\">Weitere Infos &#8230;<\/a><\/p>\n","protected":false},"author":2,"featured_media":1421,"comment_status":"closed","ping_status":"open","sticky":false,"template":"","format":"standard","meta":{"ngg_post_thumbnail":0,"jetpack_post_was_ever_published":false,"_jetpack_newsletter_access":"","_jetpack_dont_email_post_to_subs":false,"_jetpack_newsletter_tier_id":0,"_jetpack_memberships_contains_paywalled_content":false,"_jetpack_memberships_contains_paid_content":false,"footnotes":"","jetpack_publicize_message":"","jetpack_publicize_feature_enabled":true,"jetpack_social_post_already_shared":true,"jetpack_social_options":{"image_generator_settings":{"template":"highway","default_image_id":0,"font":"","enabled":false},"version":2}},"categories":[5],"tags":[],"class_list":["post-1420","post","type-post","status-publish","format-standard","has-post-thumbnail","hentry","category-forstwirtschaft"],"jetpack_publicize_connections":[],"jetpack_featured_media_url":"https:\/\/i0.wp.com\/forst.igbau.nrw\/wp-content\/uploads\/2019\/11\/IGBAU_Soest_Sauerland_Ru%CC%88ther_2019_11_11.jpg?fit=1616%2C1212","jetpack_sharing_enabled":true,"jetpack_shortlink":"https:\/\/wp.me\/s8x7f7-1420","jetpack-related-posts":[],"_links":{"self":[{"href":"http:\/\/forst.igbau.nrw\/index.php?rest_route=\/wp\/v2\/posts\/1420","targetHints":{"allow":["GET"]}}],"collection":[{"href":"http:\/\/forst.igbau.nrw\/index.php?rest_route=\/wp\/v2\/posts"}],"about":[{"href":"http:\/\/forst.igbau.nrw\/index.php?rest_route=\/wp\/v2\/types\/post"}],"author":[{"embeddable":true,"href":"http:\/\/forst.igbau.nrw\/index.php?rest_route=\/wp\/v2\/users\/2"}],"replies":[{"embeddable":true,"href":"http:\/\/forst.igbau.nrw\/index.php?rest_route=%2Fwp%2Fv2%2Fcomments&post=1420"}],"version-history":[{"count":6,"href":"http:\/\/forst.igbau.nrw\/index.php?rest_route=\/wp\/v2\/posts\/1420\/revisions"}],"predecessor-version":[{"id":1429,"href":"http:\/\/forst.igbau.nrw\/index.php?rest_route=\/wp\/v2\/posts\/1420\/revisions\/1429"}],"wp:featuredmedia":[{"embeddable":true,"href":"http:\/\/forst.igbau.nrw\/index.php?rest_route=\/wp\/v2\/media\/1421"}],"wp:attachment":[{"href":"http:\/\/forst.igbau.nrw\/index.php?rest_route=%2Fwp%2Fv2%2Fmedia&parent=1420"}],"wp:term":[{"taxonomy":"category","embeddable":true,"href":"http:\/\/forst.igbau.nrw\/index.php?rest_route=%2Fwp%2Fv2%2Fcategories&post=1420"},{"taxonomy":"post_tag","embeddable":true,"href":"http:\/\/forst.igbau.nrw\/index.php?rest_route=%2Fwp%2Fv2%2Ftags&post=1420"}],"curies":[{"name":"wp","href":"https:\/\/api.w.org\/{rel}","templated":true}]}}