{"id":1437,"date":"2019-11-26T22:00:00","date_gmt":"2019-11-26T22:00:00","guid":{"rendered":"http:\/\/forst.igbau.nrw\/?p=1437"},"modified":"2020-11-23T06:59:24","modified_gmt":"2020-11-23T06:59:24","slug":"wie-geht-es-dem-wald","status":"publish","type":"post","link":"http:\/\/forst.igbau.nrw\/?p=1437","title":{"rendered":"Wie geht es dem Wald ?"},"content":{"rendered":"\n<p>Die in den letzten Monaten nahezu t\u00e4glich ver\u00f6ffentlichten Meldungen und Berichte \u00fcber die Folgen der D\u00fcrre vor allem im Wald wurden am Montag f\u00fcr das Land NRW mit Zahlen hinterlegt ver\u00f6ffentlicht. <\/p>\n\n\n\n<p>Wenn man die Ergebnisse von 80 % gesch\u00e4digten B\u00e4umen auf andere Bereiche \u00fcbertragen w\u00fcrde w\u00e4re die Resonanz in der Gesellschaft vermutlich um einiges st\u00e4rker ausfallen. Man stelle sich einmal vor dies w\u00fcrde auf den Gesundheitszustand der Bev\u00f6lkerung \u00fcbertragen werden. <\/p>\n\n\n\n<p>Erstaunlich ist die Aussage \/ Feststellung das gerade in der Buche keine weitere Verschlechterung eingetreten sein soll. Vor dem Hintergrund das  ca. 300.000 Buchen in NRW bereits jetzt abgestorben sind und die D\u00fcrrefolgen auch in den Laubw\u00e4ldern den Waldbesitzern und Forstleuten allgegenwertig sind.<\/p>\n\n\n\n<p>Diese Frage wird die Landesvertretung den Verantwortlichen im Landesbetrieb stellen und an dieser Stelle ver\u00f6fentlichen.<\/p>\n\n\n\n<p>Als Erschreckend zeigen sich vor allem auch die Zahlen f\u00fcr die Eichen, nur noch 12 % der \u00fcberpr\u00fcften B\u00e4ume zeigen keinen Verlust in der Baumkrone auf. Die verbreitete subjektive Einsch\u00e4tzung vieler Forstleute schient hier zu tr\u00fcgen, dass die Eiche den Belastungen des Klimawandels am besten gewachsen ist.<\/p>\n\n\n\n<p>Bleibt an in dieser Hinsicht zu hoffen das der Zustand der Eichen &#8222;nur&#8220; auf eine erh\u00f6hte Sch\u00e4digung durch Schadinsekten zur\u00fcckzuf\u00fchren ist und diese Populationen in den n\u00e4chsten Jahren wieder zur\u00fcckgeht<\/p>\n\n\n\n<p>Die weitergehenden Information zum <a rel=\"noreferrer noopener\" aria-label=\"aktuellen Zustand des Waldes finden sie hier ..... (opens in a new tab)\" href=\"https:\/\/www.wald-und-holz.nrw.de\/aktuelle-meldungen\/waldzustandserhebung-2019\" target=\"_blank\">aktuellen Zustand des Waldes finden sie hier &#8230;..<\/a><\/p>\n\n\n\n<div class=\"wp-block-image\"><figure class=\"aligncenter size-large\"><a href=\"https:\/\/www.wald-und-holz.nrw.de\/aktuelle-meldungen\/waldzustandserhebung-2019\" target=\"_blank\" rel=\"noreferrer noopener\"><img data-recalc-dims=\"1\" decoding=\"async\" width=\"291\" height=\"95\" data-attachment-id=\"1439\" data-permalink=\"http:\/\/forst.igbau.nrw\/?attachment_id=1439\" data-orig-file=\"https:\/\/i0.wp.com\/forst.igbau.nrw\/wp-content\/uploads\/2019\/11\/logo.png?fit=291%2C95\" data-orig-size=\"291,95\" data-comments-opened=\"1\" data-image-meta=\"{&quot;aperture&quot;:&quot;0&quot;,&quot;credit&quot;:&quot;&quot;,&quot;camera&quot;:&quot;&quot;,&quot;caption&quot;:&quot;&quot;,&quot;created_timestamp&quot;:&quot;0&quot;,&quot;copyright&quot;:&quot;&quot;,&quot;focal_length&quot;:&quot;0&quot;,&quot;iso&quot;:&quot;0&quot;,&quot;shutter_speed&quot;:&quot;0&quot;,&quot;title&quot;:&quot;&quot;,&quot;orientation&quot;:&quot;0&quot;}\" data-image-title=\"logo\" data-image-description=\"\" data-image-caption=\"\" data-large-file=\"https:\/\/i0.wp.com\/forst.igbau.nrw\/wp-content\/uploads\/2019\/11\/logo.png?fit=291%2C95\" src=\"https:\/\/i0.wp.com\/forst.igbau.nrw\/wp-content\/uploads\/2019\/11\/logo.png?resize=291%2C95\" alt=\"\" class=\"wp-image-1439\" \/><\/a><\/figure><\/div>\n","protected":false},"excerpt":{"rendered":"<p>Die in den letzten Monaten nahezu t\u00e4glich ver\u00f6ffentlichten Meldungen und Berichte \u00fcber die Folgen der D\u00fcrre vor allem im Wald wurden am<\/p>\n<p class=\"link-more\"><a class=\"myButt \" href=\"http:\/\/forst.igbau.nrw\/?p=1437\">Weitere Infos &#8230;<\/a><\/p>\n","protected":false},"author":2,"featured_media":1438,"comment_status":"closed","ping_status":"open","sticky":false,"template":"","format":"standard","meta":{"ngg_post_thumbnail":0,"jetpack_post_was_ever_published":false,"_jetpack_newsletter_access":"","_jetpack_dont_email_post_to_subs":false,"_jetpack_newsletter_tier_id":0,"_jetpack_memberships_contains_paywalled_content":false,"_jetpack_memberships_contains_paid_content":false,"footnotes":"","jetpack_publicize_message":"","jetpack_publicize_feature_enabled":true,"jetpack_social_post_already_shared":true,"jetpack_social_options":{"image_generator_settings":{"template":"highway","default_image_id":0,"font":"","enabled":false},"version":2}},"categories":[5],"tags":[],"class_list":["post-1437","post","type-post","status-publish","format-standard","has-post-thumbnail","hentry","category-forstwirtschaft"],"jetpack_publicize_connections":[],"jetpack_featured_media_url":"https:\/\/i0.wp.com\/forst.igbau.nrw\/wp-content\/uploads\/2019\/11\/PEW4863.jpg?fit=2388%2C1194","jetpack_sharing_enabled":true,"jetpack_shortlink":"https:\/\/wp.me\/p8x7f7-nb","jetpack-related-posts":[],"_links":{"self":[{"href":"http:\/\/forst.igbau.nrw\/index.php?rest_route=\/wp\/v2\/posts\/1437","targetHints":{"allow":["GET"]}}],"collection":[{"href":"http:\/\/forst.igbau.nrw\/index.php?rest_route=\/wp\/v2\/posts"}],"about":[{"href":"http:\/\/forst.igbau.nrw\/index.php?rest_route=\/wp\/v2\/types\/post"}],"author":[{"embeddable":true,"href":"http:\/\/forst.igbau.nrw\/index.php?rest_route=\/wp\/v2\/users\/2"}],"replies":[{"embeddable":true,"href":"http:\/\/forst.igbau.nrw\/index.php?rest_route=%2Fwp%2Fv2%2Fcomments&post=1437"}],"version-history":[{"count":1,"href":"http:\/\/forst.igbau.nrw\/index.php?rest_route=\/wp\/v2\/posts\/1437\/revisions"}],"predecessor-version":[{"id":1440,"href":"http:\/\/forst.igbau.nrw\/index.php?rest_route=\/wp\/v2\/posts\/1437\/revisions\/1440"}],"wp:featuredmedia":[{"embeddable":true,"href":"http:\/\/forst.igbau.nrw\/index.php?rest_route=\/wp\/v2\/media\/1438"}],"wp:attachment":[{"href":"http:\/\/forst.igbau.nrw\/index.php?rest_route=%2Fwp%2Fv2%2Fmedia&parent=1437"}],"wp:term":[{"taxonomy":"category","embeddable":true,"href":"http:\/\/forst.igbau.nrw\/index.php?rest_route=%2Fwp%2Fv2%2Fcategories&post=1437"},{"taxonomy":"post_tag","embeddable":true,"href":"http:\/\/forst.igbau.nrw\/index.php?rest_route=%2Fwp%2Fv2%2Ftags&post=1437"}],"curies":[{"name":"wp","href":"https:\/\/api.w.org\/{rel}","templated":true}]}}