{"id":1441,"date":"2019-11-27T22:27:38","date_gmt":"2019-11-27T22:27:38","guid":{"rendered":"http:\/\/forst.igbau.nrw\/?p=1441"},"modified":"2020-11-23T06:59:24","modified_gmt":"2020-11-23T06:59:24","slug":"immobilien-und-bauboom","status":"publish","type":"post","link":"http:\/\/forst.igbau.nrw\/?p=1441","title":{"rendered":"Immobilien und Bauboom"},"content":{"rendered":"\n<p>Vor dem Hintergrund des aktuellen Immobilienbooms warnt die Bau- und Rohstoffindustrie in einer aktuellen Pressemeldung \u00fcber DPA vor Lieferengp\u00e4ssen bei den wichtigen Rohstoffen wie Sand, Kies, Schotter und Splitt. <\/p>\n\n\n\n<p>Der weltweite Hunger nach Sand vor allem auch f\u00fcr die Herstellung von Beton f\u00fchrt leider noch nicht zu einer grunds\u00e4tzlichen \u00dcberlegung im Bausektor mehr auf nachwachsende Rohstoffe wie Holz zu setzen, ohne jegliche Ber\u00fccksichtigung der CO2 Bilanzen kritisieren die Verb\u00e4nde der Bauindustrie in Berlin, dass die Bundesregierung bzw. die Politik dringend handeln muss um aktuelle und auch zuk\u00fcnftig stabile Lieferketten und gen\u00fcgend Produktionsst\u00e4tten zu sichern.<\/p>\n\n\n\n<p>Bleibt zu hoffen das die Politik gerade diese Punkte bei Ihren Blick auf die Auswirkungen auf unser Klima nicht aus den Augen verliert.<\/p>\n\n\n\n<p>Beispiele und Initiativen wie es nachhaltig auch mit Holz als klimasch\u00fctzenden Baustoff funktioniert zeigen die vielen Beispiele weltweit und auch in Deutschland.<\/p>\n\n\n\n<p>F\u00fcr NRW werden die Informationen gesammelt und vernetzt in der <a href=\"https:\/\/proholz.nrw\" target=\"_blank\" rel=\"noreferrer noopener\" aria-label=\"Initiative ProHolz NRW (opens in a new tab)\">Initiative ProHolz NRW<\/a>, sowie bei <a href=\"https:\/\/www.bauen-mit-holz.nrw\/\" target=\"_blank\" rel=\"noreferrer noopener\" aria-label=\"Bauen mit Holz (opens in a new tab)\">Bauen mit Holz<\/a>.<\/p>\n","protected":false},"excerpt":{"rendered":"<p>Vor dem Hintergrund des aktuellen Immobilienbooms warnt die Bau- und Rohstoffindustrie in einer aktuellen Pressemeldung \u00fcber DPA vor Lieferengp\u00e4ssen bei den wichtigen<\/p>\n<p class=\"link-more\"><a class=\"myButt \" href=\"http:\/\/forst.igbau.nrw\/?p=1441\">Weitere Infos &#8230;<\/a><\/p>\n","protected":false},"author":2,"featured_media":1442,"comment_status":"closed","ping_status":"open","sticky":false,"template":"","format":"standard","meta":{"ngg_post_thumbnail":0,"jetpack_post_was_ever_published":false,"_jetpack_newsletter_access":"","_jetpack_dont_email_post_to_subs":false,"_jetpack_newsletter_tier_id":0,"_jetpack_memberships_contains_paywalled_content":false,"_jetpack_memberships_contains_paid_content":false,"footnotes":"","jetpack_publicize_message":"","jetpack_publicize_feature_enabled":true,"jetpack_social_post_already_shared":true,"jetpack_social_options":{"image_generator_settings":{"template":"highway","default_image_id":0,"font":"","enabled":false},"version":2}},"categories":[5,22,9],"tags":[32,33,34,35],"class_list":["post-1441","post","type-post","status-publish","format-standard","has-post-thumbnail","hentry","category-forstwirtschaft","category-klimawandel","category-naturschutz","tag-bauen-mit-holz","tag-klimawandel","tag-nachhaltig","tag-substitution"],"jetpack_publicize_connections":[],"jetpack_featured_media_url":"https:\/\/i0.wp.com\/forst.igbau.nrw\/wp-content\/uploads\/2019\/11\/IMG_0232.jpg?fit=1058%2C634","jetpack_sharing_enabled":true,"jetpack_shortlink":"https:\/\/wp.me\/p8x7f7-nf","jetpack-related-posts":[],"_links":{"self":[{"href":"http:\/\/forst.igbau.nrw\/index.php?rest_route=\/wp\/v2\/posts\/1441","targetHints":{"allow":["GET"]}}],"collection":[{"href":"http:\/\/forst.igbau.nrw\/index.php?rest_route=\/wp\/v2\/posts"}],"about":[{"href":"http:\/\/forst.igbau.nrw\/index.php?rest_route=\/wp\/v2\/types\/post"}],"author":[{"embeddable":true,"href":"http:\/\/forst.igbau.nrw\/index.php?rest_route=\/wp\/v2\/users\/2"}],"replies":[{"embeddable":true,"href":"http:\/\/forst.igbau.nrw\/index.php?rest_route=%2Fwp%2Fv2%2Fcomments&post=1441"}],"version-history":[{"count":3,"href":"http:\/\/forst.igbau.nrw\/index.php?rest_route=\/wp\/v2\/posts\/1441\/revisions"}],"predecessor-version":[{"id":1445,"href":"http:\/\/forst.igbau.nrw\/index.php?rest_route=\/wp\/v2\/posts\/1441\/revisions\/1445"}],"wp:featuredmedia":[{"embeddable":true,"href":"http:\/\/forst.igbau.nrw\/index.php?rest_route=\/wp\/v2\/media\/1442"}],"wp:attachment":[{"href":"http:\/\/forst.igbau.nrw\/index.php?rest_route=%2Fwp%2Fv2%2Fmedia&parent=1441"}],"wp:term":[{"taxonomy":"category","embeddable":true,"href":"http:\/\/forst.igbau.nrw\/index.php?rest_route=%2Fwp%2Fv2%2Fcategories&post=1441"},{"taxonomy":"post_tag","embeddable":true,"href":"http:\/\/forst.igbau.nrw\/index.php?rest_route=%2Fwp%2Fv2%2Ftags&post=1441"}],"curies":[{"name":"wp","href":"https:\/\/api.w.org\/{rel}","templated":true}]}}