{"id":1452,"date":"2019-12-12T10:37:00","date_gmt":"2019-12-12T10:37:00","guid":{"rendered":"http:\/\/forst.igbau.nrw\/?p=1452"},"modified":"2020-11-23T06:59:24","modified_gmt":"2020-11-23T06:59:24","slug":"waldpakt-fuer-nrw","status":"publish","type":"post","link":"http:\/\/forst.igbau.nrw\/?p=1452","title":{"rendered":"Waldpakt f\u00fcr NRW"},"content":{"rendered":"\n<p>Nachdem sich die Landesregierung bereits im September mit den Verb\u00e4nden in Schmallenberg anhand einer Kabinettsklausur \u00fcber die aktuelle Situation im Wald und in der Forstwirtschaft ausgetauscht hat konnten die beteiligten Verb\u00e4nde nun mit der Landesregierung Nordrhein-Westfalen den &#8222;Waldpakt f\u00fcr NRW&#8220; unterzeichnen.<\/p>\n\n\n\n<p>Es ist zu begr\u00fc\u00dfen das die wesentlichen Inhalte aus dem urspr\u00fcnglichen Papier der Verb\u00e4nde zu einem umfassenden Ma\u00dfnahmenpaket gef\u00fchrt hat, dessen Inhalte nun im Waldpakt wiederzufinden sind.<\/p>\n\n\n\n<div class=\"wp-block-image\"><figure class=\"aligncenter size-large is-resized\"><a href=\"https:\/\/i0.wp.com\/forst.igbau.nrw\/wp-content\/uploads\/2019\/12\/Waldpakt_NRW_2019_IG_BAU_Wicke_Peter.png\"><img fetchpriority=\"high\" decoding=\"async\" data-attachment-id=\"1456\" data-permalink=\"http:\/\/forst.igbau.nrw\/?attachment_id=1456\" data-orig-file=\"https:\/\/i0.wp.com\/forst.igbau.nrw\/wp-content\/uploads\/2019\/12\/Waldpakt_NRW_2019_IG_BAU_Wicke_Peter.png?fit=3543%2C2362\" data-orig-size=\"3543,2362\" data-comments-opened=\"1\" data-image-meta=\"{&quot;aperture&quot;:&quot;0&quot;,&quot;credit&quot;:&quot;&quot;,&quot;camera&quot;:&quot;&quot;,&quot;caption&quot;:&quot;&quot;,&quot;created_timestamp&quot;:&quot;0&quot;,&quot;copyright&quot;:&quot;&quot;,&quot;focal_length&quot;:&quot;0&quot;,&quot;iso&quot;:&quot;0&quot;,&quot;shutter_speed&quot;:&quot;0&quot;,&quot;title&quot;:&quot;&quot;,&quot;orientation&quot;:&quot;0&quot;}\" data-image-title=\"Waldpakt_NRW_2019_IG_BAU_Wicke_Peter\" data-image-description=\"\" data-image-caption=\"\" data-large-file=\"https:\/\/i0.wp.com\/forst.igbau.nrw\/wp-content\/uploads\/2019\/12\/Waldpakt_NRW_2019_IG_BAU_Wicke_Peter.png?fit=640%2C427\" src=\"https:\/\/i0.wp.com\/forst.igbau.nrw\/wp-content\/uploads\/2019\/12\/Waldpakt_NRW_2019_IG_BAU_Wicke_Peter.png?fit=960%2C640\" alt=\"\" class=\"wp-image-1456\" width=\"720\" height=\"480\" srcset=\"https:\/\/i0.wp.com\/forst.igbau.nrw\/wp-content\/uploads\/2019\/12\/Waldpakt_NRW_2019_IG_BAU_Wicke_Peter.png?w=3543 3543w, https:\/\/i0.wp.com\/forst.igbau.nrw\/wp-content\/uploads\/2019\/12\/Waldpakt_NRW_2019_IG_BAU_Wicke_Peter.png?resize=300%2C200 300w, https:\/\/i0.wp.com\/forst.igbau.nrw\/wp-content\/uploads\/2019\/12\/Waldpakt_NRW_2019_IG_BAU_Wicke_Peter.png?resize=1024%2C683 1024w, https:\/\/i0.wp.com\/forst.igbau.nrw\/wp-content\/uploads\/2019\/12\/Waldpakt_NRW_2019_IG_BAU_Wicke_Peter.png?resize=768%2C512 768w, https:\/\/i0.wp.com\/forst.igbau.nrw\/wp-content\/uploads\/2019\/12\/Waldpakt_NRW_2019_IG_BAU_Wicke_Peter.png?resize=1536%2C1024 1536w, https:\/\/i0.wp.com\/forst.igbau.nrw\/wp-content\/uploads\/2019\/12\/Waldpakt_NRW_2019_IG_BAU_Wicke_Peter.png?resize=2048%2C1365 2048w, https:\/\/i0.wp.com\/forst.igbau.nrw\/wp-content\/uploads\/2019\/12\/Waldpakt_NRW_2019_IG_BAU_Wicke_Peter.png?resize=1140%2C760 1140w, https:\/\/i0.wp.com\/forst.igbau.nrw\/wp-content\/uploads\/2019\/12\/Waldpakt_NRW_2019_IG_BAU_Wicke_Peter.png?w=1280 1280w, https:\/\/i0.wp.com\/forst.igbau.nrw\/wp-content\/uploads\/2019\/12\/Waldpakt_NRW_2019_IG_BAU_Wicke_Peter.png?w=1920 1920w\" sizes=\"(max-width: 640px) 100vw, 640px\" \/><\/a><figcaption>Foto: Land NRW \/ R. Sondermann\u201c&nbsp;<\/figcaption><\/figure><\/div>\n\n\n\n<p>Erweitert wird der Waldpakt durch eine von Ministerpr\u00e4sident Armin Laschet eingebrachte Baumpr\u00e4mie und die intensive Einbindung des Themas Bauen mit Holz. Unterst\u00fctzt wird diese Absichtserkl\u00e4rung durch die enge Einbindung von Frau  Ministerin Ina Scharrenbach, als zust\u00e4ndige  Ministerin f\u00fcr den Bereich Bauen in NRW.<\/p>\n\n\n\n<p>Das der Waldpakt in seiner Gesamtheit eine gr\u00f6\u00dfere Akzeptanz im Cluster Wald erf\u00e4hrt zeigt sich auch an der nachtr\u00e4glichen Beteiligung weiterer Organisationen und Verb\u00e4nde auf Landesebene die sich f\u00fcr den Wald und die Forstwirtschaft engagieren.<\/p>\n\n\n\n<p>Die B\u00fcndelung der Inhalte auf die 3 Handlungsfelder, <strong>Anpassungsstrategie Wald im Klimawandel<\/strong>, <strong>Unterst\u00fctzung f\u00fcr Wald und Waldbesitzende<\/strong> und <strong>umwelt- und baupolitische Initiativen<\/strong> umrei\u00dfen nur im groben die Inhalte dieses Papiers.<\/p>\n\n\n\n<p>Die konkreten Ma\u00dfnahmen die ohne eine weitreichende politische und gesellschaftliche Bereitschaft zur Unterst\u00fctzung nicht umgesetzt werden k\u00f6nnen, m\u00fcssen nun durch alle Beteiligten beschrieben und erarbeitet werden.<\/p>\n\n\n\n<p>Die IG BAU Landesvertretung wird die Umsetzung der vereinbarten Ziele mit Beginn des neuen Jahres aktiv einfordern und die Landesregierung daraufhin in die Pflicht nehmen die Absichtserkl\u00e4rungen mit Taten zu f\u00fcllen.<\/p>\n\n\n\n<p>Vor allem die in der aktuell in der \u00a0Kampagne der IG BAU auf Bundes- und L\u00e4nderebene aufgestellten Forderungen zum Thema &#8222;Wald Klimaschutz\u201c stehen hier im Vordergrund.<br><\/p>\n\n\n\n<p><a rel=\"noreferrer noopener\" aria-label=\"Hier finden Sie den Text des Waldpaktes f\u00fcr NRW. (opens in a new tab)\" href=\"https:\/\/www.wald-und-holz.nrw.de\/fileadmin\/Presse\/Dokumente\/2019\/191210_Waldpakt_NRW.pdf\" target=\"_blank\">Hier finden Sie den Text des Waldpaktes f\u00fcr NRW<\/a> und den <\/p>\n\n\n\n<p><a rel=\"noreferrer noopener\" aria-label=\" (opens in a new tab)\" href=\"https:\/\/www.land.nrw\/de\/pressemitteilung\/landesregierung-und-verbaende-beschliessen-gemeinsamen-waldpakt-nordrhein-westfalen\" target=\"_blank\">Pressetext des Ministerpr\u00e4sidenten dazu k\u00f6nnen Sie hier ebenfalls abrufen.<\/a><\/p>\n\n\n\n<div class=\"wp-block-image\"><figure class=\"aligncenter size-large is-resized\"><a href=\"https:\/\/igbau.de\/Binaries\/Binary13042\/Positionspapier-Wald-in-Not.pdf\" target=\"_blank\" rel=\"noreferrer noopener\"><img data-recalc-dims=\"1\" decoding=\"async\" data-attachment-id=\"1253\" data-permalink=\"http:\/\/forst.igbau.nrw\/?attachment_id=1253\" data-orig-file=\"https:\/\/i0.wp.com\/forst.igbau.nrw\/wp-content\/uploads\/2019\/10\/Wortmarke_Wald-Klima-Schutz.jpg?fit=1872%2C1758\" data-orig-size=\"1872,1758\" data-comments-opened=\"1\" data-image-meta=\"{&quot;aperture&quot;:&quot;0&quot;,&quot;credit&quot;:&quot;&quot;,&quot;camera&quot;:&quot;&quot;,&quot;caption&quot;:&quot;&quot;,&quot;created_timestamp&quot;:&quot;0&quot;,&quot;copyright&quot;:&quot;&quot;,&quot;focal_length&quot;:&quot;0&quot;,&quot;iso&quot;:&quot;0&quot;,&quot;shutter_speed&quot;:&quot;0&quot;,&quot;title&quot;:&quot;Druck&quot;,&quot;orientation&quot;:&quot;1&quot;}\" data-image-title=\"Druck\" data-image-description=\"\" data-image-caption=\"\" data-large-file=\"https:\/\/i0.wp.com\/forst.igbau.nrw\/wp-content\/uploads\/2019\/10\/Wortmarke_Wald-Klima-Schutz.jpg?fit=640%2C601\" src=\"https:\/\/i0.wp.com\/forst.igbau.nrw\/wp-content\/uploads\/2019\/10\/Wortmarke_Wald-Klima-Schutz.jpg?resize=256%2C241\" alt=\"\" class=\"wp-image-1253\" width=\"256\" height=\"241\" srcset=\"https:\/\/i0.wp.com\/forst.igbau.nrw\/wp-content\/uploads\/2019\/10\/Wortmarke_Wald-Klima-Schutz.jpg?resize=1024%2C962 1024w, https:\/\/i0.wp.com\/forst.igbau.nrw\/wp-content\/uploads\/2019\/10\/Wortmarke_Wald-Klima-Schutz.jpg?resize=300%2C282 300w, https:\/\/i0.wp.com\/forst.igbau.nrw\/wp-content\/uploads\/2019\/10\/Wortmarke_Wald-Klima-Schutz.jpg?resize=768%2C721 768w, https:\/\/i0.wp.com\/forst.igbau.nrw\/wp-content\/uploads\/2019\/10\/Wortmarke_Wald-Klima-Schutz.jpg?resize=150%2C141 150w, https:\/\/i0.wp.com\/forst.igbau.nrw\/wp-content\/uploads\/2019\/10\/Wortmarke_Wald-Klima-Schutz.jpg?w=1872 1872w, https:\/\/i0.wp.com\/forst.igbau.nrw\/wp-content\/uploads\/2019\/10\/Wortmarke_Wald-Klima-Schutz.jpg?w=1280 1280w\" sizes=\"(max-width: 256px) 100vw, 256px\" \/><\/a><\/figure><\/div>\n","protected":false},"excerpt":{"rendered":"<p>Nachdem sich die Landesregierung bereits im September mit den Verb\u00e4nden in Schmallenberg anhand einer Kabinettsklausur \u00fcber die aktuelle Situation im Wald und<\/p>\n<p class=\"link-more\"><a class=\"myButt \" href=\"http:\/\/forst.igbau.nrw\/?p=1452\">Weitere Infos &#8230;<\/a><\/p>\n","protected":false},"author":2,"featured_media":0,"comment_status":"closed","ping_status":"open","sticky":false,"template":"","format":"standard","meta":{"ngg_post_thumbnail":0,"jetpack_post_was_ever_published":false,"_jetpack_newsletter_access":"","_jetpack_dont_email_post_to_subs":false,"_jetpack_newsletter_tier_id":0,"_jetpack_memberships_contains_paywalled_content":false,"_jetpack_memberships_contains_paid_content":false,"footnotes":"","jetpack_publicize_message":"","jetpack_publicize_feature_enabled":true,"jetpack_social_post_already_shared":true,"jetpack_social_options":{"image_generator_settings":{"template":"highway","default_image_id":0,"font":"","enabled":false},"version":2}},"categories":[5],"tags":[],"class_list":["post-1452","post","type-post","status-publish","format-standard","hentry","category-forstwirtschaft"],"jetpack_publicize_connections":[],"jetpack_featured_media_url":"","jetpack_sharing_enabled":true,"jetpack_shortlink":"https:\/\/wp.me\/p8x7f7-nq","jetpack-related-posts":[],"_links":{"self":[{"href":"http:\/\/forst.igbau.nrw\/index.php?rest_route=\/wp\/v2\/posts\/1452","targetHints":{"allow":["GET"]}}],"collection":[{"href":"http:\/\/forst.igbau.nrw\/index.php?rest_route=\/wp\/v2\/posts"}],"about":[{"href":"http:\/\/forst.igbau.nrw\/index.php?rest_route=\/wp\/v2\/types\/post"}],"author":[{"embeddable":true,"href":"http:\/\/forst.igbau.nrw\/index.php?rest_route=\/wp\/v2\/users\/2"}],"replies":[{"embeddable":true,"href":"http:\/\/forst.igbau.nrw\/index.php?rest_route=%2Fwp%2Fv2%2Fcomments&post=1452"}],"version-history":[{"count":4,"href":"http:\/\/forst.igbau.nrw\/index.php?rest_route=\/wp\/v2\/posts\/1452\/revisions"}],"predecessor-version":[{"id":1473,"href":"http:\/\/forst.igbau.nrw\/index.php?rest_route=\/wp\/v2\/posts\/1452\/revisions\/1473"}],"wp:attachment":[{"href":"http:\/\/forst.igbau.nrw\/index.php?rest_route=%2Fwp%2Fv2%2Fmedia&parent=1452"}],"wp:term":[{"taxonomy":"category","embeddable":true,"href":"http:\/\/forst.igbau.nrw\/index.php?rest_route=%2Fwp%2Fv2%2Fcategories&post=1452"},{"taxonomy":"post_tag","embeddable":true,"href":"http:\/\/forst.igbau.nrw\/index.php?rest_route=%2Fwp%2Fv2%2Ftags&post=1452"}],"curies":[{"name":"wp","href":"https:\/\/api.w.org\/{rel}","templated":true}]}}