{"id":1482,"date":"2020-01-19T20:34:00","date_gmt":"2020-01-19T20:34:00","guid":{"rendered":"http:\/\/forst.igbau.nrw\/?p=1482"},"modified":"2020-11-23T06:59:24","modified_gmt":"2020-11-23T06:59:24","slug":"ig-bau-schutz-der-waelder-nur-mit-genug-fachkraeften","status":"publish","type":"post","link":"http:\/\/forst.igbau.nrw\/?p=1482","title":{"rendered":"IG BAU &#8222;Schutz der W\u00e4lder nur mit genug Fachkr\u00e4ften&#8220;"},"content":{"rendered":"\r\n<p>F\u00fcr den Erhalt und den Wiederaufbau der durch die D\u00fcrre betroffenen W\u00e4lder ist qualifiziertes Fachpersonal im ausreichenden Umfang eine wesentliche Grundlage.<\/p>\r\n\r\n\r\n\r\n<p>&#8222;Hauptverantwortlich f\u00fcr die Schaffung der Grundlagen ist der &#8222;Staat&#8220;. Bund, L\u00e4nder und Kommunen m\u00fcssen schnellstens einen Wald Masterplan vorlegen. Es ist ihre Verantwortung gemeinsam mit dem privaten Waldbesitz eine nachhaltige Waldstrategie zu entwickeln, die es erm\u00f6glicht, die Ziele derUN-Klimakonferenz tats\u00e4chlich zu erreichen.\u201c<br>F\u00fcr den Wald-Klima-Schutz hat die IG BAU einen Acht-Punkte-Katalog f\u00fcr Sofortma\u00dfnahmen aufgelegt. Damit soll die Forstwirtschaft zukunftsf\u00e4hig aufgestellt und der Klimaschutz durch den Wald gest\u00e4rkt werden:<br>&#8211; K\u00fcrzungen in den \u00f6ffentlichen Forstverwaltungen und Forstbetrieben<br>m\u00fcssen sofort gestoppt werden<br>&#8211; Qualifiziertes Fachpersonal muss auf- statt abgebaut werden<br>-Keine sachgrundlose Befristungen mehr in der Daseinsvorsorge<br>-Hohe Qualit\u00e4tsstandards in der Waldbewirtschaftung m\u00fcssen eingehalten<br>werden, um alle Waldfunktionen und die Gesundheit der Besch\u00e4ftigten<br>zu sichern<br>-Die Forschung zum Umbau der W\u00e4lder muss intensiviert werden<br>-Entwicklung neuer Techniken zum Schutz der W\u00e4lder<br>-Ausbau der Umweltbildungsangebote<br>-Vorbehaltlose Aufkl\u00e4rung der Allgemeinheit \u00fcber den Zustand der W\u00e4lder und mutige politische Entscheidungen zu deren Schutz&#8220;<\/p>\r\n","protected":false},"excerpt":{"rendered":"<p>F\u00fcr den Erhalt und den Wiederaufbau der durch die D\u00fcrre betroffenen W\u00e4lder ist qualifiziertes Fachpersonal im ausreichenden Umfang eine wesentliche Grundlage. &#8222;Hauptverantwortlich<\/p>\n<p class=\"link-more\"><a class=\"myButt \" href=\"http:\/\/forst.igbau.nrw\/?p=1482\">Weitere Infos &#8230;<\/a><\/p>\n","protected":false},"author":2,"featured_media":0,"comment_status":"closed","ping_status":"open","sticky":false,"template":"","format":"standard","meta":{"ngg_post_thumbnail":0,"jetpack_post_was_ever_published":false,"_jetpack_newsletter_access":"","_jetpack_dont_email_post_to_subs":false,"_jetpack_newsletter_tier_id":0,"_jetpack_memberships_contains_paywalled_content":false,"_jetpack_memberships_contains_paid_content":false,"footnotes":"","jetpack_publicize_message":"","jetpack_publicize_feature_enabled":true,"jetpack_social_post_already_shared":false,"jetpack_social_options":{"image_generator_settings":{"template":"highway","default_image_id":0,"font":"","enabled":false},"version":2}},"categories":[11,4,5],"tags":[],"class_list":["post-1482","post","type-post","status-publish","format-standard","hentry","category-exkursionen","category-forstpolitik","category-forstwirtschaft"],"jetpack_publicize_connections":[],"jetpack_featured_media_url":"","jetpack_sharing_enabled":true,"jetpack_shortlink":"https:\/\/wp.me\/p8x7f7-nU","jetpack-related-posts":[],"_links":{"self":[{"href":"http:\/\/forst.igbau.nrw\/index.php?rest_route=\/wp\/v2\/posts\/1482","targetHints":{"allow":["GET"]}}],"collection":[{"href":"http:\/\/forst.igbau.nrw\/index.php?rest_route=\/wp\/v2\/posts"}],"about":[{"href":"http:\/\/forst.igbau.nrw\/index.php?rest_route=\/wp\/v2\/types\/post"}],"author":[{"embeddable":true,"href":"http:\/\/forst.igbau.nrw\/index.php?rest_route=\/wp\/v2\/users\/2"}],"replies":[{"embeddable":true,"href":"http:\/\/forst.igbau.nrw\/index.php?rest_route=%2Fwp%2Fv2%2Fcomments&post=1482"}],"version-history":[{"count":3,"href":"http:\/\/forst.igbau.nrw\/index.php?rest_route=\/wp\/v2\/posts\/1482\/revisions"}],"predecessor-version":[{"id":1728,"href":"http:\/\/forst.igbau.nrw\/index.php?rest_route=\/wp\/v2\/posts\/1482\/revisions\/1728"}],"wp:attachment":[{"href":"http:\/\/forst.igbau.nrw\/index.php?rest_route=%2Fwp%2Fv2%2Fmedia&parent=1482"}],"wp:term":[{"taxonomy":"category","embeddable":true,"href":"http:\/\/forst.igbau.nrw\/index.php?rest_route=%2Fwp%2Fv2%2Fcategories&post=1482"},{"taxonomy":"post_tag","embeddable":true,"href":"http:\/\/forst.igbau.nrw\/index.php?rest_route=%2Fwp%2Fv2%2Ftags&post=1482"}],"curies":[{"name":"wp","href":"https:\/\/api.w.org\/{rel}","templated":true}]}}