{"id":1487,"date":"2020-02-29T20:00:23","date_gmt":"2020-02-29T20:00:23","guid":{"rendered":"http:\/\/forst.igbau.nrw\/?p=1487"},"modified":"2020-11-23T06:59:24","modified_gmt":"2020-11-23T06:59:24","slug":"dgb-landeschefin-im-arnsberger-wald","status":"publish","type":"post","link":"http:\/\/forst.igbau.nrw\/?p=1487","title":{"rendered":"DGB Landeschefin im Arnsberger Wald"},"content":{"rendered":"\r\n<p>Die Vorsitzende des DGB in NRW Anja Weber nahm das Angebot der IG BAU Landesvertretung und des Landesbetriebes Wald und Holz Nordrhein-Westfalen gerne an, sich vor Ort \u00fcber die katastrophale Lage in den W\u00e4ldern am n\u00f6rdlichen Rand des Sauerlandes zu informieren.<\/p>\r\n\r\n\r\n\r\n<p>In Begleitung von Daniela Zinkann, verantwortlich beim DGB NRW f\u00fcr alle Themen Rund um den \u00d6ffentlichen Dienst in NRW und dem Presserefenten des DGB in NRW Jonas Blanken-Blumenthal startete der Termin in V\u00f6llinghausen am \u00f6stlichen Rand des M\u00f6hnesees.<\/p>\r\n\r\n\r\n\r\n<div class=\"wp-block-image\">\r\n<figure class=\"aligncenter size-full is-resized\"><img data-recalc-dims=\"1\" fetchpriority=\"high\" decoding=\"async\" data-attachment-id=\"1489\" data-permalink=\"http:\/\/forst.igbau.nrw\/?attachment_id=1489\" data-orig-file=\"https:\/\/i0.wp.com\/forst.igbau.nrw\/wp-content\/uploads\/2020\/01\/IMG_9894.jpg?fit=750%2C500\" data-orig-size=\"750,500\" data-comments-opened=\"1\" data-image-meta=\"{&quot;aperture&quot;:&quot;1.4&quot;,&quot;credit&quot;:&quot;Peter Wicke&quot;,&quot;camera&quot;:&quot;Canon EOS 6D&quot;,&quot;caption&quot;:&quot;&quot;,&quot;created_timestamp&quot;:&quot;1580299055&quot;,&quot;copyright&quot;:&quot;Peter Wicke&quot;,&quot;focal_length&quot;:&quot;35&quot;,&quot;iso&quot;:&quot;100&quot;,&quot;shutter_speed&quot;:&quot;0.002&quot;,&quot;title&quot;:&quot;&quot;,&quot;orientation&quot;:&quot;1&quot;}\" data-image-title=\"IMG_9894\" data-image-description=\"\" data-image-caption=\"\" data-large-file=\"https:\/\/i0.wp.com\/forst.igbau.nrw\/wp-content\/uploads\/2020\/01\/IMG_9894.jpg?fit=640%2C427\" class=\"wp-image-1489\" src=\"https:\/\/i0.wp.com\/forst.igbau.nrw\/wp-content\/uploads\/2020\/01\/IMG_9894.jpg?resize=639%2C425\" alt=\"\" width=\"639\" height=\"425\" srcset=\"https:\/\/i0.wp.com\/forst.igbau.nrw\/wp-content\/uploads\/2020\/01\/IMG_9894.jpg?w=750 750w, https:\/\/i0.wp.com\/forst.igbau.nrw\/wp-content\/uploads\/2020\/01\/IMG_9894.jpg?resize=300%2C200 300w\" sizes=\"(max-width: 639px) 100vw, 639px\" \/>\r\n<figcaption>Foto: Jonas Blanken-Blumenthal, DGB NRW<\/figcaption>\r\n<\/figure>\r\n<\/div>\r\n\r\n\r\n\r\n<p>In einem 2,5 st\u00fcndigen Rundgang erl\u00e4uterten Edgar R\u00fcther, Leiter des Regionalforstamtes Soest-Sauerland und Peter Wicke, Personalrat beim Landesbetrieb Wald und Holz Nordrhein-Westfalen und Vorsitzender der IG BAU Landesvertretung Forst und Naturschutz, die aktuelle Situation in den W\u00e4ldern in NRW.<\/p>\r\n\r\n\r\n\r\n<p>Anhand der eindringlichen Eindr\u00fccke der bereits ger\u00e4umten und abgestorbenen Fichtenbest\u00e4nde wurden die vielf\u00e4ltigen Fragen er\u00f6rtert.<\/p>\r\n\r\n\r\n\r\n<p>Vom immensen Verlust an materiellen Werten \u00fcber die \u00f6kologischen Auswirkungen bis hin zu den Belastungen und Anforderungen f\u00fcr alle die im und f\u00fcr den Wald arbeiten wurde die gesamte Bandbreite angesprochen.<\/p>\r\n\r\n\r\n\r\n<p>Nicht erst in den letzten Monaten h\u00e4ufen sich auch im Landesbetrieb die Meldungen der Besch\u00e4ftigten das diese mit der gro\u00dfen Anzahl der durch die Katastrophe verursachten Aufgaben an ihre Leistungsgrenze kommen. Aus Sicht der IG BAU und des Personalrates ist es unbedingt erforderlich die Mannschaft von Wald und Holz NRW dauerhaft zu verst\u00e4rken.<\/p>\r\n\r\n\r\n\r\n<figure class=\"wp-block-image size-large\"><img data-recalc-dims=\"1\" decoding=\"async\" width=\"640\" height=\"427\" data-attachment-id=\"1490\" data-permalink=\"http:\/\/forst.igbau.nrw\/?attachment_id=1490\" data-orig-file=\"https:\/\/i0.wp.com\/forst.igbau.nrw\/wp-content\/uploads\/2020\/01\/IMG_9913.jpg?fit=750%2C500\" data-orig-size=\"750,500\" data-comments-opened=\"1\" data-image-meta=\"{&quot;aperture&quot;:&quot;1.4&quot;,&quot;credit&quot;:&quot;Peter Wicke&quot;,&quot;camera&quot;:&quot;Canon EOS 6D&quot;,&quot;caption&quot;:&quot;&quot;,&quot;created_timestamp&quot;:&quot;1580299198&quot;,&quot;copyright&quot;:&quot;Peter Wicke&quot;,&quot;focal_length&quot;:&quot;35&quot;,&quot;iso&quot;:&quot;100&quot;,&quot;shutter_speed&quot;:&quot;0.005&quot;,&quot;title&quot;:&quot;&quot;,&quot;orientation&quot;:&quot;1&quot;}\" data-image-title=\"IMG_9913\" data-image-description=\"\" data-image-caption=\"\" data-large-file=\"https:\/\/i0.wp.com\/forst.igbau.nrw\/wp-content\/uploads\/2020\/01\/IMG_9913.jpg?fit=640%2C427\" class=\"wp-image-1490\" src=\"https:\/\/i0.wp.com\/forst.igbau.nrw\/wp-content\/uploads\/2020\/01\/IMG_9913.jpg?resize=640%2C427\" alt=\"\" srcset=\"https:\/\/i0.wp.com\/forst.igbau.nrw\/wp-content\/uploads\/2020\/01\/IMG_9913.jpg?w=750 750w, https:\/\/i0.wp.com\/forst.igbau.nrw\/wp-content\/uploads\/2020\/01\/IMG_9913.jpg?resize=300%2C200 300w\" sizes=\"(max-width: 640px) 100vw, 640px\" \/>\r\n<figcaption>Anja Weber (DGB NRW), Edgar R\u00fcther, Peter Wicke (beide Wald und Holz NRW)<br>Foto:Jonas Blanken-Blumenthal, DGB NRW<\/figcaption>\r\n<\/figure>\r\n\r\n\r\n\r\n<p>Die Landesvertretung der IG BAU sieht vor diesem Hintergrund den beschlossenen Waldpakt als Grundlage einer Zusage der Landesregierung dem Wald, den Waldbesitzern und allen die f\u00fcr den Wald arbeiten die erforderliche Unterst\u00fctzung zukommen zu lassen.<\/p>\r\n\r\n\r\n\r\n<p>Nun muss diese Absichtserkl\u00e4rung mit Inhalten gef\u00fcllt und werden.<\/p>\r\n\r\n\r\n\r\n<p>Das angesprochene Thema Kohlenstoffspeicherung und Substitionsleistung des Waldes durch Nutzung des nachwachsenden Rohstoffes Holz nahm Anja Weber auf und sieht aus Ihrer Sicht die Chancen in einer verst\u00e4rkten regionalen Wertsch\u00f6pfung z.b. durch die vermehrte Verwendung von Holz im Bausektor.<\/p>\r\n\r\n\r\n\r\n<figure class=\"wp-block-image size-large\"><img data-recalc-dims=\"1\" decoding=\"async\" width=\"640\" height=\"427\" data-attachment-id=\"1491\" data-permalink=\"http:\/\/forst.igbau.nrw\/?attachment_id=1491\" data-orig-file=\"https:\/\/i0.wp.com\/forst.igbau.nrw\/wp-content\/uploads\/2020\/01\/IMG_9987.jpg?fit=750%2C500\" data-orig-size=\"750,500\" data-comments-opened=\"1\" data-image-meta=\"{&quot;aperture&quot;:&quot;1.6&quot;,&quot;credit&quot;:&quot;Peter Wicke&quot;,&quot;camera&quot;:&quot;Canon EOS 6D&quot;,&quot;caption&quot;:&quot;&quot;,&quot;created_timestamp&quot;:&quot;1580301129&quot;,&quot;copyright&quot;:&quot;Peter Wicke&quot;,&quot;focal_length&quot;:&quot;35&quot;,&quot;iso&quot;:&quot;100&quot;,&quot;shutter_speed&quot;:&quot;0.001&quot;,&quot;title&quot;:&quot;&quot;,&quot;orientation&quot;:&quot;1&quot;}\" data-image-title=\"IMG_9987\" data-image-description=\"\" data-image-caption=\"\" data-large-file=\"https:\/\/i0.wp.com\/forst.igbau.nrw\/wp-content\/uploads\/2020\/01\/IMG_9987.jpg?fit=640%2C427\" class=\"wp-image-1491\" src=\"https:\/\/i0.wp.com\/forst.igbau.nrw\/wp-content\/uploads\/2020\/01\/IMG_9987.jpg?resize=640%2C427\" alt=\"\" srcset=\"https:\/\/i0.wp.com\/forst.igbau.nrw\/wp-content\/uploads\/2020\/01\/IMG_9987.jpg?w=750 750w, https:\/\/i0.wp.com\/forst.igbau.nrw\/wp-content\/uploads\/2020\/01\/IMG_9987.jpg?resize=300%2C200 300w\" sizes=\"(max-width: 640px) 100vw, 640px\" \/>\r\n<figcaption>Anja Weber (DGB NRW), Daniela Zinkann(DGB NRW), Edgar R\u00fcther (Wald und Holz NRW)<br>Foto:Jonas Blanken-Blumenthal, DGB NRW<\/figcaption>\r\n<\/figure>\r\n\r\n\r\n\r\n<p>Auf einer gr\u00f6\u00dferen Fl\u00e4che die noch vor kurzem ein vitaler Fichtenwald war konnte dargestellt werden was uns in vielen Bereichen des Sauerlandes, des Bergischen Landes im Harz&#8230; und vielen anderen Waldgebieten in Europa bedingt durch die D\u00fcrresch\u00e4den passieren wird.<\/p>\r\n\r\n\r\n\r\n<p>Hier werden derzeit die abgestorbenen Fichten durch eine Harvester aufgearbeitet und an den R\u00fcckegassen abgelegt.<\/p>\r\n\r\n\r\n\r\n<figure class=\"wp-block-image size-large\"><img data-recalc-dims=\"1\" loading=\"lazy\" decoding=\"async\" width=\"640\" height=\"480\" data-attachment-id=\"1495\" data-permalink=\"http:\/\/forst.igbau.nrw\/?attachment_id=1495\" data-orig-file=\"https:\/\/i0.wp.com\/forst.igbau.nrw\/wp-content\/uploads\/2020\/01\/P1110117.jpg?fit=1616%2C1212\" data-orig-size=\"1616,1212\" data-comments-opened=\"1\" data-image-meta=\"{&quot;aperture&quot;:&quot;5&quot;,&quot;credit&quot;:&quot;Peter Wicke&quot;,&quot;camera&quot;:&quot;DMC-G81&quot;,&quot;caption&quot;:&quot;&quot;,&quot;created_timestamp&quot;:&quot;1580299908&quot;,&quot;copyright&quot;:&quot;Peter Wicke&quot;,&quot;focal_length&quot;:&quot;12&quot;,&quot;iso&quot;:&quot;200&quot;,&quot;shutter_speed&quot;:&quot;0.004&quot;,&quot;title&quot;:&quot;&quot;,&quot;orientation&quot;:&quot;1&quot;}\" data-image-title=\"P1110117\" data-image-description=\"\" data-image-caption=\"\" data-large-file=\"https:\/\/i0.wp.com\/forst.igbau.nrw\/wp-content\/uploads\/2020\/01\/P1110117.jpg?fit=640%2C480\" class=\"wp-image-1495\" src=\"https:\/\/i0.wp.com\/forst.igbau.nrw\/wp-content\/uploads\/2020\/01\/P1110117.jpg?resize=640%2C480\" alt=\"\" srcset=\"https:\/\/i0.wp.com\/forst.igbau.nrw\/wp-content\/uploads\/2020\/01\/P1110117.jpg?resize=1024%2C768 1024w, https:\/\/i0.wp.com\/forst.igbau.nrw\/wp-content\/uploads\/2020\/01\/P1110117.jpg?resize=300%2C225 300w, https:\/\/i0.wp.com\/forst.igbau.nrw\/wp-content\/uploads\/2020\/01\/P1110117.jpg?resize=768%2C576 768w, https:\/\/i0.wp.com\/forst.igbau.nrw\/wp-content\/uploads\/2020\/01\/P1110117.jpg?resize=1536%2C1152 1536w, https:\/\/i0.wp.com\/forst.igbau.nrw\/wp-content\/uploads\/2020\/01\/P1110117.jpg?resize=1140%2C855 1140w, https:\/\/i0.wp.com\/forst.igbau.nrw\/wp-content\/uploads\/2020\/01\/P1110117.jpg?w=1616 1616w, https:\/\/i0.wp.com\/forst.igbau.nrw\/wp-content\/uploads\/2020\/01\/P1110117.jpg?w=1280 1280w\" sizes=\"(max-width: 640px) 100vw, 640px\" \/>\r\n<figcaption>Harvester r\u00e4umt die Fl\u00e4che mit abgestorbenen Fichten.<\/figcaption>\r\n<\/figure>\r\n\r\n\r\n\r\n<p>Auch die angespannte Situation beim Verkauf des Holzes und den dringend ben\u00f6tigten Forstfirmen die diese Arbeiten durchf\u00fchren, konnte an diesem Beispiel angesprochen werden. Bedingt durch die enormen Fl\u00e4chen und Mengen Europaweit kann hier nur noch von einer Schadensbegrenzung gesprochen werden, eine Bew\u00e4ltigung der Katastrophe ist nicht mehr m\u00f6glich.<\/p>\r\n\r\n\r\n\r\n<p>Doch nicht nur anhand der Fichten, auch bei mehrere Buchen konnten auf dem Rundgang gezeigt werden welche Auswirkungen die 2 D\u00fcrrejahre 2018 und 2019 auf den Wald haben. Es ist zu bef\u00fcrchten das die bis jetzt sichtbaren Sch\u00e4den an der Buche \u00fcber die n\u00e4chsten Jahre hinweg um ein vielfaches zunehmen werden.<\/p>\r\n\r\n\r\n\r\n<p>Die bisherige Annahme das die Buche wie bisher die nat\u00fcrlich vorkommende dominierende Baumart in Deutschland bleibt ist vor dem Hintergrund der Auswirkungen des Klimawandels fraglich.<\/p>\r\n\r\n\r\n\r\n<figure class=\"wp-block-image size-large\"><img data-recalc-dims=\"1\" loading=\"lazy\" decoding=\"async\" width=\"640\" height=\"480\" data-attachment-id=\"1496\" data-permalink=\"http:\/\/forst.igbau.nrw\/?attachment_id=1496\" data-orig-file=\"https:\/\/i0.wp.com\/forst.igbau.nrw\/wp-content\/uploads\/2020\/01\/P1110110.jpg?fit=1616%2C1212\" data-orig-size=\"1616,1212\" data-comments-opened=\"1\" data-image-meta=\"{&quot;aperture&quot;:&quot;4.5&quot;,&quot;credit&quot;:&quot;Peter Wicke&quot;,&quot;camera&quot;:&quot;DMC-G81&quot;,&quot;caption&quot;:&quot;&quot;,&quot;created_timestamp&quot;:&quot;1580299836&quot;,&quot;copyright&quot;:&quot;Peter Wicke&quot;,&quot;focal_length&quot;:&quot;12&quot;,&quot;iso&quot;:&quot;200&quot;,&quot;shutter_speed&quot;:&quot;0.00625&quot;,&quot;title&quot;:&quot;&quot;,&quot;orientation&quot;:&quot;1&quot;}\" data-image-title=\"P1110110\" data-image-description=\"\" data-image-caption=\"\" data-large-file=\"https:\/\/i0.wp.com\/forst.igbau.nrw\/wp-content\/uploads\/2020\/01\/P1110110.jpg?fit=640%2C480\" class=\"wp-image-1496\" src=\"https:\/\/i0.wp.com\/forst.igbau.nrw\/wp-content\/uploads\/2020\/01\/P1110110.jpg?resize=640%2C480\" alt=\"\" srcset=\"https:\/\/i0.wp.com\/forst.igbau.nrw\/wp-content\/uploads\/2020\/01\/P1110110.jpg?resize=1024%2C768 1024w, https:\/\/i0.wp.com\/forst.igbau.nrw\/wp-content\/uploads\/2020\/01\/P1110110.jpg?resize=300%2C225 300w, https:\/\/i0.wp.com\/forst.igbau.nrw\/wp-content\/uploads\/2020\/01\/P1110110.jpg?resize=768%2C576 768w, https:\/\/i0.wp.com\/forst.igbau.nrw\/wp-content\/uploads\/2020\/01\/P1110110.jpg?resize=1536%2C1152 1536w, https:\/\/i0.wp.com\/forst.igbau.nrw\/wp-content\/uploads\/2020\/01\/P1110110.jpg?resize=1140%2C855 1140w, https:\/\/i0.wp.com\/forst.igbau.nrw\/wp-content\/uploads\/2020\/01\/P1110110.jpg?w=1616 1616w, https:\/\/i0.wp.com\/forst.igbau.nrw\/wp-content\/uploads\/2020\/01\/P1110110.jpg?w=1280 1280w\" sizes=\"(max-width: 640px) 100vw, 640px\" \/>\r\n<figcaption>K\u00e4ferholz bereit zum Abtransport, nur die L\u00e4rchen verbleiben auf der Fl\u00e4che.<\/figcaption>\r\n<\/figure>\r\n\r\n\r\n\r\n<p>Kurz vor Abschluss der kurzen Exkursion konnte in einem Buchenbestand noch sehr deutlich gezeigt werden inwieweit die gerade in diesem Gebiet extrem hohe Wilddichte von Sikawaild verhindert, das es zu einer nat\u00fcrlichen Verj\u00fcngung des Waldes kommt. Die dort gezeigten Sch\u00e4den bedeuten f\u00fcr den betroffenen Waldbesitzer in hohem Ma\u00dfe einen Wertverlust da die n\u00e4chste Generation an B\u00e4umen zum Teil komplett ausf\u00e4llt und eine Verj\u00fcngung des Wald ohne teure Schutzma\u00dfnahmen nicht m\u00f6glich sein wird.<\/p>\r\n\r\n\r\n\r\n<figure class=\"wp-block-image size-large\"><img data-recalc-dims=\"1\" loading=\"lazy\" decoding=\"async\" width=\"640\" height=\"480\" data-attachment-id=\"1494\" data-permalink=\"http:\/\/forst.igbau.nrw\/?attachment_id=1494\" data-orig-file=\"https:\/\/i0.wp.com\/forst.igbau.nrw\/wp-content\/uploads\/2020\/01\/P1110129.jpg?fit=1616%2C1212\" data-orig-size=\"1616,1212\" data-comments-opened=\"1\" data-image-meta=\"{&quot;aperture&quot;:&quot;3.7&quot;,&quot;credit&quot;:&quot;Peter Wicke&quot;,&quot;camera&quot;:&quot;DMC-G81&quot;,&quot;caption&quot;:&quot;&quot;,&quot;created_timestamp&quot;:&quot;1580300206&quot;,&quot;copyright&quot;:&quot;Peter Wicke&quot;,&quot;focal_length&quot;:&quot;15&quot;,&quot;iso&quot;:&quot;200&quot;,&quot;shutter_speed&quot;:&quot;0.0125&quot;,&quot;title&quot;:&quot;&quot;,&quot;orientation&quot;:&quot;1&quot;}\" data-image-title=\"P1110129\" data-image-description=\"\" data-image-caption=\"\" data-large-file=\"https:\/\/i0.wp.com\/forst.igbau.nrw\/wp-content\/uploads\/2020\/01\/P1110129.jpg?fit=640%2C480\" class=\"wp-image-1494\" src=\"https:\/\/i0.wp.com\/forst.igbau.nrw\/wp-content\/uploads\/2020\/01\/P1110129.jpg?resize=640%2C480\" alt=\"\" srcset=\"https:\/\/i0.wp.com\/forst.igbau.nrw\/wp-content\/uploads\/2020\/01\/P1110129.jpg?resize=1024%2C768 1024w, https:\/\/i0.wp.com\/forst.igbau.nrw\/wp-content\/uploads\/2020\/01\/P1110129.jpg?resize=300%2C225 300w, https:\/\/i0.wp.com\/forst.igbau.nrw\/wp-content\/uploads\/2020\/01\/P1110129.jpg?resize=768%2C576 768w, https:\/\/i0.wp.com\/forst.igbau.nrw\/wp-content\/uploads\/2020\/01\/P1110129.jpg?resize=1536%2C1152 1536w, https:\/\/i0.wp.com\/forst.igbau.nrw\/wp-content\/uploads\/2020\/01\/P1110129.jpg?resize=1140%2C855 1140w, https:\/\/i0.wp.com\/forst.igbau.nrw\/wp-content\/uploads\/2020\/01\/P1110129.jpg?w=1616 1616w, https:\/\/i0.wp.com\/forst.igbau.nrw\/wp-content\/uploads\/2020\/01\/P1110129.jpg?w=1280 1280w\" sizes=\"(max-width: 640px) 100vw, 640px\" \/>\r\n<figcaption>Buchennaturverj\u00fcngung, verbissen durch Schalenwild, aktuelle H\u00f6he ca. 40cm, ohne Verbi\u00df ca. 3 Meter<\/figcaption>\r\n<\/figure>\r\n\r\n\r\n\r\n<p>Dar\u00fcber hinaus entsteht durch diese Situation eine Entmischung der Artenvielfalt im Wald die auch aus \u00f6kologischer Sicht nicht zu akzeptieren ist.<\/p>\r\n\r\n\r\n\r\n<p>Die verst\u00e4rkte Jagd auf Sikawild sowie Rot- Dam- und Rehwild ist auch im Sauerland eine unabdingbare Voraussetzung das sich der Wald erneuern kann. Einen nat\u00fcrlichen Schutz gegen den Verbi\u00df, z.b. durch das liegenlassen von Fichtenkronen, wie es zum Teil proklamiert wird ist keine Option da diese Methode keinerlei Auswirkung auf das \u00c4sungsverhalten gerade beim Rehwild hat.<\/p>\r\n\r\n\r\n\r\n<p>&nbsp;<\/p>\r\n","protected":false},"excerpt":{"rendered":"<p>Die Vorsitzende des DGB in NRW Anja Weber nahm das Angebot der IG BAU Landesvertretung und des Landesbetriebes Wald und Holz Nordrhein-Westfalen<\/p>\n<p class=\"link-more\"><a class=\"myButt \" href=\"http:\/\/forst.igbau.nrw\/?p=1487\">Weitere Infos &#8230;<\/a><\/p>\n","protected":false},"author":2,"featured_media":1493,"comment_status":"closed","ping_status":"open","sticky":false,"template":"","format":"standard","meta":{"ngg_post_thumbnail":0,"jetpack_post_was_ever_published":false,"_jetpack_newsletter_access":"","_jetpack_dont_email_post_to_subs":false,"_jetpack_newsletter_tier_id":0,"_jetpack_memberships_contains_paywalled_content":false,"_jetpack_memberships_contains_paid_content":false,"footnotes":"","jetpack_publicize_message":"","jetpack_publicize_feature_enabled":true,"jetpack_social_post_already_shared":false,"jetpack_social_options":{"image_generator_settings":{"template":"highway","default_image_id":0,"font":"","enabled":false},"version":2}},"categories":[5],"tags":[],"class_list":["post-1487","post","type-post","status-publish","format-standard","has-post-thumbnail","hentry","category-forstwirtschaft"],"jetpack_publicize_connections":[],"jetpack_featured_media_url":"https:\/\/i0.wp.com\/forst.igbau.nrw\/wp-content\/uploads\/2020\/01\/DGB_IGBAU_WuH_2020_01.jpg?fit=750%2C500","jetpack_sharing_enabled":true,"jetpack_shortlink":"https:\/\/wp.me\/p8x7f7-nZ","jetpack-related-posts":[],"_links":{"self":[{"href":"http:\/\/forst.igbau.nrw\/index.php?rest_route=\/wp\/v2\/posts\/1487","targetHints":{"allow":["GET"]}}],"collection":[{"href":"http:\/\/forst.igbau.nrw\/index.php?rest_route=\/wp\/v2\/posts"}],"about":[{"href":"http:\/\/forst.igbau.nrw\/index.php?rest_route=\/wp\/v2\/types\/post"}],"author":[{"embeddable":true,"href":"http:\/\/forst.igbau.nrw\/index.php?rest_route=\/wp\/v2\/users\/2"}],"replies":[{"embeddable":true,"href":"http:\/\/forst.igbau.nrw\/index.php?rest_route=%2Fwp%2Fv2%2Fcomments&post=1487"}],"version-history":[{"count":4,"href":"http:\/\/forst.igbau.nrw\/index.php?rest_route=\/wp\/v2\/posts\/1487\/revisions"}],"predecessor-version":[{"id":1727,"href":"http:\/\/forst.igbau.nrw\/index.php?rest_route=\/wp\/v2\/posts\/1487\/revisions\/1727"}],"wp:featuredmedia":[{"embeddable":true,"href":"http:\/\/forst.igbau.nrw\/index.php?rest_route=\/wp\/v2\/media\/1493"}],"wp:attachment":[{"href":"http:\/\/forst.igbau.nrw\/index.php?rest_route=%2Fwp%2Fv2%2Fmedia&parent=1487"}],"wp:term":[{"taxonomy":"category","embeddable":true,"href":"http:\/\/forst.igbau.nrw\/index.php?rest_route=%2Fwp%2Fv2%2Fcategories&post=1487"},{"taxonomy":"post_tag","embeddable":true,"href":"http:\/\/forst.igbau.nrw\/index.php?rest_route=%2Fwp%2Fv2%2Ftags&post=1487"}],"curies":[{"name":"wp","href":"https:\/\/api.w.org\/{rel}","templated":true}]}}