{"id":1501,"date":"2020-06-01T20:00:00","date_gmt":"2020-06-01T20:00:00","guid":{"rendered":"http:\/\/forst.igbau.nrw\/?p=1501"},"modified":"2020-11-23T06:59:23","modified_gmt":"2020-11-23T06:59:23","slug":"personalratswahlen-2020","status":"publish","type":"post","link":"http:\/\/forst.igbau.nrw\/?p=1501","title":{"rendered":"Gutes Ergebnis f\u00fcr die Liste der IG BAU bei der Personalratswahl !"},"content":{"rendered":"\r\n<p class=\"has-text-align-center\" style=\"text-align: center\"><strong>Die Liste der IG BAU konnte bei der diesj\u00e4hrigen Wahl zur Personalvertretung wieder eine Mehrheit gewinnen.<\/strong><\/p>\r\n<p>Wir bedanken uns bei allen W\u00e4hlerinnen und W\u00e4hlern f\u00fcr das Vertrauen in unsere Kandidatin und Kandidaten.<\/p>\r\n<p>Mit Beginn der neuen Legislatur wird sich der ab dem 01.07.2020 neu konstituierte Personalrat an die Arbeit machen. Unsere Kandidatin und Kandidatin der Liste IG BAU, auch diejenigen f\u00fcr die es nicht gereicht hat direkt in den Personalrat gew\u00e4hlt worden zu sein, stehen Ihnen als Ansprechpartner f\u00fcr die IG BAU gerne zu Verf\u00fcgung.<\/p>\r\n\r\n\r\n\r\n<p class=\"has-text-align-center\">Hier noch einmal die Infos zu unserem Team.<\/p>\r\n\r\n\r\n\r\n<div class=\"wp-block-image\">\r\n<figure class=\"aligncenter size-large\"><img data-recalc-dims=\"1\" fetchpriority=\"high\" decoding=\"async\" width=\"640\" height=\"480\" data-attachment-id=\"1630\" data-permalink=\"http:\/\/forst.igbau.nrw\/?attachment_id=1630\" data-orig-file=\"https:\/\/i0.wp.com\/forst.igbau.nrw\/wp-content\/uploads\/2020\/03\/Do%CC%88rr_Stefan_PR_und-HPR_Wahl_2020.jpg?fit=2304%2C1728\" data-orig-size=\"2304,1728\" data-comments-opened=\"1\" data-image-meta=\"{&quot;aperture&quot;:&quot;3.5&quot;,&quot;credit&quot;:&quot;&quot;,&quot;camera&quot;:&quot;COOLPIX S5200&quot;,&quot;caption&quot;:&quot;&quot;,&quot;created_timestamp&quot;:&quot;1457890791&quot;,&quot;copyright&quot;:&quot;&quot;,&quot;focal_length&quot;:&quot;4.6&quot;,&quot;iso&quot;:&quot;125&quot;,&quot;shutter_speed&quot;:&quot;0.0015625&quot;,&quot;title&quot;:&quot;&quot;,&quot;orientation&quot;:&quot;1&quot;}\" data-image-title=\"Do\u0308rr_Stefan_PR_und-HPR_Wahl_2020\" data-image-description=\"\" data-image-caption=\"\" data-large-file=\"https:\/\/i0.wp.com\/forst.igbau.nrw\/wp-content\/uploads\/2020\/03\/Do%CC%88rr_Stefan_PR_und-HPR_Wahl_2020.jpg?fit=640%2C480\" class=\"wp-image-1630\" src=\"https:\/\/i0.wp.com\/forst.igbau.nrw\/wp-content\/uploads\/2020\/03\/Do%CC%88rr_Stefan_PR_und-HPR_Wahl_2020.jpg?resize=640%2C480\" alt=\"\" srcset=\"https:\/\/i0.wp.com\/forst.igbau.nrw\/wp-content\/uploads\/2020\/03\/Do%CC%88rr_Stefan_PR_und-HPR_Wahl_2020.jpg?resize=1024%2C768 1024w, https:\/\/i0.wp.com\/forst.igbau.nrw\/wp-content\/uploads\/2020\/03\/Do%CC%88rr_Stefan_PR_und-HPR_Wahl_2020.jpg?resize=300%2C225 300w, https:\/\/i0.wp.com\/forst.igbau.nrw\/wp-content\/uploads\/2020\/03\/Do%CC%88rr_Stefan_PR_und-HPR_Wahl_2020.jpg?resize=768%2C576 768w, https:\/\/i0.wp.com\/forst.igbau.nrw\/wp-content\/uploads\/2020\/03\/Do%CC%88rr_Stefan_PR_und-HPR_Wahl_2020.jpg?resize=1536%2C1152 1536w, https:\/\/i0.wp.com\/forst.igbau.nrw\/wp-content\/uploads\/2020\/03\/Do%CC%88rr_Stefan_PR_und-HPR_Wahl_2020.jpg?resize=2048%2C1536 2048w, https:\/\/i0.wp.com\/forst.igbau.nrw\/wp-content\/uploads\/2020\/03\/Do%CC%88rr_Stefan_PR_und-HPR_Wahl_2020.jpg?resize=1140%2C855 1140w, https:\/\/i0.wp.com\/forst.igbau.nrw\/wp-content\/uploads\/2020\/03\/Do%CC%88rr_Stefan_PR_und-HPR_Wahl_2020.jpg?w=1280 1280w, https:\/\/i0.wp.com\/forst.igbau.nrw\/wp-content\/uploads\/2020\/03\/Do%CC%88rr_Stefan_PR_und-HPR_Wahl_2020.jpg?w=1920 1920w\" sizes=\"(max-width: 640px) 100vw, 640px\" \/>\r\n<figcaption>Mein Name ist <strong>Stefan D\u00f6rr<\/strong> und ich bin als Forstbetriebsbeamter im Siegerland t\u00e4tig.<br \/>Als langj\u00e4hriges Personalratsmitglied mache ich lieber keinerlei Versprechungen f\u00fcr die Zukunft und \u00fcberlasse dies der F\u00fchrung unseres Landesbetriebes.<br \/>Die bevorstehenden Umstrukturierungen werden unser Berufsbild deutlich ver\u00e4ndern. F\u00fcr alle F\u00f6rster*innen im Betreuungsgesch\u00e4ft k\u00f6nnen sich erhebliche Verschiebungen der T\u00e4tigkeitsfelder ergeben. Das erfordert die Begleitung eines guten Personalrates mit der Unterst\u00fctzung einer starken DGB- Gewerkschaft.<br \/>\u00dcbrigens Leute, wer Mitbestimmung und Solidarit\u00e4t nicht f\u00fcr \u00fcberfl\u00fcssigen Humbug h\u00e4lt, sollte in unserer Gewerkschaft mitmachen!<\/figcaption>\r\n<\/figure>\r\n<\/div>\r\n\r\n\r\n\r\n<div class=\"wp-block-image\">\r\n<figure class=\"aligncenter size-large is-resized\"><img data-recalc-dims=\"1\" decoding=\"async\" data-attachment-id=\"1505\" data-permalink=\"http:\/\/forst.igbau.nrw\/?attachment_id=1505\" data-orig-file=\"https:\/\/i0.wp.com\/forst.igbau.nrw\/wp-content\/uploads\/2020\/02\/Wiese_Peter_PR_Wahl_2020.jpg?fit=1123%2C1497\" data-orig-size=\"1123,1497\" data-comments-opened=\"1\" data-image-meta=\"{&quot;aperture&quot;:&quot;3.5&quot;,&quot;credit&quot;:&quot;Peter Wicke&quot;,&quot;camera&quot;:&quot;Canon PowerShot SX20 IS&quot;,&quot;caption&quot;:&quot;&quot;,&quot;created_timestamp&quot;:&quot;315532997&quot;,&quot;copyright&quot;:&quot;Peter Wicke&quot;,&quot;focal_length&quot;:&quot;8.521&quot;,&quot;iso&quot;:&quot;160&quot;,&quot;shutter_speed&quot;:&quot;0.01&quot;,&quot;title&quot;:&quot;&quot;,&quot;orientation&quot;:&quot;1&quot;}\" data-image-title=\"Wiese_Peter_PR_Wahl_2020\" data-image-description=\"\" data-image-caption=\"\" data-large-file=\"https:\/\/i0.wp.com\/forst.igbau.nrw\/wp-content\/uploads\/2020\/02\/Wiese_Peter_PR_Wahl_2020.jpg?fit=640%2C853\" class=\"wp-image-1505\" src=\"https:\/\/i0.wp.com\/forst.igbau.nrw\/wp-content\/uploads\/2020\/02\/Wiese_Peter_PR_Wahl_2020.jpg?resize=384%2C512\" alt=\"\" width=\"384\" height=\"512\" srcset=\"https:\/\/i0.wp.com\/forst.igbau.nrw\/wp-content\/uploads\/2020\/02\/Wiese_Peter_PR_Wahl_2020.jpg?resize=768%2C1024 768w, https:\/\/i0.wp.com\/forst.igbau.nrw\/wp-content\/uploads\/2020\/02\/Wiese_Peter_PR_Wahl_2020.jpg?resize=225%2C300 225w, https:\/\/i0.wp.com\/forst.igbau.nrw\/wp-content\/uploads\/2020\/02\/Wiese_Peter_PR_Wahl_2020.jpg?w=1123 1123w\" sizes=\"(max-width: 384px) 100vw, 384px\" \/>\r\n<figcaption>Mein Name ist <strong>Peter Wiese&#8230;.<\/strong>.<br \/>Ich bin 54 Jahre alt und als Forstwirtschaftsmeister beim Forstlichen Bildungszentrum in Arnsberg t\u00e4tig. Seit \u00a0Beginn meiner Ausbildung zum Forstwirt 1982 arbeite ich in der Landesforstverwaltung in NRW. Ver\u00e4nderungen und Wandel positiv begleiten, das ist eine der Aufgaben des Personalrates in der \u00f6ffentlichen Verwaltung. Die Arbeit zum Wohle der Besch\u00e4ftigten steht dabei im Vordergrund. Ich finde, dass ist eine spannende und herausfordernde Aufgabe, bei der ich gerne einen Beitrag leisten m\u00f6chte. Mit Menschen umgehen und mit ihnen L\u00f6sungen erarbeiten ist seit 16 Jahren meine T\u00e4tigkeit am Forstlichen Bildungszentrum in Arnsberg. Die sich stets wandelnde Arbeitswelt und die daraus entstehenden Ver\u00e4nderungen f\u00fcr die Besch\u00e4ftigten gestalten die Arbeitspl\u00e4tze immer wieder neu. Dabei sind Mitbestimmung, Mitwirkung und Anh\u00f6rung des Personalrates die Werkzeuge f\u00fcr die Interessenvertretung von uns Besch\u00e4ftigten im Landesbetrieb. Es ist also wichtig, dass wir einen Personalrat haben, der in Zusammenarbeit mit den Dienststellen unsere Arbeitspl\u00e4tze mitgestaltet und bei Schwierigkeiten L\u00f6sungen entwickelt. Der Landesbetrieb Wald und Holz NRW steht durch die Borkenk\u00e4ferkalamit\u00e4t und der Neuordnung der Betreuung des privaten Waldbesitzes vor einer gro\u00dfen Herausforderung, die der Personalrat begleiten wird. Diese Begleitung ist f\u00fcr die Besch\u00e4ftigten aller M\u00fche wert.<\/figcaption>\r\n<\/figure>\r\n<\/div>\r\n\r\n\r\n\r\n<div class=\"wp-block-image\">\r\n<figure class=\"aligncenter size-large is-resized\"><img data-recalc-dims=\"1\" decoding=\"async\" data-attachment-id=\"1508\" data-permalink=\"http:\/\/forst.igbau.nrw\/?attachment_id=1508\" data-orig-file=\"https:\/\/i0.wp.com\/forst.igbau.nrw\/wp-content\/uploads\/2020\/02\/Engelke_Andreas_PR_Wahl_2020.jpg?fit=972%2C1296\" data-orig-size=\"972,1296\" data-comments-opened=\"1\" data-image-meta=\"{&quot;aperture&quot;:&quot;5.9&quot;,&quot;credit&quot;:&quot;&quot;,&quot;camera&quot;:&quot;SAMSUNG ST60 \/ VLUU ST60 \/ SAMSUNG TL105 \/ SAMSUNG ST61&quot;,&quot;caption&quot;:&quot;SAMSUNG DIGITAL CAMERA&quot;,&quot;created_timestamp&quot;:&quot;1331477673&quot;,&quot;copyright&quot;:&quot;&quot;,&quot;focal_length&quot;:&quot;19.6&quot;,&quot;iso&quot;:&quot;400&quot;,&quot;shutter_speed&quot;:&quot;0.01&quot;,&quot;title&quot;:&quot;SAMSUNG DIGITAL CAMERA&quot;,&quot;orientation&quot;:&quot;1&quot;}\" data-image-title=\"SAMSUNG DIGITAL CAMERA\" data-image-description=\"\" data-image-caption=\"&lt;p&gt;SAMSUNG DIGITAL CAMERA&lt;\/p&gt;\n\" data-large-file=\"https:\/\/i0.wp.com\/forst.igbau.nrw\/wp-content\/uploads\/2020\/02\/Engelke_Andreas_PR_Wahl_2020.jpg?fit=640%2C853\" class=\"wp-image-1508\" src=\"https:\/\/i0.wp.com\/forst.igbau.nrw\/wp-content\/uploads\/2020\/02\/Engelke_Andreas_PR_Wahl_2020.jpg?resize=384%2C512\" alt=\"\" width=\"384\" height=\"512\" srcset=\"https:\/\/i0.wp.com\/forst.igbau.nrw\/wp-content\/uploads\/2020\/02\/Engelke_Andreas_PR_Wahl_2020.jpg?resize=768%2C1024 768w, https:\/\/i0.wp.com\/forst.igbau.nrw\/wp-content\/uploads\/2020\/02\/Engelke_Andreas_PR_Wahl_2020.jpg?resize=225%2C300 225w, https:\/\/i0.wp.com\/forst.igbau.nrw\/wp-content\/uploads\/2020\/02\/Engelke_Andreas_PR_Wahl_2020.jpg?w=972 972w\" sizes=\"(max-width: 384px) 100vw, 384px\" \/>\r\n<figcaption><strong>Andreas Engelke<\/strong>, ich bin seit vielen Jahren in der Personalvertretung beim Landesbetrieb engagiert und kenne die Anforderungen in der Arbeit als Interessenvertreter der Besch\u00e4ftigten in all seinen Facetten. Trotzdem ich in meiner T\u00e4tigkeit als Ranger Nationalparkforstamt meine Erf\u00fcllung sehe habe ich mich in der laufenden Wahlperiode f\u00fcr eine anteilige Freistellung entschieden um meinen Aufgaben im Personalrat zu verst\u00e4rken. Gerade in der aktuellen Situation und den vielen neuen Anforderungen an unsere Arbeit sehe ich eine professionelle Mitarbeit im Vorstand des Personalrates als unabdingbar.<\/figcaption>\r\n<\/figure>\r\n<\/div>\r\n\r\n\r\n\r\n<div class=\"wp-block-image\">\r\n<figure class=\"aligncenter size-large is-resized\"><img data-recalc-dims=\"1\" loading=\"lazy\" decoding=\"async\" data-attachment-id=\"1516\" data-permalink=\"http:\/\/forst.igbau.nrw\/?attachment_id=1516\" data-orig-file=\"https:\/\/i0.wp.com\/forst.igbau.nrw\/wp-content\/uploads\/2020\/02\/Hu%CC%88binger_Armin_HPR_Wahl_2020-scaled.jpg?fit=2560%2C1707\" data-orig-size=\"2560,1707\" data-comments-opened=\"1\" data-image-meta=\"{&quot;aperture&quot;:&quot;5.6&quot;,&quot;credit&quot;:&quot;Photographer:Ulla Giesen&quot;,&quot;camera&quot;:&quot;Canon EOS 5D Mark II&quot;,&quot;caption&quot;:&quot;&quot;,&quot;created_timestamp&quot;:&quot;1468225112&quot;,&quot;copyright&quot;:&quot;&quot;,&quot;focal_length&quot;:&quot;70&quot;,&quot;iso&quot;:&quot;1250&quot;,&quot;shutter_speed&quot;:&quot;0.0125&quot;,&quot;title&quot;:&quot;&quot;,&quot;orientation&quot;:&quot;1&quot;}\" data-image-title=\"Hu\u0308binger_Armin_HPR_Wahl_2020\" data-image-description=\"\" data-image-caption=\"\" data-large-file=\"https:\/\/i0.wp.com\/forst.igbau.nrw\/wp-content\/uploads\/2020\/02\/Hu%CC%88binger_Armin_HPR_Wahl_2020-scaled.jpg?fit=640%2C427\" class=\"wp-image-1516\" src=\"https:\/\/i0.wp.com\/forst.igbau.nrw\/wp-content\/uploads\/2020\/02\/Hu%CC%88binger_Armin_HPR_Wahl_2020.jpg?resize=512%2C342\" alt=\"\" width=\"512\" height=\"342\" srcset=\"https:\/\/i0.wp.com\/forst.igbau.nrw\/wp-content\/uploads\/2020\/02\/Hu%CC%88binger_Armin_HPR_Wahl_2020-scaled.jpg?resize=1024%2C683 1024w, https:\/\/i0.wp.com\/forst.igbau.nrw\/wp-content\/uploads\/2020\/02\/Hu%CC%88binger_Armin_HPR_Wahl_2020-scaled.jpg?resize=300%2C200 300w, https:\/\/i0.wp.com\/forst.igbau.nrw\/wp-content\/uploads\/2020\/02\/Hu%CC%88binger_Armin_HPR_Wahl_2020-scaled.jpg?resize=768%2C512 768w, https:\/\/i0.wp.com\/forst.igbau.nrw\/wp-content\/uploads\/2020\/02\/Hu%CC%88binger_Armin_HPR_Wahl_2020-scaled.jpg?resize=1536%2C1024 1536w, https:\/\/i0.wp.com\/forst.igbau.nrw\/wp-content\/uploads\/2020\/02\/Hu%CC%88binger_Armin_HPR_Wahl_2020-scaled.jpg?resize=2048%2C1365 2048w, https:\/\/i0.wp.com\/forst.igbau.nrw\/wp-content\/uploads\/2020\/02\/Hu%CC%88binger_Armin_HPR_Wahl_2020-scaled.jpg?resize=1140%2C760 1140w, https:\/\/i0.wp.com\/forst.igbau.nrw\/wp-content\/uploads\/2020\/02\/Hu%CC%88binger_Armin_HPR_Wahl_2020-scaled.jpg?w=1280 1280w, https:\/\/i0.wp.com\/forst.igbau.nrw\/wp-content\/uploads\/2020\/02\/Hu%CC%88binger_Armin_HPR_Wahl_2020-scaled.jpg?w=1920 1920w\" sizes=\"(max-width: 512px) 100vw, 512px\" \/>\r\n<figcaption><strong>Armin H\u00fcbinger<\/strong>, mein Steckbrief:<br \/>Ich bin Verheiratet habe 2 Kinder und bin sowohl Forstwirt, Forstwirtschaftsmeister als auch F\u00f6rster. Durch meine vielf\u00e4ltigen Verwendungen die ich bereits im Landesbetrieb wahrgenommen habe kann ich diese Erfahrungen in meiner Arbeit in der Personalvertretung einbringen. Dies sehe ich gerade in meiner Mitgliedschaft in der Personalvertretung im Hauptpersonalrat beim MULNV als eine wichtige Aufgabe an. Um auch in den n\u00e4chsten Jahren die Interessen aus dem Landesbetrieb auf dieser Ebene zu vertreten stelle ich mich f\u00fcr die IG BAU und die Besch\u00e4ftigten 2021 wieder zur Wahl.<\/figcaption>\r\n<\/figure>\r\n<\/div>\r\n\r\n\r\n\r\n<div class=\"wp-block-image\">\r\n<figure class=\"aligncenter size-large is-resized\"><img data-recalc-dims=\"1\" loading=\"lazy\" decoding=\"async\" data-attachment-id=\"1521\" data-permalink=\"http:\/\/forst.igbau.nrw\/?attachment_id=1521\" data-orig-file=\"https:\/\/i0.wp.com\/forst.igbau.nrw\/wp-content\/uploads\/2020\/02\/Gosmann_Michael_angepasst.jpg?fit=819%2C1024\" data-orig-size=\"819,1024\" data-comments-opened=\"1\" data-image-meta=\"{&quot;aperture&quot;:&quot;11&quot;,&quot;credit&quot;:&quot;PETER _ Wicke&quot;,&quot;camera&quot;:&quot;NIKON D7000&quot;,&quot;caption&quot;:&quot;&quot;,&quot;created_timestamp&quot;:&quot;1460048489&quot;,&quot;copyright&quot;:&quot;peter.wicke@greenmac.de&quot;,&quot;focal_length&quot;:&quot;28&quot;,&quot;iso&quot;:&quot;200&quot;,&quot;shutter_speed&quot;:&quot;0.0015625&quot;,&quot;title&quot;:&quot;&quot;,&quot;orientation&quot;:&quot;1&quot;}\" data-image-title=\"Gosmann_Michael_angepasst\" data-image-description=\"\" data-image-caption=\"\" data-large-file=\"https:\/\/i0.wp.com\/forst.igbau.nrw\/wp-content\/uploads\/2020\/02\/Gosmann_Michael_angepasst.jpg?fit=640%2C800\" class=\"wp-image-1521\" src=\"https:\/\/i0.wp.com\/forst.igbau.nrw\/wp-content\/uploads\/2020\/02\/Gosmann_Michael_angepasst.jpg?resize=410%2C512\" alt=\"\" width=\"410\" height=\"512\" srcset=\"https:\/\/i0.wp.com\/forst.igbau.nrw\/wp-content\/uploads\/2020\/02\/Gosmann_Michael_angepasst.jpg?w=819 819w, https:\/\/i0.wp.com\/forst.igbau.nrw\/wp-content\/uploads\/2020\/02\/Gosmann_Michael_angepasst.jpg?resize=240%2C300 240w, https:\/\/i0.wp.com\/forst.igbau.nrw\/wp-content\/uploads\/2020\/02\/Gosmann_Michael_angepasst.jpg?resize=768%2C960 768w\" sizes=\"(max-width: 410px) 100vw, 410px\" \/>\r\n<figcaption>Mein Name ist <strong>Michael Gosmann<\/strong> bin 54 Jahre alt, verheiratet und habe 3 Kinder. Bei der Landesforstverwaltung NRW habe ich nach meiner Ausbildung 1985 die Pr\u00fcfung zum Forstwirt erfolgreich beendet und war seit 1990 ausbildendender Forstwirtschaftsmeister im Forstbetriebsbezirk Lattenberg t\u00e4tig<br \/>Seit ca. 2 Jahren arbeite ich nun als Forstwirtschaftsmeister im Jugendwaldheim Obereimer. In den ersten Jahren als Jugendvertreter und dann sp\u00e4ter als normales Personalratsmitglied bin ich bereits seit 1983 st\u00e4ndiges Mitglied im Personalrat. Die Personalratsarbeit liegt mir sehr am Herzen, und ich setze mich insbesondere f\u00fcr die Belange der Forstwirtinnen und Forstwirte und den Forstwirtschaftsmeisterinnen und Forstwirtschaftsmeister ein. <br \/>Alle Themen die wir im Personalrat anpacken, w\u00fcrden nat\u00fcrlich durch s\u00e4mtliche Wortbeitrage von jedem einzelnen Kollegen bei der j\u00e4hrlichen Personalversammlung untermauert, und ihr k\u00f6nnt uns damit einen guten Schritt voranbringen.<br \/>Daf\u00fcr ist die Personalversammlung da, das st\u00e4rkt unser Tun und Handeln !!<br \/>Es gibt hier keine unangemessenen Fragen, Anregungen und Vorschl\u00e4ge wenn es um deine Belange geht,<br \/><strong>TRAUT EUCH das Wort zu ergreifen !!!<\/strong><\/figcaption>\r\n<\/figure>\r\n<\/div>\r\n\r\n\r\n\r\n<div class=\"wp-block-image\">\r\n<figure class=\"aligncenter size-large is-resized\"><img data-recalc-dims=\"1\" loading=\"lazy\" decoding=\"async\" data-attachment-id=\"1523\" data-permalink=\"http:\/\/forst.igbau.nrw\/?attachment_id=1523\" data-orig-file=\"https:\/\/i0.wp.com\/forst.igbau.nrw\/wp-content\/uploads\/2020\/02\/Hartmann_Phil_PW_Wahl_2020.jpg?fit=907%2C1208\" data-orig-size=\"907,1208\" data-comments-opened=\"1\" data-image-meta=\"{&quot;aperture&quot;:&quot;0&quot;,&quot;credit&quot;:&quot;&quot;,&quot;camera&quot;:&quot;&quot;,&quot;caption&quot;:&quot;&quot;,&quot;created_timestamp&quot;:&quot;1581592925&quot;,&quot;copyright&quot;:&quot;&quot;,&quot;focal_length&quot;:&quot;0&quot;,&quot;iso&quot;:&quot;0&quot;,&quot;shutter_speed&quot;:&quot;0&quot;,&quot;title&quot;:&quot;&quot;,&quot;orientation&quot;:&quot;1&quot;}\" data-image-title=\"Hartmann_Phil_PW_Wahl_2020\" data-image-description=\"\" data-image-caption=\"\" data-large-file=\"https:\/\/i0.wp.com\/forst.igbau.nrw\/wp-content\/uploads\/2020\/02\/Hartmann_Phil_PW_Wahl_2020.jpg?fit=640%2C852\" class=\"wp-image-1523\" src=\"https:\/\/i0.wp.com\/forst.igbau.nrw\/wp-content\/uploads\/2020\/02\/Hartmann_Phil_PW_Wahl_2020.jpg?resize=385%2C512\" alt=\"\" width=\"385\" height=\"512\" srcset=\"https:\/\/i0.wp.com\/forst.igbau.nrw\/wp-content\/uploads\/2020\/02\/Hartmann_Phil_PW_Wahl_2020.jpg?resize=769%2C1024 769w, https:\/\/i0.wp.com\/forst.igbau.nrw\/wp-content\/uploads\/2020\/02\/Hartmann_Phil_PW_Wahl_2020.jpg?resize=225%2C300 225w, https:\/\/i0.wp.com\/forst.igbau.nrw\/wp-content\/uploads\/2020\/02\/Hartmann_Phil_PW_Wahl_2020.jpg?resize=768%2C1023 768w, https:\/\/i0.wp.com\/forst.igbau.nrw\/wp-content\/uploads\/2020\/02\/Hartmann_Phil_PW_Wahl_2020.jpg?w=907 907w\" sizes=\"(max-width: 385px) 100vw, 385px\" \/>\r\n<figcaption>Ich bin <strong>Phil Hartmann<\/strong>, f\u00fcr die Liste der IG BAU im Hauptpersonalrat beim Ministerium bin ich schon als Mitglieder der Haupt- Jugend- und Auszubildendenvertretung aktiv gewesen. Diese Erfahrungen aus den 2 Wahlperioden m\u00f6chte ich auch nach der n\u00e4chsten Wahl in 2021 f\u00fcr unsere Besch\u00e4ftigten im Wald und in den Forst\u00e4mtern fortsetzen. Als Forstwirtschaftsmeister sehe ich mich als Schnittstelle zwischen den Fragen auf der Ebene des Ministeriums und den Bed\u00fcrfnissen der Kolleginnen und Kollegen aus dem &#8222;echten&#8220; Arbeitsalltag im Landesbetrieb.<\/figcaption>\r\n<\/figure>\r\n<\/div>\r\n\r\n\r\n\r\n<div class=\"wp-block-image\">\r\n<figure class=\"aligncenter size-large\"><img data-recalc-dims=\"1\" loading=\"lazy\" decoding=\"async\" width=\"517\" height=\"388\" data-attachment-id=\"1528\" data-permalink=\"http:\/\/forst.igbau.nrw\/?attachment_id=1528\" data-orig-file=\"https:\/\/i0.wp.com\/forst.igbau.nrw\/wp-content\/uploads\/2020\/02\/Westhues_Martin_PR_Wahl_2020.jpg?fit=517%2C388\" data-orig-size=\"517,388\" data-comments-opened=\"1\" data-image-meta=\"{&quot;aperture&quot;:&quot;4.7&quot;,&quot;credit&quot;:&quot;Peter Wicke&quot;,&quot;camera&quot;:&quot;DMC-G81&quot;,&quot;caption&quot;:&quot;&quot;,&quot;created_timestamp&quot;:&quot;1580829721&quot;,&quot;copyright&quot;:&quot;Peter Wicke&quot;,&quot;focal_length&quot;:&quot;28&quot;,&quot;iso&quot;:&quot;3200&quot;,&quot;shutter_speed&quot;:&quot;0.025&quot;,&quot;title&quot;:&quot;&quot;,&quot;orientation&quot;:&quot;1&quot;}\" data-image-title=\"Westhues_Martin_PR_Wahl_2020\" data-image-description=\"\" data-image-caption=\"\" data-large-file=\"https:\/\/i0.wp.com\/forst.igbau.nrw\/wp-content\/uploads\/2020\/02\/Westhues_Martin_PR_Wahl_2020.jpg?fit=517%2C388\" class=\"wp-image-1528\" src=\"https:\/\/i0.wp.com\/forst.igbau.nrw\/wp-content\/uploads\/2020\/02\/Westhues_Martin_PR_Wahl_2020.jpg?resize=517%2C388\" alt=\"\" srcset=\"https:\/\/i0.wp.com\/forst.igbau.nrw\/wp-content\/uploads\/2020\/02\/Westhues_Martin_PR_Wahl_2020.jpg?w=517 517w, https:\/\/i0.wp.com\/forst.igbau.nrw\/wp-content\/uploads\/2020\/02\/Westhues_Martin_PR_Wahl_2020.jpg?resize=300%2C225 300w\" sizes=\"(max-width: 517px) 100vw, 517px\" \/>\r\n<figcaption>Damit die Interessen und Belange aus der Praxis auch in der Personalratsarbeit nicht zu kurz kommen m\u00f6chte ich, <strong>Martin Westhues<\/strong>, 37 Jahre jung<br \/>mich in der n\u00e4chsten Wahlperiode gerade f\u00fcr die Forstwirtinnen und Forstwirte einsetzen. Ich bin selbst Forstwirt und arbeite im RFA M\u00fcnsterland im FBB Tiergarten , dort bin ich unterst\u00fctzend in der Ausbildung t\u00e4tig. Es bereitet mir gro\u00dfe Freude in unseren heimischen W\u00e4ldern und mit jungen Menschen zu arbeiten. F\u00fcr mich z\u00e4hlen z.B. Fragen zu einer qualifizierten Ausbildung, zur Weiterentwicklung der Arbeitssicherheit, Schutz vor den neuen Anforderungen in der t\u00e4glichen Arbeit durch die zunehmenden extremen Temperaturen, Information der Besch\u00e4ftigten ohne Zugang zum Intranet und E-Mail, und noch einiges mehr zu den Herausforderung in der Personalratsarbeit der n\u00e4chsten Jahre.<\/figcaption>\r\n<\/figure>\r\n<\/div>\r\n\r\n\r\n\r\n<div class=\"wp-block-image\">\r\n<figure class=\"aligncenter size-large is-resized\"><img data-recalc-dims=\"1\" loading=\"lazy\" decoding=\"async\" data-attachment-id=\"1529\" data-permalink=\"http:\/\/forst.igbau.nrw\/?attachment_id=1529\" data-orig-file=\"https:\/\/i0.wp.com\/forst.igbau.nrw\/wp-content\/uploads\/2020\/02\/Peter_Wicke_PR_Wahl_2020-scaled.jpg?fit=1707%2C2560\" data-orig-size=\"1707,2560\" data-comments-opened=\"1\" data-image-meta=\"{&quot;aperture&quot;:&quot;11&quot;,&quot;credit&quot;:&quot;Photographer:Ulla Giesen&quot;,&quot;camera&quot;:&quot;Canon EOS 5D Mark II&quot;,&quot;caption&quot;:&quot;&quot;,&quot;created_timestamp&quot;:&quot;1508330345&quot;,&quot;copyright&quot;:&quot;&quot;,&quot;focal_length&quot;:&quot;65&quot;,&quot;iso&quot;:&quot;1000&quot;,&quot;shutter_speed&quot;:&quot;0.016666666666667&quot;,&quot;title&quot;:&quot;&quot;,&quot;orientation&quot;:&quot;1&quot;}\" data-image-title=\"Peter_Wicke_PR_Wahl_2020\" data-image-description=\"\" data-image-caption=\"\" data-large-file=\"https:\/\/i0.wp.com\/forst.igbau.nrw\/wp-content\/uploads\/2020\/02\/Peter_Wicke_PR_Wahl_2020-scaled.jpg?fit=640%2C960\" class=\"wp-image-1529\" src=\"https:\/\/i0.wp.com\/forst.igbau.nrw\/wp-content\/uploads\/2020\/02\/Peter_Wicke_PR_Wahl_2020.jpg?resize=342%2C512\" alt=\"\" width=\"342\" height=\"512\" srcset=\"https:\/\/i0.wp.com\/forst.igbau.nrw\/wp-content\/uploads\/2020\/02\/Peter_Wicke_PR_Wahl_2020-scaled.jpg?resize=683%2C1024 683w, https:\/\/i0.wp.com\/forst.igbau.nrw\/wp-content\/uploads\/2020\/02\/Peter_Wicke_PR_Wahl_2020-scaled.jpg?resize=200%2C300 200w, https:\/\/i0.wp.com\/forst.igbau.nrw\/wp-content\/uploads\/2020\/02\/Peter_Wicke_PR_Wahl_2020-scaled.jpg?resize=768%2C1152 768w, https:\/\/i0.wp.com\/forst.igbau.nrw\/wp-content\/uploads\/2020\/02\/Peter_Wicke_PR_Wahl_2020-scaled.jpg?resize=1024%2C1536 1024w, https:\/\/i0.wp.com\/forst.igbau.nrw\/wp-content\/uploads\/2020\/02\/Peter_Wicke_PR_Wahl_2020-scaled.jpg?resize=1365%2C2048 1365w, https:\/\/i0.wp.com\/forst.igbau.nrw\/wp-content\/uploads\/2020\/02\/Peter_Wicke_PR_Wahl_2020-scaled.jpg?resize=1140%2C1710 1140w, https:\/\/i0.wp.com\/forst.igbau.nrw\/wp-content\/uploads\/2020\/02\/Peter_Wicke_PR_Wahl_2020-scaled.jpg?w=1707 1707w, https:\/\/i0.wp.com\/forst.igbau.nrw\/wp-content\/uploads\/2020\/02\/Peter_Wicke_PR_Wahl_2020-scaled.jpg?w=1280 1280w\" sizes=\"(max-width: 342px) 100vw, 342px\" \/>\r\n<figcaption>Ich bin <strong>Peter Wicke<\/strong>, als langj\u00e4hriges Mitglied in der Personalvertretung und als Mitglied im Vorstand setzte ich mich f\u00fcr eine professionelle Arbeit in der Personalvertretung und hier vor allem in der Vorstandsarbeit ein. Nur so kann es eine angemessene Vertretung der Interessen der Besch\u00e4ftigten gegen\u00fcber dem Arbeitgeber \/ Dienstherrn geben. Durch meine umfassenden Erfahrungen im HPR und als Personalrat beim Landesbetrieb als &#8222;Hauptberufliches&#8220; Personalratsmitglied sehe ich es so &#8230;&#8230;&#8230; die T\u00e4tigkeit als Personalrat ist zwar ein Ehrenamt, aber auf keinen Fall ist es eine Verantwortung die man nebenher &#8222;erledigen&#8220; kann.<\/figcaption>\r\n<\/figure>\r\n<\/div>\r\n\r\n\r\n\r\n<figure class=\"wp-block-image size-large\"><img data-recalc-dims=\"1\" loading=\"lazy\" decoding=\"async\" width=\"640\" height=\"427\" data-attachment-id=\"1532\" data-permalink=\"http:\/\/forst.igbau.nrw\/?attachment_id=1532\" data-orig-file=\"https:\/\/i0.wp.com\/forst.igbau.nrw\/wp-content\/uploads\/2020\/02\/Sta%CC%88hler_Olaf_PR_Wahl_2020_2-scaled.jpg?fit=2560%2C1707\" data-orig-size=\"2560,1707\" data-comments-opened=\"1\" data-image-meta=\"{&quot;aperture&quot;:&quot;4&quot;,&quot;credit&quot;:&quot;Photographer:Ulla Giesen&quot;,&quot;camera&quot;:&quot;Canon EOS 5D Mark II&quot;,&quot;caption&quot;:&quot;&quot;,&quot;created_timestamp&quot;:&quot;1472025189&quot;,&quot;copyright&quot;:&quot;&quot;,&quot;focal_length&quot;:&quot;63&quot;,&quot;iso&quot;:&quot;640&quot;,&quot;shutter_speed&quot;:&quot;0.016666666666667&quot;,&quot;title&quot;:&quot;&quot;,&quot;orientation&quot;:&quot;1&quot;}\" data-image-title=\"Sta\u0308hler_Olaf_PR_Wahl_2020_2\" data-image-description=\"\" data-image-caption=\"\" data-large-file=\"https:\/\/i0.wp.com\/forst.igbau.nrw\/wp-content\/uploads\/2020\/02\/Sta%CC%88hler_Olaf_PR_Wahl_2020_2-scaled.jpg?fit=640%2C427\" class=\"wp-image-1532\" src=\"https:\/\/i0.wp.com\/forst.igbau.nrw\/wp-content\/uploads\/2020\/02\/Sta%CC%88hler_Olaf_PR_Wahl_2020_2.jpg?resize=640%2C427\" alt=\"\" srcset=\"https:\/\/i0.wp.com\/forst.igbau.nrw\/wp-content\/uploads\/2020\/02\/Sta%CC%88hler_Olaf_PR_Wahl_2020_2-scaled.jpg?resize=1024%2C683 1024w, https:\/\/i0.wp.com\/forst.igbau.nrw\/wp-content\/uploads\/2020\/02\/Sta%CC%88hler_Olaf_PR_Wahl_2020_2-scaled.jpg?resize=300%2C200 300w, https:\/\/i0.wp.com\/forst.igbau.nrw\/wp-content\/uploads\/2020\/02\/Sta%CC%88hler_Olaf_PR_Wahl_2020_2-scaled.jpg?resize=768%2C512 768w, https:\/\/i0.wp.com\/forst.igbau.nrw\/wp-content\/uploads\/2020\/02\/Sta%CC%88hler_Olaf_PR_Wahl_2020_2-scaled.jpg?resize=1536%2C1024 1536w, https:\/\/i0.wp.com\/forst.igbau.nrw\/wp-content\/uploads\/2020\/02\/Sta%CC%88hler_Olaf_PR_Wahl_2020_2-scaled.jpg?resize=2048%2C1365 2048w, https:\/\/i0.wp.com\/forst.igbau.nrw\/wp-content\/uploads\/2020\/02\/Sta%CC%88hler_Olaf_PR_Wahl_2020_2-scaled.jpg?resize=1140%2C760 1140w, https:\/\/i0.wp.com\/forst.igbau.nrw\/wp-content\/uploads\/2020\/02\/Sta%CC%88hler_Olaf_PR_Wahl_2020_2-scaled.jpg?w=1280 1280w, https:\/\/i0.wp.com\/forst.igbau.nrw\/wp-content\/uploads\/2020\/02\/Sta%CC%88hler_Olaf_PR_Wahl_2020_2-scaled.jpg?w=1920 1920w\" sizes=\"(max-width: 640px) 100vw, 640px\" \/>\r\n<figcaption>Ich bin <strong>Olaf St\u00e4hler,<\/strong> als Forstwirt bin ich im Regionalforstamt M\u00fcnsterland seit vielen Jahren in der Privatwaldbetreuung t\u00e4tig. Diese Aufgabe wird sich in den n\u00e4chsten Jahren ma\u00dfgeblich ver\u00e4ndern. Aus dieser neuen Situation heraus wird sich viel f\u00fcr die Besch\u00e4ftigten im Landesbetrieb ver\u00e4ndern. Diese Ver\u00e4nderungen werden auch in der Personalratsarbeit eine gro\u00dfe Aufgabe darstellen, die ich mit meinen Erfahrungen unterst\u00fctzen m\u00f6chte.<\/figcaption>\r\n<\/figure>\r\n\r\n\r\n\r\n<figure class=\"wp-block-image size-large\"><img data-recalc-dims=\"1\" loading=\"lazy\" decoding=\"async\" width=\"512\" height=\"384\" data-attachment-id=\"1534\" data-permalink=\"http:\/\/forst.igbau.nrw\/?attachment_id=1534\" data-orig-file=\"https:\/\/i0.wp.com\/forst.igbau.nrw\/wp-content\/uploads\/2020\/02\/Schulte_Michael_PR_Wahl_2020.jpg?fit=512%2C384\" data-orig-size=\"512,384\" data-comments-opened=\"1\" data-image-meta=\"{&quot;aperture&quot;:&quot;0&quot;,&quot;credit&quot;:&quot;&quot;,&quot;camera&quot;:&quot;&quot;,&quot;caption&quot;:&quot;&quot;,&quot;created_timestamp&quot;:&quot;1581584446&quot;,&quot;copyright&quot;:&quot;&quot;,&quot;focal_length&quot;:&quot;0&quot;,&quot;iso&quot;:&quot;0&quot;,&quot;shutter_speed&quot;:&quot;0&quot;,&quot;title&quot;:&quot;&quot;,&quot;orientation&quot;:&quot;1&quot;}\" data-image-title=\"Schulte_Michael_PR_Wahl_2020\" data-image-description=\"\" data-image-caption=\"\" data-large-file=\"https:\/\/i0.wp.com\/forst.igbau.nrw\/wp-content\/uploads\/2020\/02\/Schulte_Michael_PR_Wahl_2020.jpg?fit=512%2C384\" class=\"wp-image-1534\" src=\"https:\/\/i0.wp.com\/forst.igbau.nrw\/wp-content\/uploads\/2020\/02\/Schulte_Michael_PR_Wahl_2020.jpg?resize=512%2C384\" alt=\"\" srcset=\"https:\/\/i0.wp.com\/forst.igbau.nrw\/wp-content\/uploads\/2020\/02\/Schulte_Michael_PR_Wahl_2020.jpg?w=512 512w, https:\/\/i0.wp.com\/forst.igbau.nrw\/wp-content\/uploads\/2020\/02\/Schulte_Michael_PR_Wahl_2020.jpg?resize=300%2C225 300w\" sizes=\"(max-width: 512px) 100vw, 512px\" \/>\r\n<figcaption><strong>Michael Schulte<\/strong>, als IG BAU Mitglied stelle ich mich der Verantwortung f\u00fcr das Ehrenamt eines Personalrates. Genau wie Peter Wiese bin ich am Forstlichen Bildungszentrum in Arnsberg t\u00e4tig und engagiere mich seit vielen Jahren f\u00fcr den Wissenstransfer an Kolleginnen und Kollegen in der Waldarbeit. Nun m\u00f6chte ich die Erfahrungen aus den vielf\u00e4ltigen Kontakten mit den Besch\u00e4ftigten aus dem Landesbetrieb in eine Unterst\u00fctzung der Personalratsarbeit einbringen.<\/figcaption>\r\n<\/figure>\r\n\r\n\r\n\r\n<div class=\"wp-block-image\">\r\n<figure class=\"aligncenter size-large is-resized\"><img data-recalc-dims=\"1\" loading=\"lazy\" decoding=\"async\" data-attachment-id=\"1536\" data-permalink=\"http:\/\/forst.igbau.nrw\/?attachment_id=1536\" data-orig-file=\"https:\/\/i0.wp.com\/forst.igbau.nrw\/wp-content\/uploads\/2020\/02\/Lagast_Eric_PR_Wahl_2020.jpg?fit=746%2C995\" data-orig-size=\"746,995\" data-comments-opened=\"1\" data-image-meta=\"{&quot;aperture&quot;:&quot;5.6&quot;,&quot;credit&quot;:&quot;Peter Wicke&quot;,&quot;camera&quot;:&quot;DMC-G81&quot;,&quot;caption&quot;:&quot;&quot;,&quot;created_timestamp&quot;:&quot;1568968189&quot;,&quot;copyright&quot;:&quot;Peter Wicke&quot;,&quot;focal_length&quot;:&quot;22&quot;,&quot;iso&quot;:&quot;200&quot;,&quot;shutter_speed&quot;:&quot;0.005&quot;,&quot;title&quot;:&quot;&quot;,&quot;orientation&quot;:&quot;1&quot;}\" data-image-title=\"Lagast_Eric_PR_Wahl_2020\" data-image-description=\"\" data-image-caption=\"\" data-large-file=\"https:\/\/i0.wp.com\/forst.igbau.nrw\/wp-content\/uploads\/2020\/02\/Lagast_Eric_PR_Wahl_2020.jpg?fit=640%2C854\" class=\"wp-image-1536\" src=\"https:\/\/i0.wp.com\/forst.igbau.nrw\/wp-content\/uploads\/2020\/02\/Lagast_Eric_PR_Wahl_2020.jpg?resize=373%2C498\" alt=\"\" width=\"373\" height=\"498\" srcset=\"https:\/\/i0.wp.com\/forst.igbau.nrw\/wp-content\/uploads\/2020\/02\/Lagast_Eric_PR_Wahl_2020.jpg?w=746 746w, https:\/\/i0.wp.com\/forst.igbau.nrw\/wp-content\/uploads\/2020\/02\/Lagast_Eric_PR_Wahl_2020.jpg?resize=225%2C300 225w\" sizes=\"(max-width: 373px) 100vw, 373px\" \/>\r\n<figcaption><strong>Eric Lagast,<\/strong> f\u00fcr die IG BAu trete ich an weil ich der Auffassung bin das eine m\u00f6glichst gro\u00dfe Bandbreite der Besch\u00e4ftigten in der Personalratsarbeit vertreten sein m\u00fcssen. Als Tarifbesch\u00e4ftigter liegen mir vor allem die Fragen einer gerechten Bezahlung und einer korrekten Umsetzung des TV-L am Herzen.<\/figcaption>\r\n<\/figure>\r\n<\/div>\r\n\r\n\r\n\r\n<div class=\"wp-block-image\">\r\n<figure class=\"aligncenter size-large is-resized\"><img data-recalc-dims=\"1\" loading=\"lazy\" decoding=\"async\" data-attachment-id=\"1544\" data-permalink=\"http:\/\/forst.igbau.nrw\/?attachment_id=1544\" data-orig-file=\"https:\/\/i0.wp.com\/forst.igbau.nrw\/wp-content\/uploads\/2020\/02\/Pia_Beckers_PR_Wahl_2020-scaled.jpg?fit=1706%2C2560\" data-orig-size=\"1706,2560\" data-comments-opened=\"1\" data-image-meta=\"{&quot;aperture&quot;:&quot;2.8&quot;,&quot;credit&quot;:&quot;&quot;,&quot;camera&quot;:&quot;Canon EOS 600D&quot;,&quot;caption&quot;:&quot;&quot;,&quot;created_timestamp&quot;:&quot;1460037064&quot;,&quot;copyright&quot;:&quot;&quot;,&quot;focal_length&quot;:&quot;60&quot;,&quot;iso&quot;:&quot;200&quot;,&quot;shutter_speed&quot;:&quot;0.004&quot;,&quot;title&quot;:&quot;&quot;,&quot;orientation&quot;:&quot;1&quot;}\" data-image-title=\"Pia_Beckers_PR_Wahl_2020\" data-image-description=\"\" data-image-caption=\"\" data-large-file=\"https:\/\/i0.wp.com\/forst.igbau.nrw\/wp-content\/uploads\/2020\/02\/Pia_Beckers_PR_Wahl_2020-scaled.jpg?fit=640%2C960\" class=\"wp-image-1544\" src=\"https:\/\/i0.wp.com\/forst.igbau.nrw\/wp-content\/uploads\/2020\/02\/Pia_Beckers_PR_Wahl_2020.jpg?resize=342%2C512\" alt=\"\" width=\"342\" height=\"512\" srcset=\"https:\/\/i0.wp.com\/forst.igbau.nrw\/wp-content\/uploads\/2020\/02\/Pia_Beckers_PR_Wahl_2020-scaled.jpg?resize=683%2C1024 683w, https:\/\/i0.wp.com\/forst.igbau.nrw\/wp-content\/uploads\/2020\/02\/Pia_Beckers_PR_Wahl_2020-scaled.jpg?resize=200%2C300 200w, https:\/\/i0.wp.com\/forst.igbau.nrw\/wp-content\/uploads\/2020\/02\/Pia_Beckers_PR_Wahl_2020-scaled.jpg?resize=768%2C1152 768w, https:\/\/i0.wp.com\/forst.igbau.nrw\/wp-content\/uploads\/2020\/02\/Pia_Beckers_PR_Wahl_2020-scaled.jpg?resize=1024%2C1536 1024w, https:\/\/i0.wp.com\/forst.igbau.nrw\/wp-content\/uploads\/2020\/02\/Pia_Beckers_PR_Wahl_2020-scaled.jpg?resize=1365%2C2048 1365w, https:\/\/i0.wp.com\/forst.igbau.nrw\/wp-content\/uploads\/2020\/02\/Pia_Beckers_PR_Wahl_2020-scaled.jpg?resize=1140%2C1710 1140w, https:\/\/i0.wp.com\/forst.igbau.nrw\/wp-content\/uploads\/2020\/02\/Pia_Beckers_PR_Wahl_2020-scaled.jpg?w=1706 1706w, https:\/\/i0.wp.com\/forst.igbau.nrw\/wp-content\/uploads\/2020\/02\/Pia_Beckers_PR_Wahl_2020-scaled.jpg?w=1280 1280w\" sizes=\"(max-width: 342px) 100vw, 342px\" \/>\r\n<figcaption>Ich bin <strong>Pia Beckers <\/strong>und bin 28 Jahre jung.<br \/>Wenn ich mich nicht gerade in der Eifel in den Zentralen Diensten und der Umweltbildung f\u00fcr den Nationalpark einsetze gehe ich in meiner Freizeit gerne mit meinem Hund spazieren und verbringe viel Zeit in der Natur. Bereits in meiner Ausbildung beim Landesbetrieb habe ich mich in der IGBAU f\u00fcr die JAV engagiert. Seit dieser Wahlperiode setze ich mich auch im Personalrat gerade f\u00fcr die Interessen der Besch\u00e4ftigten, vor allem im Innendienst ein. Ich finde es wichtig das auch im Personalrat die Stimme des Innendienstes ein Gewicht hat.<\/figcaption>\r\n<\/figure>\r\n<\/div>\r\n\r\n\r\n\r\n<div class=\"wp-block-image\">\r\n<figure class=\"aligncenter size-large is-resized\"><img data-recalc-dims=\"1\" loading=\"lazy\" decoding=\"async\" data-attachment-id=\"1549\" data-permalink=\"http:\/\/forst.igbau.nrw\/?attachment_id=1549\" data-orig-file=\"https:\/\/i0.wp.com\/forst.igbau.nrw\/wp-content\/uploads\/2020\/02\/Middelmann_Dirk_PR_2020.jpg?fit=1174%2C1565\" data-orig-size=\"1174,1565\" data-comments-opened=\"1\" data-image-meta=\"{&quot;aperture&quot;:&quot;1.6&quot;,&quot;credit&quot;:&quot;&quot;,&quot;camera&quot;:&quot;VOG-L29&quot;,&quot;caption&quot;:&quot;&quot;,&quot;created_timestamp&quot;:&quot;1581610883&quot;,&quot;copyright&quot;:&quot;&quot;,&quot;focal_length&quot;:&quot;5.56&quot;,&quot;iso&quot;:&quot;50&quot;,&quot;shutter_speed&quot;:&quot;0.0059829999978432&quot;,&quot;title&quot;:&quot;&quot;,&quot;orientation&quot;:&quot;1&quot;}\" data-image-title=\"Middelmann_Dirk_PR_2020\" data-image-description=\"\" data-image-caption=\"\" data-large-file=\"https:\/\/i0.wp.com\/forst.igbau.nrw\/wp-content\/uploads\/2020\/02\/Middelmann_Dirk_PR_2020.jpg?fit=640%2C853\" class=\"wp-image-1549\" src=\"https:\/\/i0.wp.com\/forst.igbau.nrw\/wp-content\/uploads\/2020\/02\/Middelmann_Dirk_PR_2020.jpg?resize=384%2C512\" alt=\"\" width=\"384\" height=\"512\" srcset=\"https:\/\/i0.wp.com\/forst.igbau.nrw\/wp-content\/uploads\/2020\/02\/Middelmann_Dirk_PR_2020.jpg?resize=768%2C1024 768w, https:\/\/i0.wp.com\/forst.igbau.nrw\/wp-content\/uploads\/2020\/02\/Middelmann_Dirk_PR_2020.jpg?resize=225%2C300 225w, https:\/\/i0.wp.com\/forst.igbau.nrw\/wp-content\/uploads\/2020\/02\/Middelmann_Dirk_PR_2020.jpg?resize=1152%2C1536 1152w, https:\/\/i0.wp.com\/forst.igbau.nrw\/wp-content\/uploads\/2020\/02\/Middelmann_Dirk_PR_2020.jpg?resize=1140%2C1520 1140w, https:\/\/i0.wp.com\/forst.igbau.nrw\/wp-content\/uploads\/2020\/02\/Middelmann_Dirk_PR_2020.jpg?w=1174 1174w\" sizes=\"(max-width: 384px) 100vw, 384px\" \/>\r\n<figcaption>Als Leiter eines Forstbetriebsbezirkes im Ruhrgebiet bin ich seit vielen Jahren konfrontiert mit den verschiedensten Anspr\u00fcchen an den Wald im Ballungsraum. Neben meiner forstlichen T\u00e4tigkeit m\u00f6chte ich mich in der n\u00e4chsten Wahlperiode gerne in die Arbeit als Personalrat einbringen und versuchen das die allt\u00e4gliche Arbeit im forstlichen Au\u00dfendienst mit seinen Anforderungen auch in der Personalratsarbeit Ber\u00fccksichtigung findet. Ich finde ohne die erforderliche Bodenhaftung kann Personalratsarbeit nur bedingt erfolgreich sein.<br \/>Ach ja&#8230;. ich hei\u00dfe <strong>Dirk Middelmann<\/strong> \ud83d\ude42<\/figcaption>\r\n<\/figure>\r\n<\/div>\r\n\r\n\r\n\r\n<div class=\"wp-block-image\">\r\n<figure class=\"aligncenter size-large is-resized\"><img data-recalc-dims=\"1\" loading=\"lazy\" decoding=\"async\" data-attachment-id=\"1586\" data-permalink=\"http:\/\/forst.igbau.nrw\/?attachment_id=1586\" data-orig-file=\"https:\/\/i0.wp.com\/forst.igbau.nrw\/wp-content\/uploads\/2020\/03\/Wortmeier_Dieter_PR_Wahl_2020_1-1.jpg?fit=1427%2C2142\" data-orig-size=\"1427,2142\" data-comments-opened=\"1\" data-image-meta=\"{&quot;aperture&quot;:&quot;4.5&quot;,&quot;credit&quot;:&quot;Peter Wicke&quot;,&quot;camera&quot;:&quot;Canon EOS 5D Mark II&quot;,&quot;caption&quot;:&quot;&quot;,&quot;created_timestamp&quot;:&quot;1472555778&quot;,&quot;copyright&quot;:&quot;Peter Wicke&quot;,&quot;focal_length&quot;:&quot;61&quot;,&quot;iso&quot;:&quot;400&quot;,&quot;shutter_speed&quot;:&quot;0.008&quot;,&quot;title&quot;:&quot;&quot;,&quot;orientation&quot;:&quot;1&quot;}\" data-image-title=\"Wortmeier_Dieter_PR_Wahl_2020_1-1\" data-image-description=\"\" data-image-caption=\"\" data-large-file=\"https:\/\/i0.wp.com\/forst.igbau.nrw\/wp-content\/uploads\/2020\/03\/Wortmeier_Dieter_PR_Wahl_2020_1-1.jpg?fit=640%2C961\" class=\"wp-image-1586\" src=\"https:\/\/i0.wp.com\/forst.igbau.nrw\/wp-content\/uploads\/2020\/03\/Wortmeier_Dieter_PR_Wahl_2020_1-1.jpg?resize=341%2C512\" alt=\"\" width=\"341\" height=\"512\" srcset=\"https:\/\/i0.wp.com\/forst.igbau.nrw\/wp-content\/uploads\/2020\/03\/Wortmeier_Dieter_PR_Wahl_2020_1-1.jpg?resize=682%2C1024 682w, https:\/\/i0.wp.com\/forst.igbau.nrw\/wp-content\/uploads\/2020\/03\/Wortmeier_Dieter_PR_Wahl_2020_1-1.jpg?resize=200%2C300 200w, https:\/\/i0.wp.com\/forst.igbau.nrw\/wp-content\/uploads\/2020\/03\/Wortmeier_Dieter_PR_Wahl_2020_1-1.jpg?resize=768%2C1153 768w, https:\/\/i0.wp.com\/forst.igbau.nrw\/wp-content\/uploads\/2020\/03\/Wortmeier_Dieter_PR_Wahl_2020_1-1.jpg?resize=1023%2C1536 1023w, https:\/\/i0.wp.com\/forst.igbau.nrw\/wp-content\/uploads\/2020\/03\/Wortmeier_Dieter_PR_Wahl_2020_1-1.jpg?resize=1364%2C2048 1364w, https:\/\/i0.wp.com\/forst.igbau.nrw\/wp-content\/uploads\/2020\/03\/Wortmeier_Dieter_PR_Wahl_2020_1-1.jpg?resize=1140%2C1711 1140w, https:\/\/i0.wp.com\/forst.igbau.nrw\/wp-content\/uploads\/2020\/03\/Wortmeier_Dieter_PR_Wahl_2020_1-1.jpg?w=1427 1427w, https:\/\/i0.wp.com\/forst.igbau.nrw\/wp-content\/uploads\/2020\/03\/Wortmeier_Dieter_PR_Wahl_2020_1-1.jpg?w=1280 1280w\" sizes=\"(max-width: 341px) 100vw, 341px\" \/>\r\n<figcaption>Aus der Praxis f\u00fcr die Praxis, so sehe ich mein Engagement in der IG BAU und in der Personalvertretung. Als Leiter eines Forstbetriebsbezirkes in der klassischen Betreuung des Privat- und Kommunalwaldes in Ostwestfalen sehe ich es als erforderlich an das die Fragen und Probleme aus dieser T\u00e4tigkeit bei den Entscheidungen und Entwicklungen in der Personalratsarbeit ber\u00fccksichtigt werden. Mit liegt vor allem die F\u00f6rderung und Qualifikation des forstlichen Nachwuches am Herzen. Daher begleite ich, <strong>Dieter Wortmeier,<\/strong> f\u00fcr die IGBAU seit einigen Jahren die Pr\u00fcfungen f\u00fcr den Gehobenen Forstdienst und kann so mit dazu beitragen dass Wald und Holz NRW eine faire und qualifizierte Ausbildung anbietet.<\/figcaption>\r\n<\/figure>\r\n<\/div>\r\n\r\n\r\n\r\n<div class=\"wp-block-image\">\r\n<figure class=\"aligncenter size-large is-resized\"><img data-recalc-dims=\"1\" loading=\"lazy\" decoding=\"async\" data-attachment-id=\"1581\" data-permalink=\"http:\/\/forst.igbau.nrw\/?attachment_id=1581\" data-orig-file=\"https:\/\/i0.wp.com\/forst.igbau.nrw\/wp-content\/uploads\/2020\/03\/Redemann_Marc_HPR_PR_Wahl_2020-scaled.jpg?fit=1707%2C2560\" data-orig-size=\"1707,2560\" data-comments-opened=\"1\" data-image-meta=\"{&quot;aperture&quot;:&quot;5&quot;,&quot;credit&quot;:&quot;Peter Wicke&quot;,&quot;camera&quot;:&quot;Canon EOS 5D Mark III&quot;,&quot;caption&quot;:&quot;&quot;,&quot;created_timestamp&quot;:&quot;1507549449&quot;,&quot;copyright&quot;:&quot;Peter Wicke&quot;,&quot;focal_length&quot;:&quot;47&quot;,&quot;iso&quot;:&quot;400&quot;,&quot;shutter_speed&quot;:&quot;0.002&quot;,&quot;title&quot;:&quot;&quot;,&quot;orientation&quot;:&quot;1&quot;}\" data-image-title=\"Redemann_Marc_HPR_PR_Wahl_2020\" data-image-description=\"\" data-image-caption=\"\" data-large-file=\"https:\/\/i0.wp.com\/forst.igbau.nrw\/wp-content\/uploads\/2020\/03\/Redemann_Marc_HPR_PR_Wahl_2020-scaled.jpg?fit=640%2C960\" class=\"wp-image-1581\" src=\"https:\/\/i0.wp.com\/forst.igbau.nrw\/wp-content\/uploads\/2020\/03\/Redemann_Marc_HPR_PR_Wahl_2020.jpg?resize=512%2C768\" alt=\"\" width=\"512\" height=\"768\" srcset=\"https:\/\/i0.wp.com\/forst.igbau.nrw\/wp-content\/uploads\/2020\/03\/Redemann_Marc_HPR_PR_Wahl_2020-scaled.jpg?resize=683%2C1024 683w, https:\/\/i0.wp.com\/forst.igbau.nrw\/wp-content\/uploads\/2020\/03\/Redemann_Marc_HPR_PR_Wahl_2020-scaled.jpg?resize=200%2C300 200w, https:\/\/i0.wp.com\/forst.igbau.nrw\/wp-content\/uploads\/2020\/03\/Redemann_Marc_HPR_PR_Wahl_2020-scaled.jpg?resize=768%2C1152 768w, https:\/\/i0.wp.com\/forst.igbau.nrw\/wp-content\/uploads\/2020\/03\/Redemann_Marc_HPR_PR_Wahl_2020-scaled.jpg?resize=1024%2C1536 1024w, https:\/\/i0.wp.com\/forst.igbau.nrw\/wp-content\/uploads\/2020\/03\/Redemann_Marc_HPR_PR_Wahl_2020-scaled.jpg?resize=1365%2C2048 1365w, https:\/\/i0.wp.com\/forst.igbau.nrw\/wp-content\/uploads\/2020\/03\/Redemann_Marc_HPR_PR_Wahl_2020-scaled.jpg?resize=1140%2C1710 1140w, https:\/\/i0.wp.com\/forst.igbau.nrw\/wp-content\/uploads\/2020\/03\/Redemann_Marc_HPR_PR_Wahl_2020-scaled.jpg?w=1707 1707w, https:\/\/i0.wp.com\/forst.igbau.nrw\/wp-content\/uploads\/2020\/03\/Redemann_Marc_HPR_PR_Wahl_2020-scaled.jpg?w=1280 1280w\" sizes=\"(max-width: 512px) 100vw, 512px\" \/>\r\n<figcaption>\u201eMein Name ist <strong>Marc Redemann<\/strong>, ich bin 41 Jahre alt und wohne mit meiner Frau und zwei kleinen Kindern auf einem alten Bauernhof im Westerwald. Als F\u00f6rster habe ich das Gl\u00fcck ein Revier im Siebengebirge leiten zu d\u00fcrfen. Au\u00dferdem bin ich noch Waldp\u00e4dagoge, sowie Luchs- und Wolfsberater. Direkt zu Beginn meiner Lehre zum Forstwirt vor etlichen Jahren, bin ich Mitglied der IGBAU geworden, da eine Mitgliedschaft in einer Gewerkschaft f\u00fcr mich, als Kind des Ruhrgebiets selbstverst\u00e4ndlich war. Heute sehe ich ein gewerkschaftliches Engagement als wichtiger denn je an, da der Raubtier- Kapitalismus in unsrem Land t\u00e4glich neue soziale Ungleichheiten schafft.\u201c<br \/>\u00a0<\/figcaption>\r\n<\/figure>\r\n<\/div>\r\n\r\n\r\n\r\n<div class=\"wp-block-image\">\r\n<figure class=\"aligncenter size-large is-resized\"><img data-recalc-dims=\"1\" loading=\"lazy\" decoding=\"async\" data-attachment-id=\"1629\" data-permalink=\"http:\/\/forst.igbau.nrw\/?attachment_id=1629\" data-orig-file=\"https:\/\/i0.wp.com\/forst.igbau.nrw\/wp-content\/uploads\/2020\/03\/Heinen_Karl-Heinz_HPR_Wahl_2020.jpg?fit=1192%2C1590\" data-orig-size=\"1192,1590\" data-comments-opened=\"1\" data-image-meta=\"{&quot;aperture&quot;:&quot;1.8&quot;,&quot;credit&quot;:&quot;&quot;,&quot;camera&quot;:&quot;iPhone XR&quot;,&quot;caption&quot;:&quot;&quot;,&quot;created_timestamp&quot;:&quot;1583924351&quot;,&quot;copyright&quot;:&quot;&quot;,&quot;focal_length&quot;:&quot;4.25&quot;,&quot;iso&quot;:&quot;500&quot;,&quot;shutter_speed&quot;:&quot;0.033333333333333&quot;,&quot;title&quot;:&quot;&quot;,&quot;orientation&quot;:&quot;1&quot;}\" data-image-title=\"Heinen_Karl-Heinz_HPR_Wahl_2020\" data-image-description=\"\" data-image-caption=\"\" data-large-file=\"https:\/\/i0.wp.com\/forst.igbau.nrw\/wp-content\/uploads\/2020\/03\/Heinen_Karl-Heinz_HPR_Wahl_2020.jpg?fit=640%2C853\" class=\"wp-image-1629\" src=\"https:\/\/i0.wp.com\/forst.igbau.nrw\/wp-content\/uploads\/2020\/03\/Heinen_Karl-Heinz_HPR_Wahl_2020.jpg?resize=383%2C511\" alt=\"\" width=\"383\" height=\"511\" srcset=\"https:\/\/i0.wp.com\/forst.igbau.nrw\/wp-content\/uploads\/2020\/03\/Heinen_Karl-Heinz_HPR_Wahl_2020.jpg?resize=768%2C1024 768w, https:\/\/i0.wp.com\/forst.igbau.nrw\/wp-content\/uploads\/2020\/03\/Heinen_Karl-Heinz_HPR_Wahl_2020.jpg?resize=225%2C300 225w, https:\/\/i0.wp.com\/forst.igbau.nrw\/wp-content\/uploads\/2020\/03\/Heinen_Karl-Heinz_HPR_Wahl_2020.jpg?resize=1152%2C1536 1152w, https:\/\/i0.wp.com\/forst.igbau.nrw\/wp-content\/uploads\/2020\/03\/Heinen_Karl-Heinz_HPR_Wahl_2020.jpg?resize=1140%2C1521 1140w, https:\/\/i0.wp.com\/forst.igbau.nrw\/wp-content\/uploads\/2020\/03\/Heinen_Karl-Heinz_HPR_Wahl_2020.jpg?w=1192 1192w\" sizes=\"(max-width: 383px) 100vw, 383px\" \/>\r\n<figcaption>Bereits seit 1984 bin ich, <strong>Karl-Heinz Heinen<\/strong>, im Landesbetrieb Wald und Holz Nordrhein-Westfalen besch\u00e4ftigt und seit vielen Jahren in der Funktion als Forstwirtschaftsmeister t\u00e4tig. Ich setzte ich mich f\u00fcr die Belange und Interesse der Forstwirtinnen und Forstwirte und der forstliche Ausbildung ein. Dar\u00fcber hinaus engagiere mich in der IG BAU Fachgruppe und anderen forstlichen Gremien. Gerne m\u00f6chte ich meine Erfahrungen auf der Ebene des Hauptpersonalrates ab 2021 einbringen um hier die Rahmenbedingungen f\u00fcr die Besch\u00e4ftigften mit zu gestalten.<br \/>Zu meiner Person, ich bin 52 Jahre jung, Verheiratet und habe 3 erwachsene T\u00f6chter.<\/figcaption>\r\n<\/figure>\r\n<\/div>\r\n\r\n\r\n\r\n<p><strong>Wof\u00fcr steht die <a href=\"http:\/\/forst.igbau.nrw\/?page_id=1340\" target=\"_blank\" rel=\"noreferrer noopener\">IG BAU in der Personalratsarbeit &#8230;&#8230;.<\/a><\/strong><\/p>\r\n","protected":false},"excerpt":{"rendered":"<p>Die Liste der IG BAU konnte bei der diesj\u00e4hrigen Wahl zur Personalvertretung wieder eine Mehrheit gewinnen. Wir bedanken uns bei allen W\u00e4hlerinnen<\/p>\n<p class=\"link-more\"><a class=\"myButt \" href=\"http:\/\/forst.igbau.nrw\/?p=1501\">Weitere Infos &#8230;<\/a><\/p>\n","protected":false},"author":2,"featured_media":1514,"comment_status":"closed","ping_status":"open","sticky":false,"template":"","format":"standard","meta":{"ngg_post_thumbnail":0,"jetpack_post_was_ever_published":false,"_jetpack_newsletter_access":"","_jetpack_dont_email_post_to_subs":false,"_jetpack_newsletter_tier_id":0,"_jetpack_memberships_contains_paywalled_content":false,"_jetpack_memberships_contains_paid_content":false,"footnotes":"","jetpack_publicize_message":"","jetpack_publicize_feature_enabled":true,"jetpack_social_post_already_shared":false,"jetpack_social_options":{"image_generator_settings":{"template":"highway","default_image_id":0,"font":"","enabled":false},"version":2}},"categories":[8],"tags":[],"class_list":["post-1501","post","type-post","status-publish","format-standard","has-post-thumbnail","hentry","category-ig-bau"],"jetpack_publicize_connections":[],"jetpack_featured_media_url":"https:\/\/i0.wp.com\/forst.igbau.nrw\/wp-content\/uploads\/2020\/02\/PR_wahl_2020_IGBAU.jpg?fit=352%2C261","jetpack_sharing_enabled":true,"jetpack_shortlink":"https:\/\/wp.me\/p8x7f7-od","jetpack-related-posts":[],"_links":{"self":[{"href":"http:\/\/forst.igbau.nrw\/index.php?rest_route=\/wp\/v2\/posts\/1501","targetHints":{"allow":["GET"]}}],"collection":[{"href":"http:\/\/forst.igbau.nrw\/index.php?rest_route=\/wp\/v2\/posts"}],"about":[{"href":"http:\/\/forst.igbau.nrw\/index.php?rest_route=\/wp\/v2\/types\/post"}],"author":[{"embeddable":true,"href":"http:\/\/forst.igbau.nrw\/index.php?rest_route=\/wp\/v2\/users\/2"}],"replies":[{"embeddable":true,"href":"http:\/\/forst.igbau.nrw\/index.php?rest_route=%2Fwp%2Fv2%2Fcomments&post=1501"}],"version-history":[{"count":60,"href":"http:\/\/forst.igbau.nrw\/index.php?rest_route=\/wp\/v2\/posts\/1501\/revisions"}],"predecessor-version":[{"id":1763,"href":"http:\/\/forst.igbau.nrw\/index.php?rest_route=\/wp\/v2\/posts\/1501\/revisions\/1763"}],"wp:featuredmedia":[{"embeddable":true,"href":"http:\/\/forst.igbau.nrw\/index.php?rest_route=\/wp\/v2\/media\/1514"}],"wp:attachment":[{"href":"http:\/\/forst.igbau.nrw\/index.php?rest_route=%2Fwp%2Fv2%2Fmedia&parent=1501"}],"wp:term":[{"taxonomy":"category","embeddable":true,"href":"http:\/\/forst.igbau.nrw\/index.php?rest_route=%2Fwp%2Fv2%2Fcategories&post=1501"},{"taxonomy":"post_tag","embeddable":true,"href":"http:\/\/forst.igbau.nrw\/index.php?rest_route=%2Fwp%2Fv2%2Ftags&post=1501"}],"curies":[{"name":"wp","href":"https:\/\/api.w.org\/{rel}","templated":true}]}}