{"id":1575,"date":"2020-02-24T22:42:00","date_gmt":"2020-02-24T22:42:00","guid":{"rendered":"http:\/\/forst.igbau.nrw\/?p=1575"},"modified":"2020-11-23T06:59:24","modified_gmt":"2020-11-23T06:59:24","slug":"tempolimit-hilft-auch-dem-wald","status":"publish","type":"post","link":"http:\/\/forst.igbau.nrw\/?p=1575","title":{"rendered":"Tempolimit hilft auch dem Wald !"},"content":{"rendered":"\n<p>Entgegen der aktuellen Beschl\u00fcsse hat das Bundesumweltamt eine neue Studie ver\u00f6ffentlicht in der die Einf\u00fchrung eines generellen Tempolimits auf Bundesautobahnen einen sinnvollen Beitrag zum <a rel=\"noreferrer noopener\" target=\"_blank\" href=\"https:\/\/www.umweltbundesamt.de\/service\/glossar\/k?tag=Klimaschutz#alphabar\">Klimaschutz<\/a>\u00a0 leisten kann. <\/p>\n\n\n\n<p>Damit wiederspricht die Studie den Aussagen Teilen der Bundesregierung und gerade den Aussagen des Bundesverkehrsministers.<\/p>\n\n\n\n<p><a href=\"https:\/\/www.umweltbundesamt.de\/publikationen\/klimaschutz-durch-tempolimit\" target=\"_blank\" rel=\"noreferrer noopener\" aria-label=\"Die Studie kann hier heruntergeladen werden. (\u00f6ffnet in neuem Tab)\">Die Studie kann hier heruntergeladen werden.<\/a><\/p>\n\n\n\n<p>Ohne das die Gesellschaft jede Anstrengung unternimmt um den Aussto\u00df der Klimasch\u00e4dlichen Gase zu verringern werden wir mit unseren Anstrengungen den Wald im Klimawandel zu retten nicht erfolgreich sein.<\/p>\n\n\n\n<figure class=\"wp-block-image size-large\"><a href=\"https:\/\/www.umweltbundesamt.de\/publikationen\/klimaschutz-durch-tempolimit\" target=\"_blank\" rel=\"noreferrer noopener\"><img data-recalc-dims=\"1\" fetchpriority=\"high\" decoding=\"async\" width=\"609\" height=\"849\" data-attachment-id=\"1578\" data-permalink=\"http:\/\/forst.igbau.nrw\/?attachment_id=1578\" data-orig-file=\"https:\/\/i0.wp.com\/forst.igbau.nrw\/wp-content\/uploads\/2020\/02\/Studie_Umweltbundesamt_Tempolimit.png?fit=609%2C849\" data-orig-size=\"609,849\" data-comments-opened=\"1\" data-image-meta=\"{&quot;aperture&quot;:&quot;0&quot;,&quot;credit&quot;:&quot;&quot;,&quot;camera&quot;:&quot;&quot;,&quot;caption&quot;:&quot;&quot;,&quot;created_timestamp&quot;:&quot;0&quot;,&quot;copyright&quot;:&quot;&quot;,&quot;focal_length&quot;:&quot;0&quot;,&quot;iso&quot;:&quot;0&quot;,&quot;shutter_speed&quot;:&quot;0&quot;,&quot;title&quot;:&quot;&quot;,&quot;orientation&quot;:&quot;0&quot;}\" data-image-title=\"Studie_Umweltbundesamt_Tempolimit\" data-image-description=\"\" data-image-caption=\"\" data-large-file=\"https:\/\/i0.wp.com\/forst.igbau.nrw\/wp-content\/uploads\/2020\/02\/Studie_Umweltbundesamt_Tempolimit.png?fit=609%2C849\" src=\"https:\/\/i0.wp.com\/forst.igbau.nrw\/wp-content\/uploads\/2020\/02\/Studie_Umweltbundesamt_Tempolimit.png?resize=609%2C849\" alt=\"\" class=\"wp-image-1578\" srcset=\"https:\/\/i0.wp.com\/forst.igbau.nrw\/wp-content\/uploads\/2020\/02\/Studie_Umweltbundesamt_Tempolimit.png?w=609 609w, https:\/\/i0.wp.com\/forst.igbau.nrw\/wp-content\/uploads\/2020\/02\/Studie_Umweltbundesamt_Tempolimit.png?resize=215%2C300 215w\" sizes=\"(max-width: 609px) 100vw, 609px\" \/><\/a><\/figure>\n","protected":false},"excerpt":{"rendered":"<p>Entgegen der aktuellen Beschl\u00fcsse hat das Bundesumweltamt eine neue Studie ver\u00f6ffentlicht in der die Einf\u00fchrung eines generellen Tempolimits auf Bundesautobahnen einen sinnvollen<\/p>\n<p class=\"link-more\"><a class=\"myButt \" href=\"http:\/\/forst.igbau.nrw\/?p=1575\">Weitere Infos &#8230;<\/a><\/p>\n","protected":false},"author":2,"featured_media":0,"comment_status":"closed","ping_status":"open","sticky":false,"template":"","format":"standard","meta":{"ngg_post_thumbnail":0,"jetpack_post_was_ever_published":false,"_jetpack_newsletter_access":"","_jetpack_dont_email_post_to_subs":false,"_jetpack_newsletter_tier_id":0,"_jetpack_memberships_contains_paywalled_content":false,"_jetpack_memberships_contains_paid_content":false,"footnotes":"","jetpack_publicize_message":"","jetpack_publicize_feature_enabled":true,"jetpack_social_post_already_shared":false,"jetpack_social_options":{"image_generator_settings":{"template":"highway","default_image_id":0,"font":"","enabled":false},"version":2}},"categories":[5],"tags":[],"class_list":["post-1575","post","type-post","status-publish","format-standard","hentry","category-forstwirtschaft"],"jetpack_publicize_connections":[],"jetpack_featured_media_url":"","jetpack_sharing_enabled":true,"jetpack_shortlink":"https:\/\/wp.me\/p8x7f7-pp","jetpack-related-posts":[],"_links":{"self":[{"href":"http:\/\/forst.igbau.nrw\/index.php?rest_route=\/wp\/v2\/posts\/1575","targetHints":{"allow":["GET"]}}],"collection":[{"href":"http:\/\/forst.igbau.nrw\/index.php?rest_route=\/wp\/v2\/posts"}],"about":[{"href":"http:\/\/forst.igbau.nrw\/index.php?rest_route=\/wp\/v2\/types\/post"}],"author":[{"embeddable":true,"href":"http:\/\/forst.igbau.nrw\/index.php?rest_route=\/wp\/v2\/users\/2"}],"replies":[{"embeddable":true,"href":"http:\/\/forst.igbau.nrw\/index.php?rest_route=%2Fwp%2Fv2%2Fcomments&post=1575"}],"version-history":[{"count":3,"href":"http:\/\/forst.igbau.nrw\/index.php?rest_route=\/wp\/v2\/posts\/1575\/revisions"}],"predecessor-version":[{"id":1579,"href":"http:\/\/forst.igbau.nrw\/index.php?rest_route=\/wp\/v2\/posts\/1575\/revisions\/1579"}],"wp:attachment":[{"href":"http:\/\/forst.igbau.nrw\/index.php?rest_route=%2Fwp%2Fv2%2Fmedia&parent=1575"}],"wp:term":[{"taxonomy":"category","embeddable":true,"href":"http:\/\/forst.igbau.nrw\/index.php?rest_route=%2Fwp%2Fv2%2Fcategories&post=1575"},{"taxonomy":"post_tag","embeddable":true,"href":"http:\/\/forst.igbau.nrw\/index.php?rest_route=%2Fwp%2Fv2%2Ftags&post=1575"}],"curies":[{"name":"wp","href":"https:\/\/api.w.org\/{rel}","templated":true}]}}