{"id":1583,"date":"2020-03-01T12:30:00","date_gmt":"2020-03-01T12:30:00","guid":{"rendered":"http:\/\/forst.igbau.nrw\/?p=1583"},"modified":"2020-11-23T06:59:24","modified_gmt":"2020-11-23T06:59:24","slug":"die-personalvertretung","status":"publish","type":"post","link":"http:\/\/forst.igbau.nrw\/?p=1583","title":{"rendered":"Ihre Personalvertretung"},"content":{"rendered":"\r\n<p>Dieses Jahr finden beim Landesbetrieb Wald und Holz Nordrhein-Westfalen trotz der Belastungen und Einschr\u00e4nkungen die Wahlen f\u00fcr die Personalr\u00e4te statt.<\/p>\r\n\r\n\r\n\r\n<p><strong>Die Wahlen f\u00fcr den Hauptpersonalrat wurden abgesagt da eine ordnungsgem\u00e4\u00dfe Abwicklung hier nicht gew\u00e4hrleistet werden kann.<\/strong><\/p>\r\n\r\n\r\n\r\n<p>Die IG BAU stellt sich auch in diesen komplizierten und belastenden Zeiten mit Ihren Kandidaten zur Wahl.<\/p>\r\n\r\n\r\n\r\n<p>Nachdem in der letzten Wahlperiode des Personalrates beim Landesbetriebes vieles liegen geblieben ist m\u00f6chten wir von der IG BAU wieder den Vorsitz stellen und die Personalratsarbeit wieder in den Vordergrund stellen. Dazu soll es wieder das Angebot von regelm\u00e4\u00dfigen Gespr\u00e4chsterminen mit dem Vorstand des Personalrates in den Forst\u00e4mtern geben um die Themen und Interessen der Besch\u00e4ftigten vor Ort vertreten zu k\u00f6nnen.<\/p>\r\n\r\n\r\n\r\n<p>Aus den Erfahrungen der vorangegangenen Jahre wissen wir wie wichtig dieses Angebot in der Personalratsarbeit ist. Der Informationsfluss muss wieder verbessert werden, dazu wollen wir die in den Jahren vor der jetzigen Wahlperiode ge\u00fcbte und bew\u00e4hrte Praxis wieder einf\u00fchren, das es Informationen der Besch\u00e4ftigten \u00fcber das Intranet und Infobriefe aus der Personalratsarbeit zu wichtigen Themen gibt. Auch die Gespr\u00e4che des Vorstandes beim Personalrat mit der Leitung von Wald und Holz NRW, Herrn Wiebe, zu wichtigen Themen aus der Personalvertretung sollen wieder ins Leben gerufen werden, nachdem diese in der j\u00fcngeren Vergangenheit leider nur noch selten stattgefunden haben.<\/p>\r\n\r\n\r\n\r\n<p>Das alles schaffen wir aber nur wenn ihr auch w\u00e4hlt, daher die dringende <strong>Bitte schickt euren Wahlzettel rechtzeitig ab und vor allem w\u00e4hlt. !!!!<\/strong><\/p>\r\n\r\n\r\n\r\n<div class=\"wp-block-image\">\r\n<figure class=\"aligncenter size-large\"><img data-recalc-dims=\"1\" fetchpriority=\"high\" decoding=\"async\" width=\"352\" height=\"261\" data-attachment-id=\"1514\" data-permalink=\"http:\/\/forst.igbau.nrw\/?attachment_id=1514\" data-orig-file=\"https:\/\/i0.wp.com\/forst.igbau.nrw\/wp-content\/uploads\/2020\/02\/PR_wahl_2020_IGBAU.jpg?fit=352%2C261\" data-orig-size=\"352,261\" data-comments-opened=\"1\" data-image-meta=\"{&quot;aperture&quot;:&quot;0&quot;,&quot;credit&quot;:&quot;&quot;,&quot;camera&quot;:&quot;&quot;,&quot;caption&quot;:&quot;&quot;,&quot;created_timestamp&quot;:&quot;0&quot;,&quot;copyright&quot;:&quot;&quot;,&quot;focal_length&quot;:&quot;0&quot;,&quot;iso&quot;:&quot;0&quot;,&quot;shutter_speed&quot;:&quot;0&quot;,&quot;title&quot;:&quot;&quot;,&quot;orientation&quot;:&quot;1&quot;}\" data-image-title=\"PR und HPR Wahl 2020 IGBAU\" data-image-description=\"\" data-image-caption=\"\" data-large-file=\"https:\/\/i0.wp.com\/forst.igbau.nrw\/wp-content\/uploads\/2020\/02\/PR_wahl_2020_IGBAU.jpg?fit=352%2C261\" class=\"wp-image-1514\" src=\"https:\/\/i0.wp.com\/forst.igbau.nrw\/wp-content\/uploads\/2020\/02\/PR_wahl_2020_IGBAU.jpg?resize=352%2C261\" alt=\"\" srcset=\"https:\/\/i0.wp.com\/forst.igbau.nrw\/wp-content\/uploads\/2020\/02\/PR_wahl_2020_IGBAU.jpg?w=352 352w, https:\/\/i0.wp.com\/forst.igbau.nrw\/wp-content\/uploads\/2020\/02\/PR_wahl_2020_IGBAU.jpg?resize=300%2C222 300w\" sizes=\"(max-width: 352px) 100vw, 352px\" \/><\/figure>\r\n<\/div>\r\n\r\n\r\n\r\n<p><strong>Wof\u00fcr steht die <a href=\"http:\/\/forst.igbau.nrw\/?page_id=1340\" target=\"_blank\" rel=\"noreferrer noopener\" aria-label=\"u au\u00dferdem noch ....... (\u00f6ffnet in neuem Tab)\">IG BAU in der Personalratsarbeit &#8230;&#8230;.<\/a><\/strong><\/p>\r\n","protected":false},"excerpt":{"rendered":"<p>Dieses Jahr finden beim Landesbetrieb Wald und Holz Nordrhein-Westfalen trotz der Belastungen und Einschr\u00e4nkungen die Wahlen f\u00fcr die Personalr\u00e4te statt. Die Wahlen<\/p>\n<p class=\"link-more\"><a class=\"myButt \" href=\"http:\/\/forst.igbau.nrw\/?p=1583\">Weitere Infos &#8230;<\/a><\/p>\n","protected":false},"author":2,"featured_media":1514,"comment_status":"closed","ping_status":"open","sticky":false,"template":"","format":"standard","meta":{"ngg_post_thumbnail":0,"jetpack_post_was_ever_published":false,"_jetpack_newsletter_access":"","_jetpack_dont_email_post_to_subs":false,"_jetpack_newsletter_tier_id":0,"_jetpack_memberships_contains_paywalled_content":false,"_jetpack_memberships_contains_paid_content":false,"footnotes":"","jetpack_publicize_message":"","jetpack_publicize_feature_enabled":true,"jetpack_social_post_already_shared":false,"jetpack_social_options":{"image_generator_settings":{"template":"highway","default_image_id":0,"font":"","enabled":false},"version":2}},"categories":[8,20],"tags":[],"class_list":["post-1583","post","type-post","status-publish","format-standard","has-post-thumbnail","hentry","category-ig-bau","category-landesbetrieb-wald-und-holz"],"jetpack_publicize_connections":[],"jetpack_featured_media_url":"https:\/\/i0.wp.com\/forst.igbau.nrw\/wp-content\/uploads\/2020\/02\/PR_wahl_2020_IGBAU.jpg?fit=352%2C261","jetpack_sharing_enabled":true,"jetpack_shortlink":"https:\/\/wp.me\/p8x7f7-px","jetpack-related-posts":[],"_links":{"self":[{"href":"http:\/\/forst.igbau.nrw\/index.php?rest_route=\/wp\/v2\/posts\/1583","targetHints":{"allow":["GET"]}}],"collection":[{"href":"http:\/\/forst.igbau.nrw\/index.php?rest_route=\/wp\/v2\/posts"}],"about":[{"href":"http:\/\/forst.igbau.nrw\/index.php?rest_route=\/wp\/v2\/types\/post"}],"author":[{"embeddable":true,"href":"http:\/\/forst.igbau.nrw\/index.php?rest_route=\/wp\/v2\/users\/2"}],"replies":[{"embeddable":true,"href":"http:\/\/forst.igbau.nrw\/index.php?rest_route=%2Fwp%2Fv2%2Fcomments&post=1583"}],"version-history":[{"count":8,"href":"http:\/\/forst.igbau.nrw\/index.php?rest_route=\/wp\/v2\/posts\/1583\/revisions"}],"predecessor-version":[{"id":1730,"href":"http:\/\/forst.igbau.nrw\/index.php?rest_route=\/wp\/v2\/posts\/1583\/revisions\/1730"}],"wp:featuredmedia":[{"embeddable":true,"href":"http:\/\/forst.igbau.nrw\/index.php?rest_route=\/wp\/v2\/media\/1514"}],"wp:attachment":[{"href":"http:\/\/forst.igbau.nrw\/index.php?rest_route=%2Fwp%2Fv2%2Fmedia&parent=1583"}],"wp:term":[{"taxonomy":"category","embeddable":true,"href":"http:\/\/forst.igbau.nrw\/index.php?rest_route=%2Fwp%2Fv2%2Fcategories&post=1583"},{"taxonomy":"post_tag","embeddable":true,"href":"http:\/\/forst.igbau.nrw\/index.php?rest_route=%2Fwp%2Fv2%2Ftags&post=1583"}],"curies":[{"name":"wp","href":"https:\/\/api.w.org\/{rel}","templated":true}]}}