{"id":1620,"date":"2020-04-03T10:23:00","date_gmt":"2020-04-03T10:23:00","guid":{"rendered":"http:\/\/forst.igbau.nrw\/?p=1620"},"modified":"2020-11-23T06:59:24","modified_gmt":"2020-11-23T06:59:24","slug":"flyer-zur-personalratswahl-bei-wald-und-holz-nrw","status":"publish","type":"post","link":"http:\/\/forst.igbau.nrw\/?p=1620","title":{"rendered":"Personalratswahl bei Wald und Holz NRW"},"content":{"rendered":"\r\n<p>Hier stellen sich die Kandidatin und die Kandidaten der IG BAU Liste vor.<\/p>\r\n\r\n\r\n\r\n<p><a href=\"http:\/\/forst.igbau.nrw\/?p=1501\" target=\"_blank\" rel=\"noreferrer noopener\" aria-label=\"Unser Kandidaten im Detail. (\u00f6ffnet in neuem Tab)\">Die Kollegin und Kollegen der IG BAU Liste kommen aus allen Bereichen des Landesbetriebes<\/a> und bieten damit eine gro\u00dfe Bandbreite aus den allt\u00e4glichen und auch individuellen Fragestellungen der Besch\u00e4ftigten bei Wald und Holz NRW.<\/p>\r\n\r\n\r\n\r\n<div class=\"wp-block-image\">\r\n<figure class=\"aligncenter size-large is-resized\"><a href=\"https:\/\/i0.wp.com\/forst.igbau.nrw\/wp-content\/uploads\/2020\/04\/Wald_und_Holz_NRW_Flyer_IGBAU_2020.png\"><img data-recalc-dims=\"1\" fetchpriority=\"high\" decoding=\"async\" data-attachment-id=\"1724\" data-permalink=\"http:\/\/forst.igbau.nrw\/?attachment_id=1724\" data-orig-file=\"https:\/\/i0.wp.com\/forst.igbau.nrw\/wp-content\/uploads\/2020\/04\/Wald_und_Holz_NRW_Flyer_IGBAU_2020.png?fit=1381%2C973\" data-orig-size=\"1381,973\" data-comments-opened=\"1\" data-image-meta=\"{&quot;aperture&quot;:&quot;0&quot;,&quot;credit&quot;:&quot;&quot;,&quot;camera&quot;:&quot;&quot;,&quot;caption&quot;:&quot;&quot;,&quot;created_timestamp&quot;:&quot;0&quot;,&quot;copyright&quot;:&quot;&quot;,&quot;focal_length&quot;:&quot;0&quot;,&quot;iso&quot;:&quot;0&quot;,&quot;shutter_speed&quot;:&quot;0&quot;,&quot;title&quot;:&quot;&quot;,&quot;orientation&quot;:&quot;0&quot;}\" data-image-title=\"Wald_und_Holz_NRW_Flyer_IGBAU_2020\" data-image-description=\"\" data-image-caption=\"\" data-large-file=\"https:\/\/i0.wp.com\/forst.igbau.nrw\/wp-content\/uploads\/2020\/04\/Wald_und_Holz_NRW_Flyer_IGBAU_2020.png?fit=640%2C451\" class=\"aligncenter size-full wp-image-1724\" src=\"https:\/\/i0.wp.com\/forst.igbau.nrw\/wp-content\/uploads\/2020\/04\/Wald_und_Holz_NRW_Flyer_IGBAU_2020.png?resize=640%2C451\" alt=\"\" width=\"640\" height=\"451\" srcset=\"https:\/\/i0.wp.com\/forst.igbau.nrw\/wp-content\/uploads\/2020\/04\/Wald_und_Holz_NRW_Flyer_IGBAU_2020.png?w=1381 1381w, https:\/\/i0.wp.com\/forst.igbau.nrw\/wp-content\/uploads\/2020\/04\/Wald_und_Holz_NRW_Flyer_IGBAU_2020.png?resize=300%2C211 300w, https:\/\/i0.wp.com\/forst.igbau.nrw\/wp-content\/uploads\/2020\/04\/Wald_und_Holz_NRW_Flyer_IGBAU_2020.png?resize=1024%2C721 1024w, https:\/\/i0.wp.com\/forst.igbau.nrw\/wp-content\/uploads\/2020\/04\/Wald_und_Holz_NRW_Flyer_IGBAU_2020.png?resize=768%2C541 768w, https:\/\/i0.wp.com\/forst.igbau.nrw\/wp-content\/uploads\/2020\/04\/Wald_und_Holz_NRW_Flyer_IGBAU_2020.png?resize=1140%2C803 1140w, https:\/\/i0.wp.com\/forst.igbau.nrw\/wp-content\/uploads\/2020\/04\/Wald_und_Holz_NRW_Flyer_IGBAU_2020.png?w=1280 1280w\" sizes=\"(max-width: 640px) 100vw, 640px\" \/><\/a><\/figure>\r\n<\/div>\r\n\r\n\r\n\r\n<p><a href=\"http:\/\/forst.igbau.nrw\/wp-content\/uploads\/2020\/04\/Wald_und_Holz_NRW_Flyer_IGBAU_2020.png\" target=\"_blank\" rel=\"noreferrer noopener\">Den Flyer vergr\u00f6\u00dfern &#8230;..<\/a><\/p>\r\n<p><a href=\"http:\/\/forst.igbau.nrw\/?p=1501\">Die Liste im Detail &#8230;.<\/a><\/p>\r\n","protected":false},"excerpt":{"rendered":"<p>Hier stellen sich die Kandidatin und die Kandidaten der IG BAU Liste vor. Die Kollegin und Kollegen der IG BAU Liste kommen<\/p>\n<p class=\"link-more\"><a class=\"myButt \" href=\"http:\/\/forst.igbau.nrw\/?p=1620\">Weitere Infos &#8230;<\/a><\/p>\n","protected":false},"author":2,"featured_media":1514,"comment_status":"closed","ping_status":"open","sticky":false,"template":"","format":"standard","meta":{"ngg_post_thumbnail":0,"jetpack_post_was_ever_published":false,"_jetpack_newsletter_access":"","_jetpack_dont_email_post_to_subs":false,"_jetpack_newsletter_tier_id":0,"_jetpack_memberships_contains_paywalled_content":false,"_jetpack_memberships_contains_paid_content":false,"footnotes":"","jetpack_publicize_message":"","jetpack_publicize_feature_enabled":true,"jetpack_social_post_already_shared":false,"jetpack_social_options":{"image_generator_settings":{"template":"highway","default_image_id":0,"font":"","enabled":false},"version":2}},"categories":[8,20],"tags":[],"class_list":["post-1620","post","type-post","status-publish","format-standard","has-post-thumbnail","hentry","category-ig-bau","category-landesbetrieb-wald-und-holz"],"jetpack_publicize_connections":[],"jetpack_featured_media_url":"https:\/\/i0.wp.com\/forst.igbau.nrw\/wp-content\/uploads\/2020\/02\/PR_wahl_2020_IGBAU.jpg?fit=352%2C261","jetpack_sharing_enabled":true,"jetpack_shortlink":"https:\/\/wp.me\/p8x7f7-q8","jetpack-related-posts":[],"_links":{"self":[{"href":"http:\/\/forst.igbau.nrw\/index.php?rest_route=\/wp\/v2\/posts\/1620","targetHints":{"allow":["GET"]}}],"collection":[{"href":"http:\/\/forst.igbau.nrw\/index.php?rest_route=\/wp\/v2\/posts"}],"about":[{"href":"http:\/\/forst.igbau.nrw\/index.php?rest_route=\/wp\/v2\/types\/post"}],"author":[{"embeddable":true,"href":"http:\/\/forst.igbau.nrw\/index.php?rest_route=\/wp\/v2\/users\/2"}],"replies":[{"embeddable":true,"href":"http:\/\/forst.igbau.nrw\/index.php?rest_route=%2Fwp%2Fv2%2Fcomments&post=1620"}],"version-history":[{"count":23,"href":"http:\/\/forst.igbau.nrw\/index.php?rest_route=\/wp\/v2\/posts\/1620\/revisions"}],"predecessor-version":[{"id":1735,"href":"http:\/\/forst.igbau.nrw\/index.php?rest_route=\/wp\/v2\/posts\/1620\/revisions\/1735"}],"wp:featuredmedia":[{"embeddable":true,"href":"http:\/\/forst.igbau.nrw\/index.php?rest_route=\/wp\/v2\/media\/1514"}],"wp:attachment":[{"href":"http:\/\/forst.igbau.nrw\/index.php?rest_route=%2Fwp%2Fv2%2Fmedia&parent=1620"}],"wp:term":[{"taxonomy":"category","embeddable":true,"href":"http:\/\/forst.igbau.nrw\/index.php?rest_route=%2Fwp%2Fv2%2Fcategories&post=1620"},{"taxonomy":"post_tag","embeddable":true,"href":"http:\/\/forst.igbau.nrw\/index.php?rest_route=%2Fwp%2Fv2%2Ftags&post=1620"}],"curies":[{"name":"wp","href":"https:\/\/api.w.org\/{rel}","templated":true}]}}