{"id":1742,"date":"2020-05-15T10:33:52","date_gmt":"2020-05-15T10:33:52","guid":{"rendered":"http:\/\/forst.igbau.nrw\/?p=1742"},"modified":"2020-11-23T06:59:23","modified_gmt":"2020-11-23T06:59:23","slug":"igbau-stellt-sich-vor","status":"publish","type":"post","link":"http:\/\/forst.igbau.nrw\/?p=1742","title":{"rendered":"IGBAU stellt sich vor !"},"content":{"rendered":"<p>Im Zuge der laufenden Wahlen zum Personalrat beim Landesbetrieb Wald und Holz Nordrhein-Westfalen nutzte der Kollege Reinhard Steffen von der IG BAU die M\u00f6glichkeit sich den Kollegen und Kolleginnen einem Teil der Besch\u00e4ftigten vorzustellen.<\/p>\n<p>Zusammen mit dem Mitglied des Personalrates, Peter Wicke, informierten sie die Besch\u00e4ftigten in den Forstbetriebsbezirken Dattenfeld, Rodder und Siebengebirge \u00fcber die Aufgaben und M\u00f6glichkeiten des Personalrates als Interessenvertretung der Besch\u00e4ftigten. Au\u00dferdem erl\u00e4uterte der Kollege Steffen \u00fcber die Vorteile einer Mitgliedschaft in der Gewerkschaft IGBAU und die Bedeutung einer starken Arbeitnehmervertretung.<\/p>\n<p>Zum Abschluss wiesen beide darauf hin das es wichtig ist sich mit der Stimmabgabe bei der Personalratswahl aktiv an einer starken Personalvertretung zu beteiligen und baten darum ihre Stimme in der laufenden Wahl abzuschicken.<\/p>\n<p><a href=\"https:\/\/i0.wp.com\/forst.igbau.nrw\/wp-content\/uploads\/2020\/05\/IMG_3031.jpg\"><img data-recalc-dims=\"1\" fetchpriority=\"high\" decoding=\"async\" data-attachment-id=\"1744\" data-permalink=\"http:\/\/forst.igbau.nrw\/?attachment_id=1744\" data-orig-file=\"https:\/\/i0.wp.com\/forst.igbau.nrw\/wp-content\/uploads\/2020\/05\/IMG_3031.jpg?fit=1824%2C1368\" data-orig-size=\"1824,1368\" data-comments-opened=\"1\" data-image-meta=\"{&quot;aperture&quot;:&quot;2.2&quot;,&quot;credit&quot;:&quot;&quot;,&quot;camera&quot;:&quot;iPhone SE&quot;,&quot;caption&quot;:&quot;&quot;,&quot;created_timestamp&quot;:&quot;1589466626&quot;,&quot;copyright&quot;:&quot;&quot;,&quot;focal_length&quot;:&quot;4.15&quot;,&quot;iso&quot;:&quot;25&quot;,&quot;shutter_speed&quot;:&quot;0.0091743119266055&quot;,&quot;title&quot;:&quot;&quot;,&quot;orientation&quot;:&quot;1&quot;}\" data-image-title=\"IMG_3031\" data-image-description=\"\" data-image-caption=\"\" data-large-file=\"https:\/\/i0.wp.com\/forst.igbau.nrw\/wp-content\/uploads\/2020\/05\/IMG_3031.jpg?fit=640%2C480\" class=\"aligncenter size-full wp-image-1744\" src=\"https:\/\/i0.wp.com\/forst.igbau.nrw\/wp-content\/uploads\/2020\/05\/IMG_3031.jpg?resize=640%2C480\" alt=\"\" width=\"640\" height=\"480\" srcset=\"https:\/\/i0.wp.com\/forst.igbau.nrw\/wp-content\/uploads\/2020\/05\/IMG_3031.jpg?w=1824 1824w, https:\/\/i0.wp.com\/forst.igbau.nrw\/wp-content\/uploads\/2020\/05\/IMG_3031.jpg?resize=300%2C225 300w, https:\/\/i0.wp.com\/forst.igbau.nrw\/wp-content\/uploads\/2020\/05\/IMG_3031.jpg?resize=1024%2C768 1024w, https:\/\/i0.wp.com\/forst.igbau.nrw\/wp-content\/uploads\/2020\/05\/IMG_3031.jpg?resize=768%2C576 768w, https:\/\/i0.wp.com\/forst.igbau.nrw\/wp-content\/uploads\/2020\/05\/IMG_3031.jpg?resize=1536%2C1152 1536w, https:\/\/i0.wp.com\/forst.igbau.nrw\/wp-content\/uploads\/2020\/05\/IMG_3031.jpg?resize=1140%2C855 1140w, https:\/\/i0.wp.com\/forst.igbau.nrw\/wp-content\/uploads\/2020\/05\/IMG_3031.jpg?w=1280 1280w\" sizes=\"(max-width: 640px) 100vw, 640px\" \/><\/a><\/p>\n<p>In Coronazeiten mit dem geb\u00fchrenden Abstand&#8230;.<\/p>\n<p>&nbsp;<\/p>\n<p>Das Forstamt Rhein-Sieg Erft als eines der Gro\u00dfen Forst\u00e4mter von Wald und Holz NRW ist auch eines der Schwerpunktforst\u00e4mter in der Ausbildung von Jungen Forstwirtinnen und Forstwirten. Gerade den Jungen Kolleginnen und Kollegen galt es noch einmal die Angebote des Personalrates und der Gewerkschaft darzustellen.<\/p>\n<p>&nbsp;<\/p>\n","protected":false},"excerpt":{"rendered":"<p>Im Zuge der laufenden Wahlen zum Personalrat beim Landesbetrieb Wald und Holz Nordrhein-Westfalen nutzte der Kollege Reinhard Steffen von der IG BAU<\/p>\n<p class=\"link-more\"><a class=\"myButt \" href=\"http:\/\/forst.igbau.nrw\/?p=1742\">Weitere Infos &#8230;<\/a><\/p>\n","protected":false},"author":1,"featured_media":1743,"comment_status":"closed","ping_status":"open","sticky":false,"template":"","format":"standard","meta":{"ngg_post_thumbnail":0,"jetpack_post_was_ever_published":false,"_jetpack_newsletter_access":"","_jetpack_dont_email_post_to_subs":false,"_jetpack_newsletter_tier_id":0,"_jetpack_memberships_contains_paywalled_content":false,"_jetpack_memberships_contains_paid_content":false,"footnotes":"","jetpack_publicize_message":"","jetpack_publicize_feature_enabled":true,"jetpack_social_post_already_shared":false,"jetpack_social_options":{"image_generator_settings":{"template":"highway","default_image_id":0,"font":"","enabled":false},"version":2}},"categories":[5],"tags":[],"class_list":["post-1742","post","type-post","status-publish","format-standard","has-post-thumbnail","hentry","category-forstwirtschaft"],"jetpack_publicize_connections":[],"jetpack_featured_media_url":"https:\/\/i0.wp.com\/forst.igbau.nrw\/wp-content\/uploads\/2020\/05\/IGBAU_2020_Steffen_02.jpg?fit=1196%2C896","jetpack_sharing_enabled":true,"jetpack_shortlink":"https:\/\/wp.me\/p8x7f7-s6","jetpack-related-posts":[],"_links":{"self":[{"href":"http:\/\/forst.igbau.nrw\/index.php?rest_route=\/wp\/v2\/posts\/1742","targetHints":{"allow":["GET"]}}],"collection":[{"href":"http:\/\/forst.igbau.nrw\/index.php?rest_route=\/wp\/v2\/posts"}],"about":[{"href":"http:\/\/forst.igbau.nrw\/index.php?rest_route=\/wp\/v2\/types\/post"}],"author":[{"embeddable":true,"href":"http:\/\/forst.igbau.nrw\/index.php?rest_route=\/wp\/v2\/users\/1"}],"replies":[{"embeddable":true,"href":"http:\/\/forst.igbau.nrw\/index.php?rest_route=%2Fwp%2Fv2%2Fcomments&post=1742"}],"version-history":[{"count":2,"href":"http:\/\/forst.igbau.nrw\/index.php?rest_route=\/wp\/v2\/posts\/1742\/revisions"}],"predecessor-version":[{"id":1746,"href":"http:\/\/forst.igbau.nrw\/index.php?rest_route=\/wp\/v2\/posts\/1742\/revisions\/1746"}],"wp:featuredmedia":[{"embeddable":true,"href":"http:\/\/forst.igbau.nrw\/index.php?rest_route=\/wp\/v2\/media\/1743"}],"wp:attachment":[{"href":"http:\/\/forst.igbau.nrw\/index.php?rest_route=%2Fwp%2Fv2%2Fmedia&parent=1742"}],"wp:term":[{"taxonomy":"category","embeddable":true,"href":"http:\/\/forst.igbau.nrw\/index.php?rest_route=%2Fwp%2Fv2%2Fcategories&post=1742"},{"taxonomy":"post_tag","embeddable":true,"href":"http:\/\/forst.igbau.nrw\/index.php?rest_route=%2Fwp%2Fv2%2Ftags&post=1742"}],"curies":[{"name":"wp","href":"https:\/\/api.w.org\/{rel}","templated":true}]}}