{"id":1749,"date":"2020-06-03T23:21:02","date_gmt":"2020-06-03T23:21:02","guid":{"rendered":"http:\/\/forst.igbau.nrw\/?p=1749"},"modified":"2020-11-23T06:59:23","modified_gmt":"2020-11-23T06:59:23","slug":"anhoerung-im-landtag-zum-thema-wald","status":"publish","type":"post","link":"http:\/\/forst.igbau.nrw\/?p=1749","title":{"rendered":"Anh\u00f6rung im Landtag zum Thema Wald."},"content":{"rendered":"\t\t<div data-elementor-type=\"wp-post\" data-elementor-id=\"1749\" class=\"elementor elementor-1749\">\n\t\t\t\t\t\t<section class=\"elementor-section elementor-top-section elementor-element elementor-element-297f77fb elementor-section-boxed elementor-section-height-default elementor-section-height-default wpr-particle-no wpr-jarallax-no wpr-parallax-no wpr-sticky-section-no wpr-equal-height-no\" data-id=\"297f77fb\" data-element_type=\"section\" data-e-type=\"section\">\n\t\t\t\t\t\t<div class=\"elementor-container elementor-column-gap-default\">\n\t\t\t\t\t<div class=\"elementor-column elementor-col-100 elementor-top-column elementor-element elementor-element-3360389b\" data-id=\"3360389b\" data-element_type=\"column\" data-e-type=\"column\">\n\t\t\t<div class=\"elementor-widget-wrap elementor-element-populated\">\n\t\t\t\t\t\t<div class=\"elementor-element elementor-element-5b12cf84 elementor-widget elementor-widget-text-editor\" data-id=\"5b12cf84\" data-element_type=\"widget\" data-e-type=\"widget\" data-widget_type=\"text-editor.default\">\n\t\t\t\t<div class=\"elementor-widget-container\">\n\t\t\t\t\t\t\t\t\tZur Anh\u00f6rung des Ausschusses f\u00fcr Umwelt, Landwirtschaft, Natur- und Verbraucherschutz am 20. Mai 2020\nzu den Themen &#8211; \u201eDer Forstwirtschaft in NRW unb\u00fcrokratisch helfen \u2013 Hilferufe der nordrhein-westf\u00e4lischen Waldbauern ernst nehmen!&#8220; und &#8222;Klimawandel ernst nehmen &#8211; Ma\u00dfnahmen zur Rettung der W\u00e4lder in NRW deutlich verst\u00e4rken!&#8220; wurde auch die IG BAU als Sachverst\u00e4ndige geladen. Diese M\u00f6glichkeit haben wir nat\u00fcrlich gerne wahrgenommen und uns sowohl schriftlich vorab als auch in der Anh\u00f6rung im Landtag beteiligt.\n\n&nbsp;\n\n&nbsp;\n\n<a href=\"https:\/\/www.landtag.nrw.de\/portal\/WWW\/dokumentenarchiv\/Dokument\/MMD17-7534.pdf\" name=\"docLink\"><\/a>\t\t\t\t\t\t\t\t<\/div>\n\t\t\t\t<\/div>\n\t\t\t\t\t<\/div>\n\t\t<\/div>\n\t\t\t\t\t<\/div>\n\t\t<\/section>\n\t\t\t\t<section class=\"elementor-section elementor-top-section elementor-element elementor-element-ac6ee72 elementor-section-boxed elementor-section-height-default elementor-section-height-default wpr-particle-no wpr-jarallax-no wpr-parallax-no wpr-sticky-section-no wpr-equal-height-no\" data-id=\"ac6ee72\" data-element_type=\"section\" data-e-type=\"section\">\n\t\t\t\t\t\t<div class=\"elementor-container elementor-column-gap-default\">\n\t\t\t\t\t<div class=\"elementor-column elementor-col-100 elementor-top-column elementor-element elementor-element-305162c\" data-id=\"305162c\" data-element_type=\"column\" data-e-type=\"column\">\n\t\t\t<div class=\"elementor-widget-wrap elementor-element-populated\">\n\t\t\t\t\t\t<div class=\"elementor-element elementor-element-6f7d47c elementor-widget elementor-widget-image\" data-id=\"6f7d47c\" data-element_type=\"widget\" data-e-type=\"widget\" data-widget_type=\"image.default\">\n\t\t\t\t<div class=\"elementor-widget-container\">\n\t\t\t\t\t\t\t\t\t\t\t\t\t\t\t\t<a href=\"https:\/\/www.landtag.nrw.de\/home\/dokumente_und_recherche\/aktuelle-dokumente.html?dokTyp=ST&#038;wp=17&#038;dokNum=Drs%2017\/7534&#038;_eventId_sendform=suchen\" target=\"_blank\">\n\t\t\t\t\t\t\t<img fetchpriority=\"high\" decoding=\"async\" data-attachment-id=\"1750\" data-permalink=\"http:\/\/forst.igbau.nrw\/?attachment_id=1750\" data-orig-file=\"https:\/\/i0.wp.com\/forst.igbau.nrw\/wp-content\/uploads\/2020\/06\/Landtag_NRW_Anhoerung_2020_05_20.png?fit=876%2C829\" data-orig-size=\"876,829\" data-comments-opened=\"1\" data-image-meta=\"{&quot;aperture&quot;:&quot;0&quot;,&quot;credit&quot;:&quot;&quot;,&quot;camera&quot;:&quot;&quot;,&quot;caption&quot;:&quot;&quot;,&quot;created_timestamp&quot;:&quot;0&quot;,&quot;copyright&quot;:&quot;&quot;,&quot;focal_length&quot;:&quot;0&quot;,&quot;iso&quot;:&quot;0&quot;,&quot;shutter_speed&quot;:&quot;0&quot;,&quot;title&quot;:&quot;&quot;,&quot;orientation&quot;:&quot;0&quot;}\" data-image-title=\"Landtag_NRW_Anhoerung_2020_05_20\" data-image-description=\"\" data-image-caption=\"\" data-large-file=\"https:\/\/i0.wp.com\/forst.igbau.nrw\/wp-content\/uploads\/2020\/06\/Landtag_NRW_Anhoerung_2020_05_20.png?fit=640%2C606\" width=\"640\" height=\"606\" src=\"https:\/\/i0.wp.com\/forst.igbau.nrw\/wp-content\/uploads\/2020\/06\/Landtag_NRW_Anhoerung_2020_05_20.png?fit=640%2C606\" class=\"attachment-large size-large wp-image-1750\" alt=\"\" srcset=\"https:\/\/i0.wp.com\/forst.igbau.nrw\/wp-content\/uploads\/2020\/06\/Landtag_NRW_Anhoerung_2020_05_20.png?w=876 876w, https:\/\/i0.wp.com\/forst.igbau.nrw\/wp-content\/uploads\/2020\/06\/Landtag_NRW_Anhoerung_2020_05_20.png?resize=300%2C284 300w, https:\/\/i0.wp.com\/forst.igbau.nrw\/wp-content\/uploads\/2020\/06\/Landtag_NRW_Anhoerung_2020_05_20.png?resize=768%2C727 768w\" sizes=\"(max-width: 640px) 100vw, 640px\" data-attachment-id=\"1750\" data-permalink=\"http:\/\/forst.igbau.nrw\/?attachment_id=1750\" data-orig-file=\"https:\/\/i0.wp.com\/forst.igbau.nrw\/wp-content\/uploads\/2020\/06\/Landtag_NRW_Anhoerung_2020_05_20.png?fit=876%2C829\" data-orig-size=\"876,829\" data-comments-opened=\"1\" data-image-meta=\"{&quot;aperture&quot;:&quot;0&quot;,&quot;credit&quot;:&quot;&quot;,&quot;camera&quot;:&quot;&quot;,&quot;caption&quot;:&quot;&quot;,&quot;created_timestamp&quot;:&quot;0&quot;,&quot;copyright&quot;:&quot;&quot;,&quot;focal_length&quot;:&quot;0&quot;,&quot;iso&quot;:&quot;0&quot;,&quot;shutter_speed&quot;:&quot;0&quot;,&quot;title&quot;:&quot;&quot;,&quot;orientation&quot;:&quot;0&quot;}\" data-image-title=\"Landtag_NRW_Anhoerung_2020_05_20\" data-image-description=\"\" data-image-caption=\"\" data-large-file=\"https:\/\/i0.wp.com\/forst.igbau.nrw\/wp-content\/uploads\/2020\/06\/Landtag_NRW_Anhoerung_2020_05_20.png?fit=640%2C606\" \/>\t\t\t\t\t\t\t\t<\/a>\n\t\t\t\t\t\t\t\t\t\t\t\t\t\t\t<\/div>\n\t\t\t\t<\/div>\n\t\t\t\t\t<\/div>\n\t\t<\/div>\n\t\t\t\t\t<\/div>\n\t\t<\/section>\n\t\t\t\t<section class=\"elementor-section elementor-top-section elementor-element elementor-element-451d597 elementor-section-boxed elementor-section-height-default elementor-section-height-default wpr-particle-no wpr-jarallax-no wpr-parallax-no wpr-sticky-section-no wpr-equal-height-no\" data-id=\"451d597\" data-element_type=\"section\" data-e-type=\"section\">\n\t\t\t\t\t\t<div class=\"elementor-container elementor-column-gap-default\">\n\t\t\t\t\t<div class=\"elementor-column elementor-col-100 elementor-top-column elementor-element elementor-element-17067dd\" data-id=\"17067dd\" data-element_type=\"column\" data-e-type=\"column\">\n\t\t\t<div class=\"elementor-widget-wrap elementor-element-populated\">\n\t\t\t\t\t\t<div class=\"elementor-element elementor-element-313d60e elementor-widget elementor-widget-text-editor\" data-id=\"313d60e\" data-element_type=\"widget\" data-e-type=\"widget\" data-widget_type=\"text-editor.default\">\n\t\t\t\t<div class=\"elementor-widget-container\">\n\t\t\t\t\t\t\t\t\t<p>Die Antr\u00e4ge sowohl von B\u00fcndnis90\/Die Gr\u00fcnen als auch der AFD wurden bedingt durch die \u00e4hnlichen Inhalte zusammengef\u00fchrt und gemeinsam beraten und erl\u00e4utert.<\/p><p><a href=\"https:\/\/www.landtag.nrw.de\/portal\/WWW\/dokumentenarchiv\/Dokument\/MMST17-2695.pdf\" target=\"_blank\" rel=\"noopener\">Die Stellungnahme der Landesvertretung finden Sie hier.<\/a><\/p>\t\t\t\t\t\t\t\t<\/div>\n\t\t\t\t<\/div>\n\t\t\t\t\t<\/div>\n\t\t<\/div>\n\t\t\t\t\t<\/div>\n\t\t<\/section>\n\t\t\t\t<\/div>\n\t\t","protected":false},"excerpt":{"rendered":"<p>Zur Anh\u00f6rung des Ausschusses f\u00fcr Umwelt, Landwirtschaft, Natur- und Verbraucherschutz am 20. Mai 2020 zu den Themen &#8211; \u201eDer Forstwirtschaft in NRW<\/p>\n<p class=\"link-more\"><a class=\"myButt \" href=\"http:\/\/forst.igbau.nrw\/?p=1749\">Weitere Infos &#8230;<\/a><\/p>\n","protected":false},"author":2,"featured_media":1753,"comment_status":"closed","ping_status":"open","sticky":false,"template":"","format":"standard","meta":{"ngg_post_thumbnail":0,"jetpack_post_was_ever_published":false,"_jetpack_newsletter_access":"","_jetpack_dont_email_post_to_subs":false,"_jetpack_newsletter_tier_id":0,"_jetpack_memberships_contains_paywalled_content":false,"_jetpack_memberships_contains_paid_content":false,"footnotes":"","jetpack_publicize_message":"","jetpack_publicize_feature_enabled":true,"jetpack_social_post_already_shared":false,"jetpack_social_options":{"image_generator_settings":{"template":"highway","default_image_id":0,"font":"","enabled":false},"version":2}},"categories":[4,5,8],"tags":[],"class_list":["post-1749","post","type-post","status-publish","format-standard","has-post-thumbnail","hentry","category-forstpolitik","category-forstwirtschaft","category-ig-bau"],"jetpack_publicize_connections":[],"jetpack_featured_media_url":"https:\/\/i0.wp.com\/forst.igbau.nrw\/wp-content\/uploads\/2020\/06\/Landtag_IGBAU_Anhoerung.png?fit=471%2C666","jetpack_sharing_enabled":true,"jetpack_shortlink":"https:\/\/wp.me\/p8x7f7-sd","jetpack-related-posts":[],"_links":{"self":[{"href":"http:\/\/forst.igbau.nrw\/index.php?rest_route=\/wp\/v2\/posts\/1749","targetHints":{"allow":["GET"]}}],"collection":[{"href":"http:\/\/forst.igbau.nrw\/index.php?rest_route=\/wp\/v2\/posts"}],"about":[{"href":"http:\/\/forst.igbau.nrw\/index.php?rest_route=\/wp\/v2\/types\/post"}],"author":[{"embeddable":true,"href":"http:\/\/forst.igbau.nrw\/index.php?rest_route=\/wp\/v2\/users\/2"}],"replies":[{"embeddable":true,"href":"http:\/\/forst.igbau.nrw\/index.php?rest_route=%2Fwp%2Fv2%2Fcomments&post=1749"}],"version-history":[{"count":5,"href":"http:\/\/forst.igbau.nrw\/index.php?rest_route=\/wp\/v2\/posts\/1749\/revisions"}],"predecessor-version":[{"id":1764,"href":"http:\/\/forst.igbau.nrw\/index.php?rest_route=\/wp\/v2\/posts\/1749\/revisions\/1764"}],"wp:featuredmedia":[{"embeddable":true,"href":"http:\/\/forst.igbau.nrw\/index.php?rest_route=\/wp\/v2\/media\/1753"}],"wp:attachment":[{"href":"http:\/\/forst.igbau.nrw\/index.php?rest_route=%2Fwp%2Fv2%2Fmedia&parent=1749"}],"wp:term":[{"taxonomy":"category","embeddable":true,"href":"http:\/\/forst.igbau.nrw\/index.php?rest_route=%2Fwp%2Fv2%2Fcategories&post=1749"},{"taxonomy":"post_tag","embeddable":true,"href":"http:\/\/forst.igbau.nrw\/index.php?rest_route=%2Fwp%2Fv2%2Ftags&post=1749"}],"curies":[{"name":"wp","href":"https:\/\/api.w.org\/{rel}","templated":true}]}}