{"id":1755,"date":"2020-06-05T12:02:47","date_gmt":"2020-06-05T12:02:47","guid":{"rendered":"http:\/\/forst.igbau.nrw\/?p=1755"},"modified":"2020-11-23T06:59:23","modified_gmt":"2020-11-23T06:59:23","slug":"waldbraende-herausforderungen-fuer-feuerwehr-und-naturschutz-in-nrw","status":"publish","type":"post","link":"http:\/\/forst.igbau.nrw\/?p=1755","title":{"rendered":"\u201eWaldbr\u00e4nde \u2013 Herausforderungen f\u00fcr Feuerwehr und Naturschutz in NRW\u201c"},"content":{"rendered":"<h3><strong>Gestern Abend fand eine Onlineveranstaltung zum Thema \u201eWaldbr\u00e4nde \u2013 Herausforderungen f\u00fcr Feuerwehr und Naturschutz in NRW\u201c statt<br \/>\n<\/strong><\/h3>\n<h4>Unter der Organisation von Verena Sch\u00e4ffer und Wibke Brems sowie der Beteiligung von Norwich R\u00fc\u00dfe gab es 2 Startbeitr\u00e4ge von Herrn <strong>Dr. Ulrich Cimolino<\/strong>, Branddirektor bei der Feuerwehr D\u00fcsseldorf und Vorsitzender des Arbeitskreises Waldbrand im Deutschen Feuerwehrverband e.V. (DFV) und <strong>Holger Sticht<\/strong>, dem Landesvorsitzenden des BUND NRW.<\/h4>\n<p>Die bereits zu Anfang des Jahres 2020 erneut aufgetretenen Waldbr\u00e4nde und die Zunahme der Br\u00e4nde bereits in 2019 auch in Nordrhein-Westfalen zeigen die konkreten Auswirkungen des Klimawandels durch die Ausf\u00e4lle der Niederschl\u00e4ge. Die nun schon \u00fcber mehrere Jahre hinweg anhaltenden Niederschlagsdefizite in den letzten Jahren mit den Extremen in 2018 und 2019 sowie die Trockenheit auch in 2020 l\u00e4sst die Waldbrandgefahr auch in Nordrhein-Westfalen extrem angestiegen.<\/p>\n<p>Dazu wurde im gestrigen Webinar beraten und diskutiert, &#8222;wie die Landesregierung und die Kommunen die Feuerwehren bestm\u00f6glich auszustatten sind und welche weiteren sinnvollen Ma\u00dfnahmen es geben k\u00f6nnte um die Waldbrandgefahr einzud\u00e4mmen bzw. im Falle eines Brandes die L\u00f6scharbeiten zu erm\u00f6glichen. Da das Risiko von Waldbr\u00e4nden nat\u00fcrlich auch von der Baumartenwahl abh\u00e4ngig ist, wurde dar\u00fcber sprechen, durch welche waldbaulichen Ma\u00dfnahmen Waldbr\u00e4nden zus\u00e4tzlich entgegengewirkt werden kann.&#8220;<\/p>\n<p>Die Auffassungen der per Chat zugeschalteten TeilnehmerInnen und vor allem des BUND Landesvorsitzenden waren hier nicht unbedingt deckend. Etwas am Thema vorbei wurden zum Teil Grundsatzdiskussionen \u00fcber Ursache und Wirkung der aktuellen Katastrophe im Wald gef\u00fchrt.<\/p>\n<p>Die IG BAU Landesvertretung nahm an dieser Veranstaltung per Chat teil.<\/p>\n","protected":false},"excerpt":{"rendered":"<p>Gestern Abend fand eine Onlineveranstaltung zum Thema \u201eWaldbr\u00e4nde \u2013 Herausforderungen f\u00fcr Feuerwehr und Naturschutz in NRW\u201c statt Unter der Organisation von Verena<\/p>\n<p class=\"link-more\"><a class=\"myButt \" href=\"http:\/\/forst.igbau.nrw\/?p=1755\">Weitere Infos &#8230;<\/a><\/p>\n","protected":false},"author":2,"featured_media":1756,"comment_status":"closed","ping_status":"open","sticky":false,"template":"","format":"standard","meta":{"ngg_post_thumbnail":0,"jetpack_post_was_ever_published":false,"_jetpack_newsletter_access":"","_jetpack_dont_email_post_to_subs":false,"_jetpack_newsletter_tier_id":0,"_jetpack_memberships_contains_paywalled_content":false,"_jetpack_memberships_contains_paid_content":false,"footnotes":"","jetpack_publicize_message":"","jetpack_publicize_feature_enabled":true,"jetpack_social_post_already_shared":false,"jetpack_social_options":{"image_generator_settings":{"template":"highway","default_image_id":0,"font":"","enabled":false},"version":2}},"categories":[5],"tags":[],"class_list":["post-1755","post","type-post","status-publish","format-standard","has-post-thumbnail","hentry","category-forstwirtschaft"],"jetpack_publicize_connections":[],"jetpack_featured_media_url":"https:\/\/i0.wp.com\/forst.igbau.nrw\/wp-content\/uploads\/2020\/06\/Waldbrand_Bodenfeuer_Strobe_Metelener_Heide_5000qm_2019_07_3031.jpg?fit=1616%2C1212","jetpack_sharing_enabled":true,"jetpack_shortlink":"https:\/\/wp.me\/p8x7f7-sj","jetpack-related-posts":[],"_links":{"self":[{"href":"http:\/\/forst.igbau.nrw\/index.php?rest_route=\/wp\/v2\/posts\/1755","targetHints":{"allow":["GET"]}}],"collection":[{"href":"http:\/\/forst.igbau.nrw\/index.php?rest_route=\/wp\/v2\/posts"}],"about":[{"href":"http:\/\/forst.igbau.nrw\/index.php?rest_route=\/wp\/v2\/types\/post"}],"author":[{"embeddable":true,"href":"http:\/\/forst.igbau.nrw\/index.php?rest_route=\/wp\/v2\/users\/2"}],"replies":[{"embeddable":true,"href":"http:\/\/forst.igbau.nrw\/index.php?rest_route=%2Fwp%2Fv2%2Fcomments&post=1755"}],"version-history":[{"count":1,"href":"http:\/\/forst.igbau.nrw\/index.php?rest_route=\/wp\/v2\/posts\/1755\/revisions"}],"predecessor-version":[{"id":1757,"href":"http:\/\/forst.igbau.nrw\/index.php?rest_route=\/wp\/v2\/posts\/1755\/revisions\/1757"}],"wp:featuredmedia":[{"embeddable":true,"href":"http:\/\/forst.igbau.nrw\/index.php?rest_route=\/wp\/v2\/media\/1756"}],"wp:attachment":[{"href":"http:\/\/forst.igbau.nrw\/index.php?rest_route=%2Fwp%2Fv2%2Fmedia&parent=1755"}],"wp:term":[{"taxonomy":"category","embeddable":true,"href":"http:\/\/forst.igbau.nrw\/index.php?rest_route=%2Fwp%2Fv2%2Fcategories&post=1755"},{"taxonomy":"post_tag","embeddable":true,"href":"http:\/\/forst.igbau.nrw\/index.php?rest_route=%2Fwp%2Fv2%2Ftags&post=1755"}],"curies":[{"name":"wp","href":"https:\/\/api.w.org\/{rel}","templated":true}]}}