{"id":1769,"date":"2020-06-19T11:29:05","date_gmt":"2020-06-19T11:29:05","guid":{"rendered":"http:\/\/forst.igbau.nrw\/?p=1769"},"modified":"2020-11-23T06:59:23","modified_gmt":"2020-11-23T06:59:23","slug":"online-umfrage-zur-kampagne-wald-klima-schutz","status":"publish","type":"post","link":"http:\/\/forst.igbau.nrw\/?p=1769","title":{"rendered":"Online-Umfrage zur Kampagne WALD KLIMA SCHUTZ"},"content":{"rendered":"<p>Ab heute startet die Online-Umfrage zur Kampagne WALD KLIMA SCHUTZ der IG BAU. Wir befragen Praktikerinnen und Praktiker aus dem Wald und Naturschutz wie ihre Arbeitsbelastung in den Zeiten des Klimawandels, der die Forstwirtschaft und den Naturschutz beeinflusst und ver\u00e4ndert.<br \/>\nWir wollen von Ihnen wissen: Wie hat sich die Arbeit klimawandelbedingt ver\u00e4ndert? Haben Belastungen zugenommen und sind welche dazugekommen? Gibt es regionale Unterschiede?<\/p>\n<p>Wir freuen uns, wenn Sie selbst an der Umfrage teilnehmen und sie unter Ihren Berufskolleg*innen m\u00f6glichst weit verbreiten. Es k\u00f6nnen ausdr\u00fccklich auch Kolleginnen und Kollegen teilnehmen, die nicht Mitglied in der IG BAU sind.<br \/>\nBenutzen Sie auch gern die Sozialen Medien f\u00fcr die Verbreitung: Der Umfragelink ist auf den Seiten der IG BAU bei Instagram, Facebook und Twitter sowie unserer Website zu finden.<\/p>\n<p><a href=\"https:\/\/www.netigate.se\/ra\/s.aspx?s=879879X229940264X56271\"><img data-recalc-dims=\"1\" fetchpriority=\"high\" decoding=\"async\" data-attachment-id=\"1766\" data-permalink=\"http:\/\/forst.igbau.nrw\/?attachment_id=1766\" data-orig-file=\"https:\/\/i0.wp.com\/forst.igbau.nrw\/wp-content\/uploads\/2020\/06\/Kampagne_Sreenshot.png?fit=1589%2C1081\" data-orig-size=\"1589,1081\" data-comments-opened=\"1\" data-image-meta=\"{&quot;aperture&quot;:&quot;0&quot;,&quot;credit&quot;:&quot;&quot;,&quot;camera&quot;:&quot;&quot;,&quot;caption&quot;:&quot;&quot;,&quot;created_timestamp&quot;:&quot;0&quot;,&quot;copyright&quot;:&quot;&quot;,&quot;focal_length&quot;:&quot;0&quot;,&quot;iso&quot;:&quot;0&quot;,&quot;shutter_speed&quot;:&quot;0&quot;,&quot;title&quot;:&quot;&quot;,&quot;orientation&quot;:&quot;0&quot;}\" data-image-title=\"Kampagne_Sreenshot\" data-image-description=\"\" data-image-caption=\"\" data-large-file=\"https:\/\/i0.wp.com\/forst.igbau.nrw\/wp-content\/uploads\/2020\/06\/Kampagne_Sreenshot.png?fit=640%2C436\" class=\"aligncenter wp-image-1766 size-large\" src=\"https:\/\/i0.wp.com\/forst.igbau.nrw\/wp-content\/uploads\/2020\/06\/Kampagne_Sreenshot.png?resize=640%2C435\" alt=\"\" width=\"640\" height=\"435\" srcset=\"https:\/\/i0.wp.com\/forst.igbau.nrw\/wp-content\/uploads\/2020\/06\/Kampagne_Sreenshot.png?resize=1024%2C697 1024w, https:\/\/i0.wp.com\/forst.igbau.nrw\/wp-content\/uploads\/2020\/06\/Kampagne_Sreenshot.png?resize=300%2C204 300w, https:\/\/i0.wp.com\/forst.igbau.nrw\/wp-content\/uploads\/2020\/06\/Kampagne_Sreenshot.png?resize=768%2C522 768w, https:\/\/i0.wp.com\/forst.igbau.nrw\/wp-content\/uploads\/2020\/06\/Kampagne_Sreenshot.png?resize=1536%2C1045 1536w, https:\/\/i0.wp.com\/forst.igbau.nrw\/wp-content\/uploads\/2020\/06\/Kampagne_Sreenshot.png?resize=1140%2C776 1140w, https:\/\/i0.wp.com\/forst.igbau.nrw\/wp-content\/uploads\/2020\/06\/Kampagne_Sreenshot.png?w=1589 1589w, https:\/\/i0.wp.com\/forst.igbau.nrw\/wp-content\/uploads\/2020\/06\/Kampagne_Sreenshot.png?w=1280 1280w\" sizes=\"(max-width: 640px) 100vw, 640px\" \/><\/a><\/p>\n<p>Die Umfrage l\u00e4uft bis Ende August. Die Ergebnisse werden auf den Mitgliederversammlungen der IG BAU im Herbst vorgestellt und im Nachgang ver\u00f6ffentlicht.<\/p>\n<p>Hier findet Ihr einen Link, der Euch direkt zur Umfrage bringt: <a href=\"https:\/\/kurzelinks.de\/0ky8\">https:\/\/kurzelinks.de\/0ky8<\/a><\/p>\n<p>Vielen Dank im Voraus f\u00fcr die Teilnahme und Verbreitung!<\/p>\n<p>&nbsp;<\/p>\n<p>Ihre IG BAU<\/p>\n","protected":false},"excerpt":{"rendered":"<p>Ab heute startet die Online-Umfrage zur Kampagne WALD KLIMA SCHUTZ der IG BAU. Wir befragen Praktikerinnen und Praktiker aus dem Wald und<\/p>\n<p class=\"link-more\"><a class=\"myButt \" href=\"http:\/\/forst.igbau.nrw\/?p=1769\">Weitere Infos &#8230;<\/a><\/p>\n","protected":false},"author":1,"featured_media":1770,"comment_status":"closed","ping_status":"open","sticky":false,"template":"","format":"standard","meta":{"ngg_post_thumbnail":0,"jetpack_post_was_ever_published":false,"_jetpack_newsletter_access":"","_jetpack_dont_email_post_to_subs":false,"_jetpack_newsletter_tier_id":0,"_jetpack_memberships_contains_paywalled_content":false,"_jetpack_memberships_contains_paid_content":false,"footnotes":"","jetpack_publicize_message":"","jetpack_publicize_feature_enabled":true,"jetpack_social_post_already_shared":false,"jetpack_social_options":{"image_generator_settings":{"template":"highway","default_image_id":0,"font":"","enabled":false},"version":2}},"categories":[5],"tags":[],"class_list":["post-1769","post","type-post","status-publish","format-standard","has-post-thumbnail","hentry","category-forstwirtschaft"],"jetpack_publicize_connections":[],"jetpack_featured_media_url":"https:\/\/i0.wp.com\/forst.igbau.nrw\/wp-content\/uploads\/2020\/06\/Waldfotos_Sauerland_08.jpg?fit=1562%2C936","jetpack_sharing_enabled":true,"jetpack_shortlink":"https:\/\/wp.me\/p8x7f7-sx","jetpack-related-posts":[],"_links":{"self":[{"href":"http:\/\/forst.igbau.nrw\/index.php?rest_route=\/wp\/v2\/posts\/1769","targetHints":{"allow":["GET"]}}],"collection":[{"href":"http:\/\/forst.igbau.nrw\/index.php?rest_route=\/wp\/v2\/posts"}],"about":[{"href":"http:\/\/forst.igbau.nrw\/index.php?rest_route=\/wp\/v2\/types\/post"}],"author":[{"embeddable":true,"href":"http:\/\/forst.igbau.nrw\/index.php?rest_route=\/wp\/v2\/users\/1"}],"replies":[{"embeddable":true,"href":"http:\/\/forst.igbau.nrw\/index.php?rest_route=%2Fwp%2Fv2%2Fcomments&post=1769"}],"version-history":[{"count":1,"href":"http:\/\/forst.igbau.nrw\/index.php?rest_route=\/wp\/v2\/posts\/1769\/revisions"}],"predecessor-version":[{"id":1771,"href":"http:\/\/forst.igbau.nrw\/index.php?rest_route=\/wp\/v2\/posts\/1769\/revisions\/1771"}],"wp:featuredmedia":[{"embeddable":true,"href":"http:\/\/forst.igbau.nrw\/index.php?rest_route=\/wp\/v2\/media\/1770"}],"wp:attachment":[{"href":"http:\/\/forst.igbau.nrw\/index.php?rest_route=%2Fwp%2Fv2%2Fmedia&parent=1769"}],"wp:term":[{"taxonomy":"category","embeddable":true,"href":"http:\/\/forst.igbau.nrw\/index.php?rest_route=%2Fwp%2Fv2%2Fcategories&post=1769"},{"taxonomy":"post_tag","embeddable":true,"href":"http:\/\/forst.igbau.nrw\/index.php?rest_route=%2Fwp%2Fv2%2Ftags&post=1769"}],"curies":[{"name":"wp","href":"https:\/\/api.w.org\/{rel}","templated":true}]}}