{"id":1791,"date":"2020-07-03T09:56:29","date_gmt":"2020-07-03T09:56:29","guid":{"rendered":"http:\/\/forst.igbau.nrw\/?p=1791"},"modified":"2020-11-23T06:59:23","modified_gmt":"2020-11-23T06:59:23","slug":"ig-bau-in-der-jugendvertretungen-der-personalraete","status":"publish","type":"post","link":"http:\/\/forst.igbau.nrw\/?p=1791","title":{"rendered":"IG BAU in den Jugendvertretungen der Personalr\u00e4te"},"content":{"rendered":"<p>Mitbestimmung in der Betrieben und Verwaltungen betrifft nat\u00fcrlich auch oder gerade die J\u00fcngeren Besch\u00e4ftigten und Auszubildenden. F\u00fcr diese oft speziellen Fragen und Herausforderungen gibt es die Vertretungen der Jugend und Auszubildenden bei den Personalr\u00e4ten. Die Junge IG BAU unterst\u00fctzt unsere JAV Mitglieder unter anderem mit Materialien, Fortbildungen und Beratung.<\/p>\n<p>Einen \u00dcberblick bekommt man auf der Webseite <a href=\"http:\/\/jav-portal.de\/junge-bau.html\" target=\"_blank\" rel=\"noopener noreferrer\">jav-portal.de<\/a><\/p>\n<p><a href=\"http:\/\/jav-portal.de\/junge-bau.html\" target=\"_blank\" rel=\"noopener noreferrer\"><img data-recalc-dims=\"1\" fetchpriority=\"high\" decoding=\"async\" data-attachment-id=\"1792\" data-permalink=\"http:\/\/forst.igbau.nrw\/?attachment_id=1792\" data-orig-file=\"https:\/\/i0.wp.com\/forst.igbau.nrw\/wp-content\/uploads\/2020\/07\/JAV_Angebot_Portal.png?fit=876%2C1102\" data-orig-size=\"876,1102\" data-comments-opened=\"1\" data-image-meta=\"{&quot;aperture&quot;:&quot;0&quot;,&quot;credit&quot;:&quot;&quot;,&quot;camera&quot;:&quot;&quot;,&quot;caption&quot;:&quot;&quot;,&quot;created_timestamp&quot;:&quot;0&quot;,&quot;copyright&quot;:&quot;&quot;,&quot;focal_length&quot;:&quot;0&quot;,&quot;iso&quot;:&quot;0&quot;,&quot;shutter_speed&quot;:&quot;0&quot;,&quot;title&quot;:&quot;&quot;,&quot;orientation&quot;:&quot;0&quot;}\" data-image-title=\"JAV_Angebot_Portal\" data-image-description=\"\" data-image-caption=\"\" data-large-file=\"https:\/\/i0.wp.com\/forst.igbau.nrw\/wp-content\/uploads\/2020\/07\/JAV_Angebot_Portal.png?fit=640%2C805\" class=\"aligncenter wp-image-1792 size-medium\" src=\"https:\/\/i0.wp.com\/forst.igbau.nrw\/wp-content\/uploads\/2020\/07\/JAV_Angebot_Portal.png?resize=238%2C300\" alt=\"\" width=\"238\" height=\"300\" srcset=\"https:\/\/i0.wp.com\/forst.igbau.nrw\/wp-content\/uploads\/2020\/07\/JAV_Angebot_Portal.png?resize=238%2C300 238w, https:\/\/i0.wp.com\/forst.igbau.nrw\/wp-content\/uploads\/2020\/07\/JAV_Angebot_Portal.png?resize=814%2C1024 814w, https:\/\/i0.wp.com\/forst.igbau.nrw\/wp-content\/uploads\/2020\/07\/JAV_Angebot_Portal.png?resize=768%2C966 768w, https:\/\/i0.wp.com\/forst.igbau.nrw\/wp-content\/uploads\/2020\/07\/JAV_Angebot_Portal.png?w=876 876w\" sizes=\"(max-width: 238px) 100vw, 238px\" \/><\/a><\/p>\n","protected":false},"excerpt":{"rendered":"<p>Mitbestimmung in der Betrieben und Verwaltungen betrifft nat\u00fcrlich auch oder gerade die J\u00fcngeren Besch\u00e4ftigten und Auszubildenden. F\u00fcr diese oft speziellen Fragen und<\/p>\n<p class=\"link-more\"><a class=\"myButt \" href=\"http:\/\/forst.igbau.nrw\/?p=1791\">Weitere Infos &#8230;<\/a><\/p>\n","protected":false},"author":2,"featured_media":0,"comment_status":"closed","ping_status":"open","sticky":false,"template":"","format":"standard","meta":{"ngg_post_thumbnail":0,"jetpack_post_was_ever_published":false,"_jetpack_newsletter_access":"","_jetpack_dont_email_post_to_subs":false,"_jetpack_newsletter_tier_id":0,"_jetpack_memberships_contains_paywalled_content":false,"_jetpack_memberships_contains_paid_content":false,"footnotes":"","jetpack_publicize_message":"","jetpack_publicize_feature_enabled":true,"jetpack_social_post_already_shared":false,"jetpack_social_options":{"image_generator_settings":{"template":"highway","default_image_id":0,"font":"","enabled":false},"version":2}},"categories":[21,8],"tags":[],"class_list":["post-1791","post","type-post","status-publish","format-standard","hentry","category-dgb-gewerkschaften","category-ig-bau"],"jetpack_publicize_connections":[],"jetpack_featured_media_url":"","jetpack_sharing_enabled":true,"jetpack_shortlink":"https:\/\/wp.me\/p8x7f7-sT","jetpack-related-posts":[],"_links":{"self":[{"href":"http:\/\/forst.igbau.nrw\/index.php?rest_route=\/wp\/v2\/posts\/1791","targetHints":{"allow":["GET"]}}],"collection":[{"href":"http:\/\/forst.igbau.nrw\/index.php?rest_route=\/wp\/v2\/posts"}],"about":[{"href":"http:\/\/forst.igbau.nrw\/index.php?rest_route=\/wp\/v2\/types\/post"}],"author":[{"embeddable":true,"href":"http:\/\/forst.igbau.nrw\/index.php?rest_route=\/wp\/v2\/users\/2"}],"replies":[{"embeddable":true,"href":"http:\/\/forst.igbau.nrw\/index.php?rest_route=%2Fwp%2Fv2%2Fcomments&post=1791"}],"version-history":[{"count":3,"href":"http:\/\/forst.igbau.nrw\/index.php?rest_route=\/wp\/v2\/posts\/1791\/revisions"}],"predecessor-version":[{"id":1795,"href":"http:\/\/forst.igbau.nrw\/index.php?rest_route=\/wp\/v2\/posts\/1791\/revisions\/1795"}],"wp:attachment":[{"href":"http:\/\/forst.igbau.nrw\/index.php?rest_route=%2Fwp%2Fv2%2Fmedia&parent=1791"}],"wp:term":[{"taxonomy":"category","embeddable":true,"href":"http:\/\/forst.igbau.nrw\/index.php?rest_route=%2Fwp%2Fv2%2Fcategories&post=1791"},{"taxonomy":"post_tag","embeddable":true,"href":"http:\/\/forst.igbau.nrw\/index.php?rest_route=%2Fwp%2Fv2%2Ftags&post=1791"}],"curies":[{"name":"wp","href":"https:\/\/api.w.org\/{rel}","templated":true}]}}