{"id":1799,"date":"2020-07-28T09:37:34","date_gmt":"2020-07-28T09:37:34","guid":{"rendered":"http:\/\/forst.igbau.nrw\/?p=1799"},"modified":"2020-11-23T06:59:23","modified_gmt":"2020-11-23T06:59:23","slug":"mit-thomas-kutschaty-und-andre-stinka-im-arnsberger-wald","status":"publish","type":"post","link":"http:\/\/forst.igbau.nrw\/?p=1799","title":{"rendered":"Mit Thomas Kutschaty und Andre Stinka im Arnsberger Wald."},"content":{"rendered":"<p>Die Landesvertretung&nbsp; in NRW konnte am 23.07. den Vorsitzenden der SPD-Fraktion im Landtag NRW, Thomas Kutschaty in Begleitung seines Mitarbeiter Peter Marchlewski und dem&nbsp; Landtagsabgeordneten Andr\u00e9 Stinka im Arnsberger Wald zu einem Fachgespr\u00e4ch begr\u00fc\u00dfen. Anhand der Waldbilder in der N\u00e4he von Neuhaus bei Breitenbruch konnten alle Stadien der aktuellen Katatstrophe in den W\u00e4ldern Nordrhein-Westfalens erkl\u00e4rt und besprochen werden. Die Landesvertretung wurde in diesem Termin unterst\u00fctzt durch den IG BAU Gewerkschaftsekret\u00e4r Reinhard Steffen.<\/p>\n<p><a href=\"https:\/\/i0.wp.com\/forst.igbau.nrw\/wp-content\/uploads\/2020\/07\/20200723_144250_copy_864x864.jpg\"><img data-recalc-dims=\"1\" fetchpriority=\"high\" decoding=\"async\" data-attachment-id=\"1802\" data-permalink=\"http:\/\/forst.igbau.nrw\/?attachment_id=1802\" data-orig-file=\"https:\/\/i0.wp.com\/forst.igbau.nrw\/wp-content\/uploads\/2020\/07\/20200723_144250_copy_864x864.jpg?fit=432%2C324\" data-orig-size=\"432,324\" data-comments-opened=\"1\" data-image-meta=\"{&quot;aperture&quot;:&quot;0&quot;,&quot;credit&quot;:&quot;Peter Wicke&quot;,&quot;camera&quot;:&quot;&quot;,&quot;caption&quot;:&quot;&quot;,&quot;created_timestamp&quot;:&quot;1595930480&quot;,&quot;copyright&quot;:&quot;Peter Wicke&quot;,&quot;focal_length&quot;:&quot;0&quot;,&quot;iso&quot;:&quot;0&quot;,&quot;shutter_speed&quot;:&quot;0&quot;,&quot;title&quot;:&quot;&quot;,&quot;orientation&quot;:&quot;1&quot;}\" data-image-title=\"20200723_144250_copy_864x864\" data-image-description=\"\" data-image-caption=\"\" data-large-file=\"https:\/\/i0.wp.com\/forst.igbau.nrw\/wp-content\/uploads\/2020\/07\/20200723_144250_copy_864x864.jpg?fit=432%2C324\" class=\"aligncenter size-full wp-image-1802\" src=\"https:\/\/i0.wp.com\/forst.igbau.nrw\/wp-content\/uploads\/2020\/07\/20200723_144250_copy_864x864.jpg?resize=432%2C324\" alt=\"\" width=\"432\" height=\"324\" srcset=\"https:\/\/i0.wp.com\/forst.igbau.nrw\/wp-content\/uploads\/2020\/07\/20200723_144250_copy_864x864.jpg?w=432 432w, https:\/\/i0.wp.com\/forst.igbau.nrw\/wp-content\/uploads\/2020\/07\/20200723_144250_copy_864x864.jpg?resize=300%2C225 300w\" sizes=\"(max-width: 432px) 100vw, 432px\" \/><\/a>Peter Wicke LV, Pia Beckers LV, Thomas Kutschaty SPD, Andr\u00e8 Stinka SPD, Reinhard Steffen IGBAU.<\/p>\n<p>Entlang der &#8222;Gro\u00dfen Schmalenau&#8220; f\u00fchrte die Tour durch die zum Teil bereits abger\u00e4umten Waldfl\u00e4chen auf denen die Fichte der D\u00fcrre und dem Borkenk\u00e4ferbefall zum Opfer gefallen ist.<\/p>\n<p>Die damit verbundenen Auswirkungen und Folgen, wie Verlust des nachwachsenden Rohstoffes Fichte als Baumaterial, die Erosionsgefahr, der \u00f6konomische Verlust durch den Preisverfall und den Wertverlust des Holzes, die Gefahren f\u00fcr die Arbeiten im Wald und die Besucher des Waldes und vieles mehr konnten anhand der Waldbilder angesprochen werden.<\/p>\n<p>Auch die M\u00f6glichkeiten zumindest einen Teil des Holzes einer angemessenen Verwendung zuzuf\u00fchren wurde anhand der Folienlager erl\u00e4utert.<\/p>\n<p><a href=\"https:\/\/i0.wp.com\/forst.igbau.nrw\/wp-content\/uploads\/2020\/07\/Waldscha%CC%88den_Breitenbruch_2020_05_12.jpg\"><img data-recalc-dims=\"1\" decoding=\"async\" data-attachment-id=\"1801\" data-permalink=\"http:\/\/forst.igbau.nrw\/?attachment_id=1801\" data-orig-file=\"https:\/\/i0.wp.com\/forst.igbau.nrw\/wp-content\/uploads\/2020\/07\/Waldscha%CC%88den_Breitenbruch_2020_05_12.jpg?fit=1616%2C1212\" data-orig-size=\"1616,1212\" data-comments-opened=\"1\" data-image-meta=\"{&quot;aperture&quot;:&quot;7.1&quot;,&quot;credit&quot;:&quot;&quot;,&quot;camera&quot;:&quot;DMC-G81&quot;,&quot;caption&quot;:&quot;&quot;,&quot;created_timestamp&quot;:&quot;1588604579&quot;,&quot;copyright&quot;:&quot;&quot;,&quot;focal_length&quot;:&quot;12&quot;,&quot;iso&quot;:&quot;200&quot;,&quot;shutter_speed&quot;:&quot;0.0025&quot;,&quot;title&quot;:&quot;&quot;,&quot;orientation&quot;:&quot;1&quot;}\" data-image-title=\"Waldscha\u0308den_Breitenbruch_2020_05_12\" data-image-description=\"\" data-image-caption=\"\" data-large-file=\"https:\/\/i0.wp.com\/forst.igbau.nrw\/wp-content\/uploads\/2020\/07\/Waldscha%CC%88den_Breitenbruch_2020_05_12.jpg?fit=640%2C480\" class=\"aligncenter size-large wp-image-1801\" src=\"https:\/\/i0.wp.com\/forst.igbau.nrw\/wp-content\/uploads\/2020\/07\/Waldscha%CC%88den_Breitenbruch_2020_05_12.jpg?resize=640%2C480\" alt=\"\" width=\"640\" height=\"480\" srcset=\"https:\/\/i0.wp.com\/forst.igbau.nrw\/wp-content\/uploads\/2020\/07\/Waldscha%CC%88den_Breitenbruch_2020_05_12.jpg?resize=1024%2C768 1024w, https:\/\/i0.wp.com\/forst.igbau.nrw\/wp-content\/uploads\/2020\/07\/Waldscha%CC%88den_Breitenbruch_2020_05_12.jpg?resize=300%2C225 300w, https:\/\/i0.wp.com\/forst.igbau.nrw\/wp-content\/uploads\/2020\/07\/Waldscha%CC%88den_Breitenbruch_2020_05_12.jpg?resize=768%2C576 768w, https:\/\/i0.wp.com\/forst.igbau.nrw\/wp-content\/uploads\/2020\/07\/Waldscha%CC%88den_Breitenbruch_2020_05_12.jpg?resize=1536%2C1152 1536w, https:\/\/i0.wp.com\/forst.igbau.nrw\/wp-content\/uploads\/2020\/07\/Waldscha%CC%88den_Breitenbruch_2020_05_12.jpg?resize=1140%2C855 1140w, https:\/\/i0.wp.com\/forst.igbau.nrw\/wp-content\/uploads\/2020\/07\/Waldscha%CC%88den_Breitenbruch_2020_05_12.jpg?w=1616 1616w, https:\/\/i0.wp.com\/forst.igbau.nrw\/wp-content\/uploads\/2020\/07\/Waldscha%CC%88den_Breitenbruch_2020_05_12.jpg?w=1280 1280w\" sizes=\"(max-width: 640px) 100vw, 640px\" \/><\/a>Folienlager von Wald und Holz NRW<\/p>\n<p>Als Problem stellte die IG BAU Landesvertretung im Termin die aktuelle Wahrnehmung der Gesellschaft zu Diskussion, bedingt durch die alles bestimmende COVID 19 Pandemie findet die katastrophale Situation im Wald derzeit nur als Randnotiz statt. Trotz der zugesagten Finanzmittel f\u00fcr den Wald, die in keinem Verh\u00e4ltnis zu anderen Unterst\u00fctzungsleistungen f\u00fcr die Industrie durch Bund und L\u00e4nder stehen, werden diese nicht ausreichen um die W\u00e4lder bzw. die Wiederbewaldungzu sichern .<\/p>\n<p>Hinzu kommt, dass die Finanzimittel derzeit pauschal an den Waldbesitz gezahlt werden sollen, eine zielgerichtete Waldpolitik sieht anders aus, aktuell scheint das politische Vorgehen leider von hektischer Planlosigkeit gepr\u00e4gt.<\/p>\n<p>Vor dem Hintergrund der langfristigen Aufgabe den Wald und auch die multifunktionale Forstwirtschaft zu erhalten wurde im Termin auch die aktuelle Situation der Besch\u00e4ftigten in der Landesforstverwaltung in NRW besprochen, in vielen Bereichen sind die Kolleginnen und Kollegen zunehmend \u00fcberlastet mit dem derzeitigen Mehraufwand an Aufgaben.<\/p>\n<p style=\"text-align: left;\">Im Wald fand der Lockdown nicht statt!<\/p>\n<p>Dazu geh\u00f6rt auch die chronische Unterbesetzung der forstlichen Fachleute im MULNV, dieses Thema wurde schon \u00f6fter durch die IG BAU auch an Frau Ministerin Heinen-Esser gerichtet, die Forderung hier das Personal aufzustocken blieb bisher jedoch ohne nennenswertes Ergebnis.<\/p>\n<p>Dazu kommt die wiederholt geforderte Bereitstellung von Finanzmitteln auch f\u00fcr den Landesbetrieb um zumindest f\u00fcr einen mittelfristigen Zeitraum das Personal aufzustocken.<\/p>\n<p>Bis jetzt wird trotz der absehbaren langfristigen Anforderungen an Wald und Holz NRW lediglich mit der Zuweisung von zus\u00e4tzliche Mitteln f\u00fcr max. 20 befristete Besch\u00e4ftigte versucht die Belastungen durch die Kalamit\u00e4t &#8222;abzumildern&#8220;.<\/p>\n<p>Bei der derzeitigen Arbeitsmarktlage keine wirklich erfolgsversprechende Vorgehensweise, die Fluktuation und Verweildauer auf diesen Stellen ist meist dementsprechend kurz.<\/p>\n<p>Eine \u00fcbergeordnete Forderung nach Priorisierung der Aufgaben an den Landesbetrieb f\u00fcr die Kolleginnen und Kollegen auf der Fl\u00e4che um der aktuellen Situation entgegen treten zu k\u00f6nnen, zeugt hier leider von Unkenntnis oder aber Missachtung der vielf\u00e4ltigen Aufgaben die \u00fcber das ganz Bundesland verteilt trotz Kalamit\u00e4t f\u00fcr den Landesbetrieb auch weiter anfallen und nicht nicht einfach ausgesetzt werden k\u00f6nnen.<\/p>\n<p>Zu den zus\u00e4tzlichen aktuellen Aufgaben z\u00e4hlen unter anderem die Umstellung auf die Direkte F\u00f6rderung, die Abarbeitung der Antr\u00e4ge aus der <a href=\"https:\/\/www.wald-und-holz.nrw.de\/forstwirtschaft\/foerderung\/extremwetter\/\" target=\"_blank\" rel=\"noopener noreferrer\">Extremwetterrichtlinie<\/a>, die Bearbeitung der Kalamit\u00e4tsfl\u00e4chen, die zwingend erforderliche Wiederbewaldung, die Durchf\u00fchrung des Verbi\u00dfmonitoring, die Einf\u00fchrung des E-Government Projektes der Landesregierung und vieles mehr.<\/p>\n<p>Die Landesvertretung der IG BAU stellte im Termin auch die Idee eines Kaufs oder der langfristigen Anpachtung von Waldfl\u00e4chen durch das Land NRW zur Diskussion. Der Vorschlag damit den Wald zu erhalten, z.b.&nbsp; wenn der Waldbesitz aus \u00f6konomischen oder anderen \u00dcberlegungen seinen Wald nicht mehr bewirtschaften kann oder will, so w\u00e4re dies eine M\u00f6glichkeit hier den Wald zu bewahren.<\/p>\n<p>Das Thema wurde bereits am 20.05.2020 im Ausschuss f\u00fcr Umwelt, Landwirtschaft, Natur- und Verbraucherschutz unter der \u00dcberschrift <a href=\"https:\/\/www.landtag.nrw.de\/portal\/WWW\/dokumentenarchiv\/Dokument\/MMA17-1012.pdf\" target=\"_blank\" rel=\"noopener noreferrer\">&#8222;Klimawandel ernst nehmen \u2013 Ma\u00dfnahmen zur Rettung der W\u00e4lder in NRW deutlich verst\u00e4rken!&#8220;<\/a> diskutiert und sollte ernsthaft weiter verfolgt werden.<\/p>\n<p>Im Sinne eines Generationenvertrages k\u00f6nnte damit die Gesellschaft teilhaben an einem langfristigen Erhalt der W\u00e4lder.<\/p>\n<p>Zum Abschluss des Termins nach mehr als 2 Stunden waren sich alle Beteiligten einig dar\u00fcber das der Wald eine breite Unterst\u00fctzung aus Politik und Gesellschaft ben\u00f6tigt um auch im Klimawandel alle Funktionen erf\u00fcllen zu k\u00f6nnen.<\/p>\n<p>Wir danken Herrn Kutschaty und Herrn Stinka f\u00fcr das Interesse und den guten Termin f\u00fcr den Wald.<\/p>\n<p>&nbsp;<\/p>\n","protected":false},"excerpt":{"rendered":"<p>Die Landesvertretung&nbsp; in NRW konnte am 23.07. den Vorsitzenden der SPD-Fraktion im Landtag NRW, Thomas Kutschaty in Begleitung seines Mitarbeiter Peter Marchlewski<\/p>\n<p class=\"link-more\"><a class=\"myButt \" href=\"http:\/\/forst.igbau.nrw\/?p=1799\">Weitere Infos &#8230;<\/a><\/p>\n","protected":false},"author":2,"featured_media":1800,"comment_status":"closed","ping_status":"open","sticky":false,"template":"","format":"standard","meta":{"ngg_post_thumbnail":0,"jetpack_post_was_ever_published":false,"_jetpack_newsletter_access":"","_jetpack_dont_email_post_to_subs":false,"_jetpack_newsletter_tier_id":0,"_jetpack_memberships_contains_paywalled_content":false,"_jetpack_memberships_contains_paid_content":false,"footnotes":"","jetpack_publicize_message":"","jetpack_publicize_feature_enabled":true,"jetpack_social_post_already_shared":false,"jetpack_social_options":{"image_generator_settings":{"template":"highway","default_image_id":0,"font":"","enabled":false},"version":2}},"categories":[5],"tags":[],"class_list":["post-1799","post","type-post","status-publish","format-standard","has-post-thumbnail","hentry","category-forstwirtschaft"],"jetpack_publicize_connections":[],"jetpack_featured_media_url":"https:\/\/i0.wp.com\/forst.igbau.nrw\/wp-content\/uploads\/2020\/07\/Waldscha%CC%88den_Breitenbruch_2020_05_17.jpg?fit=1576%2C945","jetpack_sharing_enabled":true,"jetpack_shortlink":"https:\/\/wp.me\/p8x7f7-t1","jetpack-related-posts":[],"_links":{"self":[{"href":"http:\/\/forst.igbau.nrw\/index.php?rest_route=\/wp\/v2\/posts\/1799","targetHints":{"allow":["GET"]}}],"collection":[{"href":"http:\/\/forst.igbau.nrw\/index.php?rest_route=\/wp\/v2\/posts"}],"about":[{"href":"http:\/\/forst.igbau.nrw\/index.php?rest_route=\/wp\/v2\/types\/post"}],"author":[{"embeddable":true,"href":"http:\/\/forst.igbau.nrw\/index.php?rest_route=\/wp\/v2\/users\/2"}],"replies":[{"embeddable":true,"href":"http:\/\/forst.igbau.nrw\/index.php?rest_route=%2Fwp%2Fv2%2Fcomments&post=1799"}],"version-history":[{"count":6,"href":"http:\/\/forst.igbau.nrw\/index.php?rest_route=\/wp\/v2\/posts\/1799\/revisions"}],"predecessor-version":[{"id":1812,"href":"http:\/\/forst.igbau.nrw\/index.php?rest_route=\/wp\/v2\/posts\/1799\/revisions\/1812"}],"wp:featuredmedia":[{"embeddable":true,"href":"http:\/\/forst.igbau.nrw\/index.php?rest_route=\/wp\/v2\/media\/1800"}],"wp:attachment":[{"href":"http:\/\/forst.igbau.nrw\/index.php?rest_route=%2Fwp%2Fv2%2Fmedia&parent=1799"}],"wp:term":[{"taxonomy":"category","embeddable":true,"href":"http:\/\/forst.igbau.nrw\/index.php?rest_route=%2Fwp%2Fv2%2Fcategories&post=1799"},{"taxonomy":"post_tag","embeddable":true,"href":"http:\/\/forst.igbau.nrw\/index.php?rest_route=%2Fwp%2Fv2%2Ftags&post=1799"}],"curies":[{"name":"wp","href":"https:\/\/api.w.org\/{rel}","templated":true}]}}