{"id":1819,"date":"2020-08-23T18:30:42","date_gmt":"2020-08-23T18:30:42","guid":{"rendered":"http:\/\/forst.igbau.nrw\/?p=1819"},"modified":"2020-11-23T06:59:23","modified_gmt":"2020-11-23T06:59:23","slug":"wochenarbeitszeit-langzeitarbeitskonten-sowie-verfallschutz-von-mehrarbeit","status":"publish","type":"post","link":"http:\/\/forst.igbau.nrw\/?p=1819","title":{"rendered":"Wochenarbeitszeit, Langzeitarbeitskonten sowie Verfallschutz von Mehrarbeit"},"content":{"rendered":"<p>Steigerung der Attraktivit\u00e4t des \u00f6ffentlichen Dienstes \u2013 Attraktive Arbeitszeiten geh\u00f6ren f\u00fcr uns oben auf die Agenda.<\/p>\n<p><a href=\"https:\/\/nrw.dgb.de\/archiv\/++co++3d9a7388-dc9f-11ea-9e25-001a4a160123\" target=\"_blank\" rel=\"noopener noreferrer\">Zu diesen Themen haben sich in einem ersten Arbeitsgruppentreffen <span class=\"usercontent\">Vertreter*innen der DGB-Gewerkschaften<\/span> mit Vertretern der Landesregierung getroffen.<\/a><\/p>\n<p>Vor dem Hintergrund der Mehrarbeit und Belastungen in der Bew\u00e4ltigung der D\u00fcrresch\u00e4den im Wald beabsichtigt die IG BAU Landesvertretung \u00fcber die Personalvertretung beim Landesbetrieb Wald und Holz Nordrhein-Westfalen diese Thema ebenfalls als eine Option f\u00fcr die Besch\u00e4ftigten im Wald anzubieten.<\/p>\n<p>&nbsp;<\/p>\n<p>&nbsp;<\/p>\n","protected":false},"excerpt":{"rendered":"<p>Steigerung der Attraktivit\u00e4t des \u00f6ffentlichen Dienstes \u2013 Attraktive Arbeitszeiten geh\u00f6ren f\u00fcr uns oben auf die Agenda. Zu diesen Themen haben sich in<\/p>\n<p class=\"link-more\"><a class=\"myButt \" href=\"http:\/\/forst.igbau.nrw\/?p=1819\">Weitere Infos &#8230;<\/a><\/p>\n","protected":false},"author":2,"featured_media":0,"comment_status":"closed","ping_status":"open","sticky":false,"template":"","format":"standard","meta":{"ngg_post_thumbnail":0,"jetpack_post_was_ever_published":false,"_jetpack_newsletter_access":"","_jetpack_dont_email_post_to_subs":false,"_jetpack_newsletter_tier_id":0,"_jetpack_memberships_contains_paywalled_content":false,"_jetpack_memberships_contains_paid_content":false,"footnotes":"","jetpack_publicize_message":"","jetpack_publicize_feature_enabled":true,"jetpack_social_post_already_shared":true,"jetpack_social_options":{"image_generator_settings":{"template":"highway","default_image_id":0,"font":"","enabled":false},"version":2}},"categories":[5],"tags":[],"class_list":["post-1819","post","type-post","status-publish","format-standard","hentry","category-forstwirtschaft"],"jetpack_publicize_connections":[],"jetpack_featured_media_url":"","jetpack_sharing_enabled":true,"jetpack_shortlink":"https:\/\/wp.me\/p8x7f7-tl","jetpack-related-posts":[],"_links":{"self":[{"href":"http:\/\/forst.igbau.nrw\/index.php?rest_route=\/wp\/v2\/posts\/1819","targetHints":{"allow":["GET"]}}],"collection":[{"href":"http:\/\/forst.igbau.nrw\/index.php?rest_route=\/wp\/v2\/posts"}],"about":[{"href":"http:\/\/forst.igbau.nrw\/index.php?rest_route=\/wp\/v2\/types\/post"}],"author":[{"embeddable":true,"href":"http:\/\/forst.igbau.nrw\/index.php?rest_route=\/wp\/v2\/users\/2"}],"replies":[{"embeddable":true,"href":"http:\/\/forst.igbau.nrw\/index.php?rest_route=%2Fwp%2Fv2%2Fcomments&post=1819"}],"version-history":[{"count":1,"href":"http:\/\/forst.igbau.nrw\/index.php?rest_route=\/wp\/v2\/posts\/1819\/revisions"}],"predecessor-version":[{"id":1820,"href":"http:\/\/forst.igbau.nrw\/index.php?rest_route=\/wp\/v2\/posts\/1819\/revisions\/1820"}],"wp:attachment":[{"href":"http:\/\/forst.igbau.nrw\/index.php?rest_route=%2Fwp%2Fv2%2Fmedia&parent=1819"}],"wp:term":[{"taxonomy":"category","embeddable":true,"href":"http:\/\/forst.igbau.nrw\/index.php?rest_route=%2Fwp%2Fv2%2Fcategories&post=1819"},{"taxonomy":"post_tag","embeddable":true,"href":"http:\/\/forst.igbau.nrw\/index.php?rest_route=%2Fwp%2Fv2%2Ftags&post=1819"}],"curies":[{"name":"wp","href":"https:\/\/api.w.org\/{rel}","templated":true}]}}