{"id":182,"date":"2015-02-20T11:51:11","date_gmt":"2015-02-20T11:51:11","guid":{"rendered":"http:\/\/forst.igbau.nrw\/?p=182"},"modified":"2017-03-28T08:41:09","modified_gmt":"2017-03-28T08:41:09","slug":"erster-auftakt-zu-forstpolitischen-gespraechen","status":"publish","type":"post","link":"http:\/\/forst.igbau.nrw\/?p=182","title":{"rendered":"Erster Auftakt zu Forstpolitischen Gespr\u00e4chen"},"content":{"rendered":"<p>Am 19.02.2015 konnte die Landesvertretung Forst und Naturschutz NRW mit Andr\u00e9 Stinka (Generalsekret\u00e4r der NRW SPD) und Heiner Kiekebusch (SPD D\u00fclmen) als ersten Auftakt ein Gespr\u00e4ch \u00fcber forstpolitische Themen f\u00fchren. Als ehemaligen Sprecher der SPD-Landtagsfraktion f\u00fcr Umwelt-, Klima- und Verbraucherschutz im Landtag waren Andr\u00e9 Stinka die grunds\u00e4tzlichen Fragestellungen aus dem Bereich nicht unbekannt.<br \/>\nDie aktuellen Fragen jedoch mussten durch die IGBAU auf den letzten Stand gebracht werden. Hier standen nat\u00fcrlich die aktuelle Diskussion \u00fcber die Biodiversit\u00e4tsstrategie und damit auch die m\u00f6gliche Umsetzung der Stiftung Naturerbe in NRW auf der Agenda. Obwohl die Absicht zur Einrichtung einer &#8222;Stiftung f\u00fcr das Naturerbe&#8220; der IGBAU bereits aus dem Koalitionsvertrag bekannt ist, hat die Art und Weise wie in der Endfassung der Biodiversit\u00e4tsstrategie die Absichtserkl\u00e4rung jetzt an Fahrt aufnimmt f\u00fcr Unmut, vor allem unter den Besch\u00e4ftigten des Landesbetriebes Wald und Holz NRW gesorgt. Die IGBAU fordert alle Beteiligten auf, hier zur\u00fcck zu einer sachlichen Diskussion \u00fcber die Frage einer nachhaltigen Forstwirtschaft in NRW zu kommen.<\/p>\n<figure id=\"attachment_276\" aria-describedby=\"caption-attachment-276\" style=\"width: 640px\" class=\"wp-caption aligncenter\"><img data-recalc-dims=\"1\" fetchpriority=\"high\" decoding=\"async\" data-attachment-id=\"276\" data-permalink=\"http:\/\/forst.igbau.nrw\/?attachment_id=276\" data-orig-file=\"https:\/\/i0.wp.com\/forst.igbau.nrw\/wp-content\/uploads\/2015\/02\/SPD_IGBAU_2015.jpg?fit=2136%2C1424\" data-orig-size=\"2136,1424\" data-comments-opened=\"1\" data-image-meta=\"{&quot;aperture&quot;:&quot;4.5&quot;,&quot;credit&quot;:&quot;&quot;,&quot;camera&quot;:&quot;Canon EOS 1100D&quot;,&quot;caption&quot;:&quot;&quot;,&quot;created_timestamp&quot;:&quot;1424384609&quot;,&quot;copyright&quot;:&quot;&quot;,&quot;focal_length&quot;:&quot;35&quot;,&quot;iso&quot;:&quot;800&quot;,&quot;shutter_speed&quot;:&quot;0.016666666666667&quot;,&quot;title&quot;:&quot;&quot;,&quot;orientation&quot;:&quot;1&quot;}\" data-image-title=\"SPD_IGBAU_2015\" data-image-description=\"\" data-image-caption=\"&lt;p&gt;Andre Stinka, Peter Wicke, Heiner Kiekebusch, Marc Redemann&lt;\/p&gt;\n\" data-large-file=\"https:\/\/i0.wp.com\/forst.igbau.nrw\/wp-content\/uploads\/2015\/02\/SPD_IGBAU_2015.jpg?fit=640%2C427\" class=\"size-large wp-image-276\" src=\"https:\/\/i0.wp.com\/forst.igbau.nrw\/wp-content\/uploads\/2015\/02\/SPD_IGBAU_2015.jpg?resize=640%2C427\" alt=\"\" width=\"640\" height=\"427\" srcset=\"https:\/\/i0.wp.com\/forst.igbau.nrw\/wp-content\/uploads\/2015\/02\/SPD_IGBAU_2015.jpg?resize=1024%2C683 1024w, https:\/\/i0.wp.com\/forst.igbau.nrw\/wp-content\/uploads\/2015\/02\/SPD_IGBAU_2015.jpg?resize=300%2C200 300w, https:\/\/i0.wp.com\/forst.igbau.nrw\/wp-content\/uploads\/2015\/02\/SPD_IGBAU_2015.jpg?resize=768%2C512 768w, https:\/\/i0.wp.com\/forst.igbau.nrw\/wp-content\/uploads\/2015\/02\/SPD_IGBAU_2015.jpg?w=1280 1280w, https:\/\/i0.wp.com\/forst.igbau.nrw\/wp-content\/uploads\/2015\/02\/SPD_IGBAU_2015.jpg?w=1920 1920w\" sizes=\"(max-width: 640px) 100vw, 640px\" \/><figcaption id=\"caption-attachment-276\" class=\"wp-caption-text\">Andre Stinka, Peter Wicke, Heiner Kiekebusch, Marc Redemann<\/figcaption><\/figure>\n<p>In dem Gespr\u00e4ch stellte die Landesvertretung NRW gegen\u00fcber Herrn Stinka dar, dass nur eine Integration aller Funktionen des Waldes eine nachhaltige Nutzung aller Interessen erm\u00f6glicht. Aus unserer Sicht ist eine zunehmende Segregation der Funktionen der falsche Weg und gef\u00e4hrdet direkt und indirekt die Zukunftsf\u00e4higkeit der nordrhein-westf\u00e4lischen Forst- und Holzwirtschaft. Wir sind der Auffassung, dass gerade Wald und Holz NRW und die vielen Vorg\u00e4ngerinstitutionen die Voraussetzungen geschaffen haben \u00fcber die hier und heute diskutiert wird. Und die Kollegen und Kolleginnen haben \u00fcber viele Jahre hinweg bewiesen, dass die Verantwortung f\u00fcr den Wald bei Ihnen in guten H\u00e4nden liegt. Daher gibt es auch keine nachvollziehbaren Gr\u00fcnde davon abzuweichen<\/p>\n<p>Im weiteren Verlauf des sehr offenen Gespr\u00e4ches wurden auch die derzeit relevanten Themen wie die Umsetzung des \u00d6kologischen Jagdrechts in NRW, der Stand der Diskussion \u00fcber das Bundeskartellamtsverfahren in Baden W\u00fcrttemberg, die Waldstrategie NRW, die demografische Situation bei Wald und Holz NRW und andere aktuelle Themen der Forstwirtschaft in NRW diskutiert.<br \/>\nWir danken an dieser Stelle Herrn Stinka und Herrn Kiekebusch f\u00fcr das informative Gespr\u00e4ch in einer sehr freundlichen Atmosph\u00e4re. Abschlie\u00dfend wurde \u00fcbereinstimmend f\u00fcr die Zukunft eine regelm\u00e4\u00dfige Fortsetzung des Informationsaustausches \u00fcber alle Fragen die den Wald in NRW betreffen vereinbart.<\/p>\n","protected":false},"excerpt":{"rendered":"<p>Am 19.02.2015 konnte die Landesvertretung Forst und Naturschutz NRW mit Andr\u00e9 Stinka (Generalsekret\u00e4r der NRW SPD) und Heiner Kiekebusch (SPD D\u00fclmen) als<\/p>\n<p class=\"link-more\"><a class=\"myButt \" href=\"http:\/\/forst.igbau.nrw\/?p=182\">Weitere Infos &#8230;<\/a><\/p>\n","protected":false},"author":1,"featured_media":276,"comment_status":"open","ping_status":"open","sticky":false,"template":"","format":"standard","meta":{"ngg_post_thumbnail":0,"jetpack_post_was_ever_published":false,"_jetpack_newsletter_access":"","_jetpack_dont_email_post_to_subs":true,"_jetpack_newsletter_tier_id":0,"_jetpack_memberships_contains_paywalled_content":false,"_jetpack_memberships_contains_paid_content":false,"footnotes":"","jetpack_publicize_message":"","jetpack_publicize_feature_enabled":true,"jetpack_social_post_already_shared":false,"jetpack_social_options":{"image_generator_settings":{"template":"highway","default_image_id":0,"font":"","enabled":false},"version":2}},"categories":[4,8],"tags":[],"class_list":["post-182","post","type-post","status-publish","format-standard","has-post-thumbnail","hentry","category-forstpolitik","category-ig-bau"],"jetpack_publicize_connections":[],"jetpack_featured_media_url":"https:\/\/i0.wp.com\/forst.igbau.nrw\/wp-content\/uploads\/2015\/02\/SPD_IGBAU_2015.jpg?fit=2136%2C1424","jetpack_sharing_enabled":true,"jetpack_shortlink":"https:\/\/wp.me\/p8x7f7-2W","jetpack-related-posts":[],"_links":{"self":[{"href":"http:\/\/forst.igbau.nrw\/index.php?rest_route=\/wp\/v2\/posts\/182","targetHints":{"allow":["GET"]}}],"collection":[{"href":"http:\/\/forst.igbau.nrw\/index.php?rest_route=\/wp\/v2\/posts"}],"about":[{"href":"http:\/\/forst.igbau.nrw\/index.php?rest_route=\/wp\/v2\/types\/post"}],"author":[{"embeddable":true,"href":"http:\/\/forst.igbau.nrw\/index.php?rest_route=\/wp\/v2\/users\/1"}],"replies":[{"embeddable":true,"href":"http:\/\/forst.igbau.nrw\/index.php?rest_route=%2Fwp%2Fv2%2Fcomments&post=182"}],"version-history":[{"count":10,"href":"http:\/\/forst.igbau.nrw\/index.php?rest_route=\/wp\/v2\/posts\/182\/revisions"}],"predecessor-version":[{"id":295,"href":"http:\/\/forst.igbau.nrw\/index.php?rest_route=\/wp\/v2\/posts\/182\/revisions\/295"}],"wp:featuredmedia":[{"embeddable":true,"href":"http:\/\/forst.igbau.nrw\/index.php?rest_route=\/wp\/v2\/media\/276"}],"wp:attachment":[{"href":"http:\/\/forst.igbau.nrw\/index.php?rest_route=%2Fwp%2Fv2%2Fmedia&parent=182"}],"wp:term":[{"taxonomy":"category","embeddable":true,"href":"http:\/\/forst.igbau.nrw\/index.php?rest_route=%2Fwp%2Fv2%2Fcategories&post=182"},{"taxonomy":"post_tag","embeddable":true,"href":"http:\/\/forst.igbau.nrw\/index.php?rest_route=%2Fwp%2Fv2%2Ftags&post=182"}],"curies":[{"name":"wp","href":"https:\/\/api.w.org\/{rel}","templated":true}]}}