{"id":1821,"date":"2020-08-26T22:02:00","date_gmt":"2020-08-26T22:02:00","guid":{"rendered":"http:\/\/forst.igbau.nrw\/?p=1821"},"modified":"2020-11-23T06:59:23","modified_gmt":"2020-11-23T06:59:23","slug":"waldbrand","status":"publish","type":"post","link":"http:\/\/forst.igbau.nrw\/?p=1821","title":{"rendered":"Waldbrand !!"},"content":{"rendered":"<p>Unter anderem in einem aktuellen Artikel des Spiegel setzt sich Prof. Dr. Johann Georg Goldammer mit dem Thema vermehrte Waldbr\u00e4nde in Folge der Klimaver\u00e4nderungen auseinander.<\/p>\n<p>Als Mitglied der Arbeitsgruppe Feuer\u00f6kologie (seit 1990) und des <a href=\"https:\/\/gfmc.online\/manag\/germany.html\" target=\"_blank\" rel=\"noopener noreferrer\">Global Fire Monitoring Center (GFMC)<\/a> befasst er sich in Forschung, Lehre und Anwendung mit den nat\u00fcrlichen und menschengemachten Br\u00e4nden im Wald und deren \u00f6kologischen und auch gesellschaftlichen Auswirkungen und Folgen.<\/p>\n<p>Dazu geh\u00f6rt auch das er eine bessere Ausstattung und Qualifikation der Forstbranche als erforderlich sieht. Die F\u00f6rsterInnnen und Forstwirte sollten nach seiner Auffassung eine Ausstattung mit feuerfesten Spezialanz\u00fcgen, die dazugeh\u00f6rige Ausstattung f\u00fcr die Erstbek\u00e4mpfung von Waldbr\u00e4nden und eine dementsprechende Qualifikation erhalten. Auch das \u00dcben von Eins\u00e4tzen unter anderem an Trainingsfeuern sieht er als erforderlich.<\/p>\n<p>In einer Ersten Hilfe vor Ort bei Waldbr\u00e4nden sieht Goldammer eine praktikable und auch im Verh\u00e4ltnis kosteng\u00fcnstige Waldbrandpr\u00e4vention.<\/p>\n<p>Das die Feuer mehr werden und auch gr\u00f6\u00dfer in ihren Ausmassen, dies sieht auch das <a href=\"https:\/\/www.efi.int\/bonn\" target=\"_blank\" rel=\"noopener noreferrer\">European Forest Institute (EFI)<\/a> in Bonn so und verst\u00e4rkt seine Aktivit\u00e4ten aktuell mit dem Projekt <a href=\"https:\/\/www.waldbrand-klima-resilienz.com\/ueberblick\" target=\"_blank\" rel=\"noopener noreferrer\">Waldbrand Klima Resilienz<\/a> in diesem Bereich.<\/p>\n<p>Als Projektleiter und Fachmann f\u00fcr Waldbr\u00e4nde fungiert hier Alexander Held. Herr Held hat durch aktive Erfahrungen in den USA und S\u00fcdafrika das Thema Feuer\u00f6kologie zum Feuermanagement sein Fachwissen erworben und ist als Fachexperte t\u00e4tig in einer Vielzahl von nationalen und internationalen Fachgremien vertreten.<\/p>\n<p>Die IGBAU sieht an dieser Stelle die Verantwortung auf Bundes- und Landesebene und eine zwingend erforderliche Europ\u00e4ische Waldbrandpr\u00e4vention.<\/p>\n<p>Hier k\u00f6nnten die Kolleginnen und Kollegen gerade aus den Mittelmeerl\u00e4ndern bedingt durch ihre langj\u00e4hrige Erfahrungen vermutlich wertvolle Unterst\u00fctzung leisten.<\/p>\n<p><a href=\"https:\/\/i0.wp.com\/forst.igbau.nrw\/wp-content\/uploads\/2020\/08\/Waldfoto_Sauerland-scaled.jpg\"><img data-recalc-dims=\"1\" fetchpriority=\"high\" decoding=\"async\" data-attachment-id=\"1822\" data-permalink=\"http:\/\/forst.igbau.nrw\/?attachment_id=1822\" data-orig-file=\"https:\/\/i0.wp.com\/forst.igbau.nrw\/wp-content\/uploads\/2020\/08\/Waldfoto_Sauerland-scaled.jpg?fit=2560%2C1537\" data-orig-size=\"2560,1537\" data-comments-opened=\"1\" data-image-meta=\"{&quot;aperture&quot;:&quot;7.1&quot;,&quot;credit&quot;:&quot;Peter Wicke&quot;,&quot;camera&quot;:&quot;DMC-G81&quot;,&quot;caption&quot;:&quot;&quot;,&quot;created_timestamp&quot;:&quot;1564586808&quot;,&quot;copyright&quot;:&quot;Peter Wicke&quot;,&quot;focal_length&quot;:&quot;60&quot;,&quot;iso&quot;:&quot;200&quot;,&quot;shutter_speed&quot;:&quot;0.0125&quot;,&quot;title&quot;:&quot;&quot;,&quot;orientation&quot;:&quot;1&quot;}\" data-image-title=\"Waldbrand Strobe Kultur\" data-image-description=\"\" data-image-caption=\"\" data-large-file=\"https:\/\/i0.wp.com\/forst.igbau.nrw\/wp-content\/uploads\/2020\/08\/Waldfoto_Sauerland-scaled.jpg?fit=640%2C384\" class=\"aligncenter wp-image-1822 size-full\" src=\"https:\/\/i0.wp.com\/forst.igbau.nrw\/wp-content\/uploads\/2020\/08\/Waldfoto_Sauerland-scaled.jpg?resize=640%2C384\" alt=\"Waldbrand Strobenkultur, ca. 0,5 ha\" width=\"640\" height=\"384\" srcset=\"https:\/\/i0.wp.com\/forst.igbau.nrw\/wp-content\/uploads\/2020\/08\/Waldfoto_Sauerland-scaled.jpg?w=2560 2560w, https:\/\/i0.wp.com\/forst.igbau.nrw\/wp-content\/uploads\/2020\/08\/Waldfoto_Sauerland-scaled.jpg?resize=300%2C180 300w, https:\/\/i0.wp.com\/forst.igbau.nrw\/wp-content\/uploads\/2020\/08\/Waldfoto_Sauerland-scaled.jpg?resize=1024%2C615 1024w, https:\/\/i0.wp.com\/forst.igbau.nrw\/wp-content\/uploads\/2020\/08\/Waldfoto_Sauerland-scaled.jpg?resize=768%2C461 768w, https:\/\/i0.wp.com\/forst.igbau.nrw\/wp-content\/uploads\/2020\/08\/Waldfoto_Sauerland-scaled.jpg?resize=1536%2C922 1536w, https:\/\/i0.wp.com\/forst.igbau.nrw\/wp-content\/uploads\/2020\/08\/Waldfoto_Sauerland-scaled.jpg?resize=2048%2C1229 2048w, https:\/\/i0.wp.com\/forst.igbau.nrw\/wp-content\/uploads\/2020\/08\/Waldfoto_Sauerland-scaled.jpg?resize=1140%2C684 1140w, https:\/\/i0.wp.com\/forst.igbau.nrw\/wp-content\/uploads\/2020\/08\/Waldfoto_Sauerland-scaled.jpg?w=1280 1280w, https:\/\/i0.wp.com\/forst.igbau.nrw\/wp-content\/uploads\/2020\/08\/Waldfoto_Sauerland-scaled.jpg?w=1920 1920w\" sizes=\"(max-width: 640px) 100vw, 640px\" \/><\/a><\/p>\n<p>Damit verbunden sehen wir diese Aufgabenstellung als ein weiteres Beispiel f\u00fcr die unbedingt erforderliche Katastrophenvorsorge durch ausreichend qualifiziertes forstliches Fachpersonal. Dies best\u00e4tigen auch die Fachleute, dass der in der Vergangenheit massiv erfolgte Stellenabbau in den Forstverwaltungen jetzt auch ein\u00a0 Problem in der Waldbrandvorsorge darstellt. Ohne Forstleute auf der Fl\u00e4che verteilt gibt es keine schnelle Erste Hilfe, keine lokalen Kenntnisse der betroffenen Waldfl\u00e4chen, keine Beratung der Waldbesitzer und der oftmals ehrenamtlichen Feuerwehren etc.<\/p>\n<p>Ein weiteres Beispiel das die Forderung der IGBAU nach mehr Forstpersonal auf der Fl\u00e4che vielf\u00e4ltig und begr\u00fcndet ist.<\/p>\n<p>Auch im Landtag in Nordrhein-Westfalen wird nach den Waldbr\u00e4nden der letzten 2 Jahre die Waldbrandpr\u00e4vention zum Thema. Im aktuellen Antrag der Fraktion B\u00dcNDNIS 90\/DIE GR\u00dcNEN, wird unter der \u00dcberschrift <a href=\"https:\/\/www.landtag.nrw.de\/portal\/WWW\/dokumentenarchiv\/Dokument\/MMD17-9797.pdf\" target=\"_blank\" rel=\"noopener noreferrer\">&#8222;Wachsende Waldbrandgefahr in NRW ernst nehmen \u2013Brandpr\u00e4vention optimieren und effektive Brandbek\u00e4mpfung erm\u00f6glichen&#8220;<\/a> die Landesregierung aufgefordert zu den Fragen Stellung zu nehmen.<\/p>\n<p>Die Stellungnahme der <a href=\"http:\/\/forst.igbau.nrw\/?p=1860\" target=\"_blank\" rel=\"noopener noreferrer\">Landesvertretung zum Antrag finden Sie hier.<\/a><\/p>\n","protected":false},"excerpt":{"rendered":"<p>Unter anderem in einem aktuellen Artikel des Spiegel setzt sich Prof. Dr. Johann Georg Goldammer mit dem Thema vermehrte Waldbr\u00e4nde in Folge<\/p>\n<p class=\"link-more\"><a class=\"myButt \" href=\"http:\/\/forst.igbau.nrw\/?p=1821\">Weitere Infos &#8230;<\/a><\/p>\n","protected":false},"author":2,"featured_media":0,"comment_status":"closed","ping_status":"open","sticky":false,"template":"","format":"standard","meta":{"ngg_post_thumbnail":0,"jetpack_post_was_ever_published":false,"_jetpack_newsletter_access":"","_jetpack_dont_email_post_to_subs":false,"_jetpack_newsletter_tier_id":0,"_jetpack_memberships_contains_paywalled_content":false,"_jetpack_memberships_contains_paid_content":false,"footnotes":"","jetpack_publicize_message":"","jetpack_publicize_feature_enabled":true,"jetpack_social_post_already_shared":true,"jetpack_social_options":{"image_generator_settings":{"template":"highway","default_image_id":0,"font":"","enabled":false},"version":2}},"categories":[4,8,22],"tags":[36],"class_list":["post-1821","post","type-post","status-publish","format-standard","hentry","category-forstpolitik","category-ig-bau","category-klimawandel","tag-waldbrand"],"jetpack_publicize_connections":[],"jetpack_featured_media_url":"","jetpack_sharing_enabled":true,"jetpack_shortlink":"https:\/\/wp.me\/p8x7f7-tn","jetpack-related-posts":[],"_links":{"self":[{"href":"http:\/\/forst.igbau.nrw\/index.php?rest_route=\/wp\/v2\/posts\/1821","targetHints":{"allow":["GET"]}}],"collection":[{"href":"http:\/\/forst.igbau.nrw\/index.php?rest_route=\/wp\/v2\/posts"}],"about":[{"href":"http:\/\/forst.igbau.nrw\/index.php?rest_route=\/wp\/v2\/types\/post"}],"author":[{"embeddable":true,"href":"http:\/\/forst.igbau.nrw\/index.php?rest_route=\/wp\/v2\/users\/2"}],"replies":[{"embeddable":true,"href":"http:\/\/forst.igbau.nrw\/index.php?rest_route=%2Fwp%2Fv2%2Fcomments&post=1821"}],"version-history":[{"count":9,"href":"http:\/\/forst.igbau.nrw\/index.php?rest_route=\/wp\/v2\/posts\/1821\/revisions"}],"predecessor-version":[{"id":1871,"href":"http:\/\/forst.igbau.nrw\/index.php?rest_route=\/wp\/v2\/posts\/1821\/revisions\/1871"}],"wp:attachment":[{"href":"http:\/\/forst.igbau.nrw\/index.php?rest_route=%2Fwp%2Fv2%2Fmedia&parent=1821"}],"wp:term":[{"taxonomy":"category","embeddable":true,"href":"http:\/\/forst.igbau.nrw\/index.php?rest_route=%2Fwp%2Fv2%2Fcategories&post=1821"},{"taxonomy":"post_tag","embeddable":true,"href":"http:\/\/forst.igbau.nrw\/index.php?rest_route=%2Fwp%2Fv2%2Ftags&post=1821"}],"curies":[{"name":"wp","href":"https:\/\/api.w.org\/{rel}","templated":true}]}}