{"id":1851,"date":"2020-10-13T12:26:59","date_gmt":"2020-10-13T12:26:59","guid":{"rendered":"http:\/\/forst.igbau.nrw\/?p=1851"},"modified":"2020-11-23T06:59:23","modified_gmt":"2020-11-23T06:59:23","slug":"ergebnisse-der-ig-bau-umfrage-wald-klima-schutz-hohe-arbeitsbelastung-der-forstbeschaeftigten-im-klimawandel","status":"publish","type":"post","link":"http:\/\/forst.igbau.nrw\/?p=1851","title":{"rendered":"Ergebnisse der IG BAU-Umfrage &#8222;Wald &#8211; Klima &#8211; Schutz&#8220;: Hohe Arbeitsbelastung der Forstbesch\u00e4ftigten im Klimawandel"},"content":{"rendered":"<p>Die im Zuge der Kampagne Wald Klimaschutz erfolgte Abgefrage&nbsp; \u00fcber die Belastungen der Besch\u00e4ftigten \u00fcber den Zusammenhang zwischen Waldsch\u00e4den und Belastungen in der Arbeit ergibt einen statistisch aussagekr\u00e4ftigen Zusammenhang zwischen dem Ausma\u00df an regionalen Waldsch\u00e4den und einem erh\u00f6hten Burnout-Risiko f\u00fcr die Besch\u00e4ftigten.<\/p>\n<p>&nbsp;<\/p>\n<p style=\"text-align: center;\"><a href=\"https:\/\/igbau.de\/Binaries\/Binary15146\/IG-BAU-Umfrageergebnisse-WALDKLIMASCHUTZ.pdf\"><img data-recalc-dims=\"1\" fetchpriority=\"high\" decoding=\"async\" data-attachment-id=\"1852\" data-permalink=\"http:\/\/forst.igbau.nrw\/?attachment_id=1852\" data-orig-file=\"https:\/\/i0.wp.com\/forst.igbau.nrw\/wp-content\/uploads\/2020\/10\/Umfrage_Klima_Arbeit_IGBAU_2020.png?fit=644%2C902\" data-orig-size=\"644,902\" data-comments-opened=\"1\" data-image-meta=\"{&quot;aperture&quot;:&quot;0&quot;,&quot;credit&quot;:&quot;&quot;,&quot;camera&quot;:&quot;&quot;,&quot;caption&quot;:&quot;&quot;,&quot;created_timestamp&quot;:&quot;0&quot;,&quot;copyright&quot;:&quot;&quot;,&quot;focal_length&quot;:&quot;0&quot;,&quot;iso&quot;:&quot;0&quot;,&quot;shutter_speed&quot;:&quot;0&quot;,&quot;title&quot;:&quot;&quot;,&quot;orientation&quot;:&quot;0&quot;}\" data-image-title=\"Umfrage_Klima_Arbeit_IGBAU_2020\" data-image-description=\"\" data-image-caption=\"\" data-large-file=\"https:\/\/i0.wp.com\/forst.igbau.nrw\/wp-content\/uploads\/2020\/10\/Umfrage_Klima_Arbeit_IGBAU_2020.png?fit=640%2C896\" class=\"aligncenter size-medium wp-image-1852\" src=\"https:\/\/i0.wp.com\/forst.igbau.nrw\/wp-content\/uploads\/2020\/10\/Umfrage_Klima_Arbeit_IGBAU_2020.png?resize=214%2C300\" alt=\"\" width=\"214\" height=\"300\" srcset=\"https:\/\/i0.wp.com\/forst.igbau.nrw\/wp-content\/uploads\/2020\/10\/Umfrage_Klima_Arbeit_IGBAU_2020.png?resize=214%2C300 214w, https:\/\/i0.wp.com\/forst.igbau.nrw\/wp-content\/uploads\/2020\/10\/Umfrage_Klima_Arbeit_IGBAU_2020.png?w=644 644w\" sizes=\"(max-width: 214px) 100vw, 214px\" \/><\/a><\/p>\n","protected":false},"excerpt":{"rendered":"<p>Die im Zuge der Kampagne Wald Klimaschutz erfolgte Abgefrage&nbsp; \u00fcber die Belastungen der Besch\u00e4ftigten \u00fcber den Zusammenhang zwischen Waldsch\u00e4den und Belastungen in<\/p>\n<p class=\"link-more\"><a class=\"myButt \" href=\"http:\/\/forst.igbau.nrw\/?p=1851\">Weitere Infos &#8230;<\/a><\/p>\n","protected":false},"author":1,"featured_media":0,"comment_status":"closed","ping_status":"open","sticky":false,"template":"","format":"standard","meta":{"ngg_post_thumbnail":0,"jetpack_post_was_ever_published":false,"_jetpack_newsletter_access":"","_jetpack_dont_email_post_to_subs":false,"_jetpack_newsletter_tier_id":0,"_jetpack_memberships_contains_paywalled_content":false,"_jetpack_memberships_contains_paid_content":false,"footnotes":"","jetpack_publicize_message":"","jetpack_publicize_feature_enabled":true,"jetpack_social_post_already_shared":true,"jetpack_social_options":{"image_generator_settings":{"template":"highway","default_image_id":0,"font":"","enabled":false},"version":2}},"categories":[5],"tags":[],"class_list":["post-1851","post","type-post","status-publish","format-standard","hentry","category-forstwirtschaft"],"jetpack_publicize_connections":[],"jetpack_featured_media_url":"","jetpack_sharing_enabled":true,"jetpack_shortlink":"https:\/\/wp.me\/p8x7f7-tR","jetpack-related-posts":[],"_links":{"self":[{"href":"http:\/\/forst.igbau.nrw\/index.php?rest_route=\/wp\/v2\/posts\/1851","targetHints":{"allow":["GET"]}}],"collection":[{"href":"http:\/\/forst.igbau.nrw\/index.php?rest_route=\/wp\/v2\/posts"}],"about":[{"href":"http:\/\/forst.igbau.nrw\/index.php?rest_route=\/wp\/v2\/types\/post"}],"author":[{"embeddable":true,"href":"http:\/\/forst.igbau.nrw\/index.php?rest_route=\/wp\/v2\/users\/1"}],"replies":[{"embeddable":true,"href":"http:\/\/forst.igbau.nrw\/index.php?rest_route=%2Fwp%2Fv2%2Fcomments&post=1851"}],"version-history":[{"count":1,"href":"http:\/\/forst.igbau.nrw\/index.php?rest_route=\/wp\/v2\/posts\/1851\/revisions"}],"predecessor-version":[{"id":1853,"href":"http:\/\/forst.igbau.nrw\/index.php?rest_route=\/wp\/v2\/posts\/1851\/revisions\/1853"}],"wp:attachment":[{"href":"http:\/\/forst.igbau.nrw\/index.php?rest_route=%2Fwp%2Fv2%2Fmedia&parent=1851"}],"wp:term":[{"taxonomy":"category","embeddable":true,"href":"http:\/\/forst.igbau.nrw\/index.php?rest_route=%2Fwp%2Fv2%2Fcategories&post=1851"},{"taxonomy":"post_tag","embeddable":true,"href":"http:\/\/forst.igbau.nrw\/index.php?rest_route=%2Fwp%2Fv2%2Ftags&post=1851"}],"curies":[{"name":"wp","href":"https:\/\/api.w.org\/{rel}","templated":true}]}}