{"id":1854,"date":"2020-10-07T12:41:10","date_gmt":"2020-10-07T12:41:10","guid":{"rendered":"http:\/\/forst.igbau.nrw\/?p=1854"},"modified":"2020-11-23T06:59:23","modified_gmt":"2020-11-23T06:59:23","slug":"waldpruefung-im-bergischen-land","status":"publish","type":"post","link":"http:\/\/forst.igbau.nrw\/?p=1854","title":{"rendered":"Waldpr\u00fcfung im Bergischen Land"},"content":{"rendered":"<p>F\u00fcr die 2 Forstinspektoranw\u00e4rterinnen und die 16 Anw\u00e4rter des Pr\u00fcfungsjahrgangs 2020 fand am 22.9.20 nach erfolgreich bestandener schriftlicher Pr\u00fcfung die Waldpr\u00fcfung statt. Hierzu war ich in meiner Funktion als Vertreter der IG B A U eingeladen.<\/p>\n<p>&nbsp;<\/p>\n<p>Pr\u00fcfungsort war dieses mal der Wald der Stadt Wermeskirchen im Bereich des Regionalforstamtes Bergisches Land.&nbsp;&nbsp; Nachdem Forstamtsleiter Kay Boenig und Revierleiter Stefan Springer die allgemeinen Informationen zum Pr\u00fcfungsforstamt genannt hatten, wurden die Kandidaten mit den besten W\u00fcnschen vom Pr\u00fcfungsleiter J\u00fcrgen Messerschmidt mit den Pr\u00fcfern auf die Stationen geschickt.<\/p>\n<p>Der sehr abwechselungsreiche Parcours westlich&nbsp; von Wermelskirchen bot auf den \u00fcblichen 8 Stationen die ganze Palette der forstlichen Betriebsabl\u00e4ufe. Kleiner Wermutstropfen war die Lage direkt an der A1.<\/p>\n<p>Von Naturschutz und Forstrecht (Verkehrssicherungspflicht)ging es zu einer Dirtbikestrecke (illegale Mountainbikestrecke) mit Rollenspiel und Deeskalationstraining. Nicht immer f\u00fcr alle so einfach!<\/p>\n<p>Jagdstrategien im Erholungswald und Waldbau mit Bodenanspache und Bestandesbescheibung waren die n\u00e4chsten Stationen aus dem forstlichen Alltag.<\/p>\n<p>Vielleicht nicht jeden Tag im forstlichen Alltag, aber bei den hohen Abfuhrmengen heute oft verlangt: Wegebau mit F\u00f6rderung.<\/p>\n<p>Ein naturnahes Bachtal mit Sitkafichte wollte beurteilt werden und einige der hier vorkommende Arten( M\u00e4des\u00fc\u00df, Springkraut, Feuersalamander, Bachflohkrebs) bestimmt werden.<\/p>\n<p>Nochmal Waldbau mit Fichte (wie geht es weiter) und die obligatorische Holzaushaltung mit Eiche und einem Industrieholzpolter bildeten den Abschluss des Parcours.<\/p>\n<p>Wie auch schon bei den letzten Pr\u00fcfungen verlief der Pr\u00fcfungstag nach eigenen Beobachtungen und auch Gespr\u00e4chen mit den Anw\u00e4rtern\/innen sehr fair und praxisnah.<\/p>\n<p>Nach den m\u00fcndlichen Pr\u00fcfungen konnten alle Anw\u00e4rter\/innen am 24. September Pr\u00fcfungsurkunden in Empfang nehmen.<\/p>\n<p>Von der IG B A U wurde dabei f\u00fcr gute Leistungen ein Buchgeschenk \u00fcberreicht.<\/p>\n<p>Im Anschluss an die Urkundenverleihung unterzeichneten 17 Anw\u00e4rter 24-monatige Anschlussvertr\u00e4ge bei Wald und Holz NRW. Eine Absolvent wird eine Stelle im Kommunalwald in NRW antreten.<\/p>\n<p>Die IGBAU Landesbvertreung w\u00fcnscht allen Absolventen\/innen f\u00fcr Ihren weiteren beruflichen und privaten Weg alles Gute.<\/p>\n<p style=\"text-align: center;\"><a href=\"https:\/\/i0.wp.com\/forst.igbau.nrw\/wp-content\/uploads\/2020\/10\/Waldpru%CC%88fung_2020.jpg\"><img data-recalc-dims=\"1\" fetchpriority=\"high\" decoding=\"async\" data-attachment-id=\"1855\" data-permalink=\"http:\/\/forst.igbau.nrw\/?attachment_id=1855\" data-orig-file=\"https:\/\/i0.wp.com\/forst.igbau.nrw\/wp-content\/uploads\/2020\/10\/Waldpru%CC%88fung_2020.jpg?fit=2233%2C1339\" data-orig-size=\"2233,1339\" data-comments-opened=\"1\" data-image-meta=\"{&quot;aperture&quot;:&quot;3.7&quot;,&quot;credit&quot;:&quot;&quot;,&quot;camera&quot;:&quot;DMC-TZ36&quot;,&quot;caption&quot;:&quot;&quot;,&quot;created_timestamp&quot;:&quot;1600783745&quot;,&quot;copyright&quot;:&quot;&quot;,&quot;focal_length&quot;:&quot;6.1&quot;,&quot;iso&quot;:&quot;125&quot;,&quot;shutter_speed&quot;:&quot;0.016666666666667&quot;,&quot;title&quot;:&quot;&quot;,&quot;orientation&quot;:&quot;1&quot;}\" data-image-title=\"Waldpru\u0308fung_2020\" data-image-description=\"\" data-image-caption=\"\" data-large-file=\"https:\/\/i0.wp.com\/forst.igbau.nrw\/wp-content\/uploads\/2020\/10\/Waldpru%CC%88fung_2020.jpg?fit=640%2C384\" class=\"aligncenter wp-image-1855 size-large\" src=\"https:\/\/i0.wp.com\/forst.igbau.nrw\/wp-content\/uploads\/2020\/10\/Waldpru%CC%88fung_2020.jpg?resize=640%2C384\" alt=\"\" width=\"640\" height=\"384\" srcset=\"https:\/\/i0.wp.com\/forst.igbau.nrw\/wp-content\/uploads\/2020\/10\/Waldpru%CC%88fung_2020.jpg?resize=1024%2C614 1024w, https:\/\/i0.wp.com\/forst.igbau.nrw\/wp-content\/uploads\/2020\/10\/Waldpru%CC%88fung_2020.jpg?resize=300%2C180 300w, https:\/\/i0.wp.com\/forst.igbau.nrw\/wp-content\/uploads\/2020\/10\/Waldpru%CC%88fung_2020.jpg?resize=768%2C461 768w, https:\/\/i0.wp.com\/forst.igbau.nrw\/wp-content\/uploads\/2020\/10\/Waldpru%CC%88fung_2020.jpg?resize=1536%2C921 1536w, https:\/\/i0.wp.com\/forst.igbau.nrw\/wp-content\/uploads\/2020\/10\/Waldpru%CC%88fung_2020.jpg?resize=2048%2C1228 2048w, https:\/\/i0.wp.com\/forst.igbau.nrw\/wp-content\/uploads\/2020\/10\/Waldpru%CC%88fung_2020.jpg?resize=1140%2C684 1140w, https:\/\/i0.wp.com\/forst.igbau.nrw\/wp-content\/uploads\/2020\/10\/Waldpru%CC%88fung_2020.jpg?w=1280 1280w, https:\/\/i0.wp.com\/forst.igbau.nrw\/wp-content\/uploads\/2020\/10\/Waldpru%CC%88fung_2020.jpg?w=1920 1920w\" sizes=\"(max-width: 640px) 100vw, 640px\" \/><\/a><\/p>\n<p>Foto. Dieter Wortmeier<\/p>\n","protected":false},"excerpt":{"rendered":"<p>F\u00fcr die 2 Forstinspektoranw\u00e4rterinnen und die 16 Anw\u00e4rter des Pr\u00fcfungsjahrgangs 2020 fand am 22.9.20 nach erfolgreich bestandener schriftlicher Pr\u00fcfung die Waldpr\u00fcfung statt.<\/p>\n<p class=\"link-more\"><a class=\"myButt \" href=\"http:\/\/forst.igbau.nrw\/?p=1854\">Weitere Infos &#8230;<\/a><\/p>\n","protected":false},"author":1,"featured_media":0,"comment_status":"closed","ping_status":"open","sticky":false,"template":"","format":"standard","meta":{"ngg_post_thumbnail":0,"jetpack_post_was_ever_published":false,"_jetpack_newsletter_access":"","_jetpack_dont_email_post_to_subs":false,"_jetpack_newsletter_tier_id":0,"_jetpack_memberships_contains_paywalled_content":false,"_jetpack_memberships_contains_paid_content":false,"footnotes":"","jetpack_publicize_message":"","jetpack_publicize_feature_enabled":true,"jetpack_social_post_already_shared":true,"jetpack_social_options":{"image_generator_settings":{"template":"highway","default_image_id":0,"font":"","enabled":false},"version":2}},"categories":[5],"tags":[],"class_list":["post-1854","post","type-post","status-publish","format-standard","hentry","category-forstwirtschaft"],"jetpack_publicize_connections":[],"jetpack_featured_media_url":"","jetpack_sharing_enabled":true,"jetpack_shortlink":"https:\/\/wp.me\/p8x7f7-tU","jetpack-related-posts":[],"_links":{"self":[{"href":"http:\/\/forst.igbau.nrw\/index.php?rest_route=\/wp\/v2\/posts\/1854","targetHints":{"allow":["GET"]}}],"collection":[{"href":"http:\/\/forst.igbau.nrw\/index.php?rest_route=\/wp\/v2\/posts"}],"about":[{"href":"http:\/\/forst.igbau.nrw\/index.php?rest_route=\/wp\/v2\/types\/post"}],"author":[{"embeddable":true,"href":"http:\/\/forst.igbau.nrw\/index.php?rest_route=\/wp\/v2\/users\/1"}],"replies":[{"embeddable":true,"href":"http:\/\/forst.igbau.nrw\/index.php?rest_route=%2Fwp%2Fv2%2Fcomments&post=1854"}],"version-history":[{"count":3,"href":"http:\/\/forst.igbau.nrw\/index.php?rest_route=\/wp\/v2\/posts\/1854\/revisions"}],"predecessor-version":[{"id":1858,"href":"http:\/\/forst.igbau.nrw\/index.php?rest_route=\/wp\/v2\/posts\/1854\/revisions\/1858"}],"wp:attachment":[{"href":"http:\/\/forst.igbau.nrw\/index.php?rest_route=%2Fwp%2Fv2%2Fmedia&parent=1854"}],"wp:term":[{"taxonomy":"category","embeddable":true,"href":"http:\/\/forst.igbau.nrw\/index.php?rest_route=%2Fwp%2Fv2%2Fcategories&post=1854"},{"taxonomy":"post_tag","embeddable":true,"href":"http:\/\/forst.igbau.nrw\/index.php?rest_route=%2Fwp%2Fv2%2Ftags&post=1854"}],"curies":[{"name":"wp","href":"https:\/\/api.w.org\/{rel}","templated":true}]}}