{"id":1860,"date":"2020-10-16T11:22:18","date_gmt":"2020-10-16T11:22:18","guid":{"rendered":"http:\/\/forst.igbau.nrw\/?p=1860"},"modified":"2020-11-23T06:59:23","modified_gmt":"2020-11-23T06:59:23","slug":"waldbraende-sind-aktuell-ein-thema-auch-im-landtag-nrw","status":"publish","type":"post","link":"http:\/\/forst.igbau.nrw\/?p=1860","title":{"rendered":"Waldbr\u00e4nde sind aktuell ein Thema im Landtag NRW"},"content":{"rendered":"<p>Zum Antrag von B\u00fcndnis 90\/Die Gr\u00fcnen hatte die Landesvertretung Forst und Naturschutz in NRW die M\u00f6glichkeit eine Stellungnahme abzugeben. Die sowohl im <span id=\"detailincl1\" class=\"detailansicht\">Innenausschuss als federf\u00fchrende Institution des Landtages als auch im Ausschuss f\u00fcr Umwelt, Landwirtschaft, Natur- und Verbraucherschutz erfolgen dazu aktuell die Beratungen und schriftlichen Anh\u00f6rungen.<\/span><\/p>\n<p>Weitere Infos dazu finden sie unter im <a href=\"https:\/\/www.landtag.nrw.de\/portal\/WWW\/Webmaster\/GB_II\/II.2\/Suche\/Landtagsdokumentation_ALWP\/Suchergebnisse_Ladok.jsp?view=berver&amp;mn=17531163e9c&amp;wp=17&amp;w=native%28%27id%3D%27%271708251%2F0100%27%27+%27%29\" target=\"_blank\" rel=\"noopener noreferrer\">Webangebot des Landtages.<\/a><\/p>\n<p>Die Stellungnahme der Landesvertretung <a href=\"http:\/\/forst.igbau.nrw\/wp-content\/uploads\/2020\/10\/Stellungnahme_Anho\u0308rung_Drucksache_179797_2020.pdf\" target=\"_blank\" rel=\"noopener noreferrer\">finden Sie hier.<\/a><\/p>\n<p style=\"text-align: center\"><a href=\"http:\/\/forst.igbau.nrw\/wp-content\/uploads\/2020\/10\/Stellungnahme_Anho\u0308rung_Drucksache_179797_2020.pdf\"><img data-recalc-dims=\"1\" fetchpriority=\"high\" decoding=\"async\" data-attachment-id=\"1868\" data-permalink=\"http:\/\/forst.igbau.nrw\/?attachment_id=1868\" data-orig-file=\"https:\/\/i0.wp.com\/forst.igbau.nrw\/wp-content\/uploads\/2020\/10\/Stellungnahme_IGBAU_Landtag_NRW_Waldbrand_2020.png?fit=546%2C771\" data-orig-size=\"546,771\" data-comments-opened=\"1\" data-image-meta=\"{&quot;aperture&quot;:&quot;0&quot;,&quot;credit&quot;:&quot;&quot;,&quot;camera&quot;:&quot;&quot;,&quot;caption&quot;:&quot;&quot;,&quot;created_timestamp&quot;:&quot;0&quot;,&quot;copyright&quot;:&quot;&quot;,&quot;focal_length&quot;:&quot;0&quot;,&quot;iso&quot;:&quot;0&quot;,&quot;shutter_speed&quot;:&quot;0&quot;,&quot;title&quot;:&quot;&quot;,&quot;orientation&quot;:&quot;0&quot;}\" data-image-title=\"Stellungnahme_IGBAU_Landtag_NRW_Waldbrand_2020\" data-image-description=\"\" data-image-caption=\"\" data-large-file=\"https:\/\/i0.wp.com\/forst.igbau.nrw\/wp-content\/uploads\/2020\/10\/Stellungnahme_IGBAU_Landtag_NRW_Waldbrand_2020.png?fit=546%2C771\" class=\"aligncenter wp-image-1868 size-full\" src=\"https:\/\/i0.wp.com\/forst.igbau.nrw\/wp-content\/uploads\/2020\/10\/Stellungnahme_IGBAU_Landtag_NRW_Waldbrand_2020.png?resize=546%2C771\" alt=\"\" width=\"546\" height=\"771\" srcset=\"https:\/\/i0.wp.com\/forst.igbau.nrw\/wp-content\/uploads\/2020\/10\/Stellungnahme_IGBAU_Landtag_NRW_Waldbrand_2020.png?w=546 546w, https:\/\/i0.wp.com\/forst.igbau.nrw\/wp-content\/uploads\/2020\/10\/Stellungnahme_IGBAU_Landtag_NRW_Waldbrand_2020.png?resize=212%2C300 212w\" sizes=\"(max-width: 546px) 100vw, 546px\" \/><\/a><\/p>\n","protected":false},"excerpt":{"rendered":"<p>Zum Antrag von B\u00fcndnis 90\/Die Gr\u00fcnen hatte die Landesvertretung Forst und Naturschutz in NRW die M\u00f6glichkeit eine Stellungnahme abzugeben. Die sowohl im<\/p>\n<p class=\"link-more\"><a class=\"myButt \" href=\"http:\/\/forst.igbau.nrw\/?p=1860\">Weitere Infos &#8230;<\/a><\/p>\n","protected":false},"author":2,"featured_media":0,"comment_status":"closed","ping_status":"open","sticky":false,"template":"","format":"standard","meta":{"ngg_post_thumbnail":0,"jetpack_post_was_ever_published":false,"_jetpack_newsletter_access":"","_jetpack_dont_email_post_to_subs":false,"_jetpack_newsletter_tier_id":0,"_jetpack_memberships_contains_paywalled_content":false,"_jetpack_memberships_contains_paid_content":false,"footnotes":"","jetpack_publicize_message":"","jetpack_publicize_feature_enabled":true,"jetpack_social_post_already_shared":true,"jetpack_social_options":{"image_generator_settings":{"template":"highway","default_image_id":0,"font":"","enabled":false},"version":2}},"categories":[4,5,8,37],"tags":[],"class_list":["post-1860","post","type-post","status-publish","format-standard","hentry","category-forstpolitik","category-forstwirtschaft","category-ig-bau","category-waldbrand"],"jetpack_publicize_connections":[],"jetpack_featured_media_url":"","jetpack_sharing_enabled":true,"jetpack_shortlink":"https:\/\/wp.me\/p8x7f7-u0","jetpack-related-posts":[],"_links":{"self":[{"href":"http:\/\/forst.igbau.nrw\/index.php?rest_route=\/wp\/v2\/posts\/1860","targetHints":{"allow":["GET"]}}],"collection":[{"href":"http:\/\/forst.igbau.nrw\/index.php?rest_route=\/wp\/v2\/posts"}],"about":[{"href":"http:\/\/forst.igbau.nrw\/index.php?rest_route=\/wp\/v2\/types\/post"}],"author":[{"embeddable":true,"href":"http:\/\/forst.igbau.nrw\/index.php?rest_route=\/wp\/v2\/users\/2"}],"replies":[{"embeddable":true,"href":"http:\/\/forst.igbau.nrw\/index.php?rest_route=%2Fwp%2Fv2%2Fcomments&post=1860"}],"version-history":[{"count":8,"href":"http:\/\/forst.igbau.nrw\/index.php?rest_route=\/wp\/v2\/posts\/1860\/revisions"}],"predecessor-version":[{"id":1874,"href":"http:\/\/forst.igbau.nrw\/index.php?rest_route=\/wp\/v2\/posts\/1860\/revisions\/1874"}],"wp:attachment":[{"href":"http:\/\/forst.igbau.nrw\/index.php?rest_route=%2Fwp%2Fv2%2Fmedia&parent=1860"}],"wp:term":[{"taxonomy":"category","embeddable":true,"href":"http:\/\/forst.igbau.nrw\/index.php?rest_route=%2Fwp%2Fv2%2Fcategories&post=1860"},{"taxonomy":"post_tag","embeddable":true,"href":"http:\/\/forst.igbau.nrw\/index.php?rest_route=%2Fwp%2Fv2%2Ftags&post=1860"}],"curies":[{"name":"wp","href":"https:\/\/api.w.org\/{rel}","templated":true}]}}