{"id":1876,"date":"2020-10-20T07:26:28","date_gmt":"2020-10-20T07:26:28","guid":{"rendered":"http:\/\/forst.igbau.nrw\/?p=1876"},"modified":"2020-11-23T06:59:23","modified_gmt":"2020-11-23T06:59:23","slug":"eine-betrachtung-bewirtschafteter-waelder-aus-der-sicht-ihrer-klimaschutzleistung","status":"publish","type":"post","link":"http:\/\/forst.igbau.nrw\/?p=1876","title":{"rendered":"Eine Betrachtung Bewirtschafteter W\u00e4lder aus der Sicht Ihrer Klimaschutzleistung."},"content":{"rendered":"<p id=\"tw-target-text\" class=\"tw-data-text tw-text-large XcVN5d tw-ta\" data-placeholder=\"\u00dcbersetzung\"><span lang=\"de\">In einer Studie mit internationaler Beteiligung haben Wissenschaftler die Klimaschutzleistung von bewirtschafteten W\u00e4ldern ermittelt. Dabei wurden nachhaltig bewirtschaftete W\u00e4lder mit\u00a0nicht bewirtschafteten W\u00e4ldern hinsichtlich ihres Beitrags zur Eind\u00e4mmung des Klimawandels auf der Grundlage ver\u00f6ffentlichter Daten verglichen. Gerade die Anteile der Substitution von\u00a0Fossilen Energietr\u00e4gern und Energieintensiven Materialien leisten einen deutlich Beitrag zum Klimaschutz. Ein ausgewogenes Verh\u00e4ltnis zwischen naturgem\u00e4\u00df bewirtschafteten\u00a0Wirtschaftsw\u00e4ldern und Schutzgebieten ohne jegliche Nutzung kann sowohl Klima- als auch Artenschutz langfristig gew\u00e4hrleisten. Eine grunds\u00e4tzliche Stillegung von Waldfl\u00e4chen ist aus\u00a0ganzheitlicher Betrachtung nicht von Vorteil. <\/span><\/p>\n<p class=\"tw-data-text tw-text-large XcVN5d tw-ta\" data-placeholder=\"\u00dcbersetzung\"><span lang=\"de\">Den\u00a0<a href=\"https:\/\/onlinelibrary.wiley.com\/doi\/abs\/10.1111\/gcbb.12672\" target=\"_blank\" rel=\"noopener noreferrer\">englischen Text der Studie finden Sie hier &#8230;.<\/a><\/span><\/p>\n","protected":false},"excerpt":{"rendered":"<p>In einer Studie mit internationaler Beteiligung haben Wissenschaftler die Klimaschutzleistung von bewirtschafteten W\u00e4ldern ermittelt. Dabei wurden nachhaltig bewirtschaftete W\u00e4lder mit\u00a0nicht bewirtschafteten W\u00e4ldern<\/p>\n<p class=\"link-more\"><a class=\"myButt \" href=\"http:\/\/forst.igbau.nrw\/?p=1876\">Weitere Infos &#8230;<\/a><\/p>\n","protected":false},"author":2,"featured_media":1881,"comment_status":"closed","ping_status":"open","sticky":false,"template":"","format":"standard","meta":{"ngg_post_thumbnail":0,"jetpack_post_was_ever_published":false,"_jetpack_newsletter_access":"","_jetpack_dont_email_post_to_subs":false,"_jetpack_newsletter_tier_id":0,"_jetpack_memberships_contains_paywalled_content":false,"_jetpack_memberships_contains_paid_content":false,"footnotes":"","jetpack_publicize_message":"","jetpack_publicize_feature_enabled":true,"jetpack_social_post_already_shared":true,"jetpack_social_options":{"image_generator_settings":{"template":"highway","default_image_id":0,"font":"","enabled":false},"version":2}},"categories":[5],"tags":[],"class_list":["post-1876","post","type-post","status-publish","format-standard","has-post-thumbnail","hentry","category-forstwirtschaft"],"jetpack_publicize_connections":[],"jetpack_featured_media_url":"https:\/\/i0.wp.com\/forst.igbau.nrw\/wp-content\/uploads\/2020\/10\/Waldfotos_108-1.jpg?fit=1616%2C1212","jetpack_sharing_enabled":true,"jetpack_shortlink":"https:\/\/wp.me\/p8x7f7-ug","jetpack-related-posts":[],"_links":{"self":[{"href":"http:\/\/forst.igbau.nrw\/index.php?rest_route=\/wp\/v2\/posts\/1876","targetHints":{"allow":["GET"]}}],"collection":[{"href":"http:\/\/forst.igbau.nrw\/index.php?rest_route=\/wp\/v2\/posts"}],"about":[{"href":"http:\/\/forst.igbau.nrw\/index.php?rest_route=\/wp\/v2\/types\/post"}],"author":[{"embeddable":true,"href":"http:\/\/forst.igbau.nrw\/index.php?rest_route=\/wp\/v2\/users\/2"}],"replies":[{"embeddable":true,"href":"http:\/\/forst.igbau.nrw\/index.php?rest_route=%2Fwp%2Fv2%2Fcomments&post=1876"}],"version-history":[{"count":4,"href":"http:\/\/forst.igbau.nrw\/index.php?rest_route=\/wp\/v2\/posts\/1876\/revisions"}],"predecessor-version":[{"id":1882,"href":"http:\/\/forst.igbau.nrw\/index.php?rest_route=\/wp\/v2\/posts\/1876\/revisions\/1882"}],"wp:featuredmedia":[{"embeddable":true,"href":"http:\/\/forst.igbau.nrw\/index.php?rest_route=\/wp\/v2\/media\/1881"}],"wp:attachment":[{"href":"http:\/\/forst.igbau.nrw\/index.php?rest_route=%2Fwp%2Fv2%2Fmedia&parent=1876"}],"wp:term":[{"taxonomy":"category","embeddable":true,"href":"http:\/\/forst.igbau.nrw\/index.php?rest_route=%2Fwp%2Fv2%2Fcategories&post=1876"},{"taxonomy":"post_tag","embeddable":true,"href":"http:\/\/forst.igbau.nrw\/index.php?rest_route=%2Fwp%2Fv2%2Ftags&post=1876"}],"curies":[{"name":"wp","href":"https:\/\/api.w.org\/{rel}","templated":true}]}}