{"id":1898,"date":"2020-12-01T10:02:53","date_gmt":"2020-12-01T10:02:53","guid":{"rendered":"http:\/\/forst.igbau.nrw\/?p=1898"},"modified":"2020-12-01T10:05:29","modified_gmt":"2020-12-01T10:05:29","slug":"erfolgreicher-einsatz-der-igb-au-kolleginnen-und-kollegen-in-hessen","status":"publish","type":"post","link":"http:\/\/forst.igbau.nrw\/?p=1898","title":{"rendered":"Erfolgreicher Einsatz der IGB AU Kolleginnen und Kollegen in Hessen !"},"content":{"rendered":"<p>Wie HessenForst auf seiner Webseite verk\u00fcndet sollen entgegen vorheriger Planungen eines Abbaus von Personal nun das Personalkonzept grundlegend ver\u00e4ndert werden.<\/p>\n<p><a href=\"https:\/\/www.hessen-forst.de\/post\/aktuelles\/wald-der-zukunft-weitere-massnahmen-fuer-klimastabilen-wald\/\" target=\"_blank\" rel=\"noopener noreferrer\">Es hei\u00dft dazu bei HessenForst:<\/a><\/p>\n<p>\u201eMein gro\u00dfer Dank gilt in diesen Zeiten den F\u00f6rsterinnen und F\u00f6rstern von Hessen-Forst, die sich Tag f\u00fcr Tag mit gro\u00dfem Engagement f\u00fcr den Schutz des Waldes einsetzen. Sie k\u00fcmmern sich um die Aufarbeitung und Abfuhr von Schadholz, um die Wiederbewaldung von Kahlfl\u00e4chen, um die Beratung von kommunalen und privaten Waldbesitzenden sowie um zahlreiche Ma\u00dfnahmen des Artenschutzes\u201c, so Ministerin Hinz. \u201eDer Klimawandel stellt sie vor nie da gewesene Herausforderungen: Um diese besser zu meistern, haben wir entschieden, beim Landesbetrieb Hessen-Forst deutlich mehr Personal vorzusehen. Au\u00dferdem werden wir daf\u00fcr sorgen, dass alle Forst\u00e4mter erhalten bleiben\u201c, erkl\u00e4rte Hinz. Bis 2025 werden 220 Stellen mehr zur Verf\u00fcgung stehen, als urspr\u00fcnglich geplant waren. Damit ist das Personalkonzept 2025 grundlegend ge\u00e4ndert.&#8220;<\/p>\n<p><a href=\"http:\/\/www.lv-forst-hessen.igbau.de\/Landesvorstand.html\" target=\"_blank\" rel=\"noopener noreferrer\">Die IGBAU Landesvertretung in Hessen war ma\u00dfgeblich an diesem Erfolg beteiligt.<\/a><\/p>\n","protected":false},"excerpt":{"rendered":"<p>Wie HessenForst auf seiner Webseite verk\u00fcndet sollen entgegen vorheriger Planungen eines Abbaus von Personal nun das Personalkonzept grundlegend ver\u00e4ndert werden. Es hei\u00dft<\/p>\n<p class=\"link-more\"><a class=\"myButt \" href=\"http:\/\/forst.igbau.nrw\/?p=1898\">Weitere Infos &#8230;<\/a><\/p>\n","protected":false},"author":2,"featured_media":1899,"comment_status":"closed","ping_status":"open","sticky":false,"template":"","format":"standard","meta":{"ngg_post_thumbnail":0,"jetpack_post_was_ever_published":false,"_jetpack_newsletter_access":"","_jetpack_dont_email_post_to_subs":false,"_jetpack_newsletter_tier_id":0,"_jetpack_memberships_contains_paywalled_content":false,"_jetpack_memberships_contains_paid_content":false,"footnotes":"","jetpack_publicize_message":"","jetpack_publicize_feature_enabled":true,"jetpack_social_post_already_shared":true,"jetpack_social_options":{"image_generator_settings":{"template":"highway","default_image_id":0,"font":"","enabled":false},"version":2}},"categories":[5],"tags":[],"class_list":["post-1898","post","type-post","status-publish","format-standard","has-post-thumbnail","hentry","category-forstwirtschaft"],"jetpack_publicize_connections":[],"jetpack_featured_media_url":"https:\/\/i0.wp.com\/forst.igbau.nrw\/wp-content\/uploads\/2020\/12\/IGBAU_Forst-scaled.jpg?fit=2560%2C1706","jetpack_sharing_enabled":true,"jetpack_shortlink":"https:\/\/wp.me\/p8x7f7-uC","jetpack-related-posts":[],"_links":{"self":[{"href":"http:\/\/forst.igbau.nrw\/index.php?rest_route=\/wp\/v2\/posts\/1898","targetHints":{"allow":["GET"]}}],"collection":[{"href":"http:\/\/forst.igbau.nrw\/index.php?rest_route=\/wp\/v2\/posts"}],"about":[{"href":"http:\/\/forst.igbau.nrw\/index.php?rest_route=\/wp\/v2\/types\/post"}],"author":[{"embeddable":true,"href":"http:\/\/forst.igbau.nrw\/index.php?rest_route=\/wp\/v2\/users\/2"}],"replies":[{"embeddable":true,"href":"http:\/\/forst.igbau.nrw\/index.php?rest_route=%2Fwp%2Fv2%2Fcomments&post=1898"}],"version-history":[{"count":2,"href":"http:\/\/forst.igbau.nrw\/index.php?rest_route=\/wp\/v2\/posts\/1898\/revisions"}],"predecessor-version":[{"id":1901,"href":"http:\/\/forst.igbau.nrw\/index.php?rest_route=\/wp\/v2\/posts\/1898\/revisions\/1901"}],"wp:featuredmedia":[{"embeddable":true,"href":"http:\/\/forst.igbau.nrw\/index.php?rest_route=\/wp\/v2\/media\/1899"}],"wp:attachment":[{"href":"http:\/\/forst.igbau.nrw\/index.php?rest_route=%2Fwp%2Fv2%2Fmedia&parent=1898"}],"wp:term":[{"taxonomy":"category","embeddable":true,"href":"http:\/\/forst.igbau.nrw\/index.php?rest_route=%2Fwp%2Fv2%2Fcategories&post=1898"},{"taxonomy":"post_tag","embeddable":true,"href":"http:\/\/forst.igbau.nrw\/index.php?rest_route=%2Fwp%2Fv2%2Ftags&post=1898"}],"curies":[{"name":"wp","href":"https:\/\/api.w.org\/{rel}","templated":true}]}}