{"id":1929,"date":"2021-03-08T22:00:29","date_gmt":"2021-03-08T22:00:29","guid":{"rendered":"http:\/\/forst.igbau.nrw\/?p=1929"},"modified":"2021-03-09T11:50:39","modified_gmt":"2021-03-09T11:50:39","slug":"aufarbeiten-sortieren-und-verladen","status":"publish","type":"post","link":"http:\/\/forst.igbau.nrw\/?p=1929","title":{"rendered":"Aufarbeiten, Sortieren und verladen."},"content":{"rendered":"<p><span class=\"css-901oao css-16my406 r-poiln3 r-bcqeeo r-qvutc0\">Die Borkenk\u00e4fer folgen den H\u00f6henlagen bis in das Obere Sauerland.<\/span><\/p>\n<p><span class=\"css-901oao css-16my406 r-poiln3 r-bcqeeo r-qvutc0\">Die Hoffung vieler Waldbesitzer und Forstleute dass die H\u00f6heren Lagen im Sauerland vor einem Befall des Borkenk\u00e4fers sch\u00fctzen hat sich in vielen F\u00e4llen leider nicht bewahrheitet. Die extreme Trockenheit und die hohen Temperaturen der letzten Jahre haben auch in den Hochlagen eine Fortsetzung des Befalls und dem Absterben der Fichtenbest\u00e4nde zur Folge.<br \/>\n<\/span><\/p>\n<figure id=\"attachment_1931\" aria-describedby=\"caption-attachment-1931\" style=\"width: 960px\" class=\"wp-caption aligncenter\"><a href=\"https:\/\/i0.wp.com\/forst.igbau.nrw\/wp-content\/uploads\/2021\/03\/Waldfotos_Kalamita%CC%88t_Sauerland_2021_03_152.jpg\"><img data-recalc-dims=\"1\" fetchpriority=\"high\" decoding=\"async\" data-attachment-id=\"1931\" data-permalink=\"http:\/\/forst.igbau.nrw\/?attachment_id=1931\" data-orig-file=\"https:\/\/i0.wp.com\/forst.igbau.nrw\/wp-content\/uploads\/2021\/03\/Waldfotos_Kalamita%CC%88t_Sauerland_2021_03_152.jpg?fit=1309%2C981\" data-orig-size=\"1309,981\" data-comments-opened=\"0\" data-image-meta=\"{&quot;aperture&quot;:&quot;4.5&quot;,&quot;credit&quot;:&quot;Peter Wicke&quot;,&quot;camera&quot;:&quot;DMC-G81&quot;,&quot;caption&quot;:&quot;&quot;,&quot;created_timestamp&quot;:&quot;1615197514&quot;,&quot;copyright&quot;:&quot;Peter Wicke&quot;,&quot;focal_length&quot;:&quot;12&quot;,&quot;iso&quot;:&quot;200&quot;,&quot;shutter_speed&quot;:&quot;0.005&quot;,&quot;title&quot;:&quot;&quot;,&quot;orientation&quot;:&quot;1&quot;}\" data-image-title=\"Waldfotos_Kalamita\u0308t_Sauerland_2021_03_152\" data-image-description=\"\" data-image-caption=\"\" data-large-file=\"https:\/\/i0.wp.com\/forst.igbau.nrw\/wp-content\/uploads\/2021\/03\/Waldfotos_Kalamita%CC%88t_Sauerland_2021_03_152.jpg?fit=640%2C479\" class=\"wp-image-1931 size-large\" src=\"https:\/\/i0.wp.com\/forst.igbau.nrw\/wp-content\/uploads\/2021\/03\/Waldfotos_Kalamita%CC%88t_Sauerland_2021_03_152.jpg?resize=640%2C479\" alt=\"\" width=\"640\" height=\"479\" srcset=\"https:\/\/i0.wp.com\/forst.igbau.nrw\/wp-content\/uploads\/2021\/03\/Waldfotos_Kalamita%CC%88t_Sauerland_2021_03_152.jpg?resize=1024%2C767 1024w, https:\/\/i0.wp.com\/forst.igbau.nrw\/wp-content\/uploads\/2021\/03\/Waldfotos_Kalamita%CC%88t_Sauerland_2021_03_152.jpg?resize=300%2C225 300w, https:\/\/i0.wp.com\/forst.igbau.nrw\/wp-content\/uploads\/2021\/03\/Waldfotos_Kalamita%CC%88t_Sauerland_2021_03_152.jpg?resize=768%2C576 768w, https:\/\/i0.wp.com\/forst.igbau.nrw\/wp-content\/uploads\/2021\/03\/Waldfotos_Kalamita%CC%88t_Sauerland_2021_03_152.jpg?resize=1140%2C854 1140w, https:\/\/i0.wp.com\/forst.igbau.nrw\/wp-content\/uploads\/2021\/03\/Waldfotos_Kalamita%CC%88t_Sauerland_2021_03_152.jpg?w=1309 1309w\" sizes=\"(max-width: 640px) 100vw, 640px\" \/><\/a><figcaption id=\"caption-attachment-1931\" class=\"wp-caption-text\">Aufgearbeitet, Sortiert und Abgelegtes Fichtenholz.<\/figcaption><\/figure>\n<p>In den zum Teil sehr steilen Hanglagen ist es eine Herausforderung die abgestorbenen Fichten zu F\u00e4llen und zu Lagern, auch der erforderliche Transport bis an eine LKW befahrbare Strasse oder Forstweg stellt alle die im Wald arbeiten vor eine gro\u00dfe Herausforderung. Dazu kommen Gefahren, die sowohl f\u00fcr alle Beteligten als auch f\u00fcr Waldbesucher durch die Toten B\u00e4ume und die gro\u00dffl\u00e4chige Holzernte wesentlich h\u00f6her sind als im &#8222;normalen&#8220; Waldalltag.<\/p>\n<p>Hier kann die Forsttechnik nur zum Teil helfen, letztendlich m\u00fcssen bei allen Arbeiten im Wald die g\u00e4ngigen Arbeits- und Gesundheitsschutzma\u00dfnahmen ber\u00fccksichtigt werden.<\/p>\n<figure id=\"attachment_1933\" aria-describedby=\"caption-attachment-1933\" style=\"width: 960px\" class=\"wp-caption aligncenter\"><a href=\"https:\/\/i0.wp.com\/forst.igbau.nrw\/wp-content\/uploads\/2021\/03\/Waldfotos_Kalamita%CC%88t_Sauerland_2021_03_145.jpg\"><img data-recalc-dims=\"1\" decoding=\"async\" data-attachment-id=\"1933\" data-permalink=\"http:\/\/forst.igbau.nrw\/?attachment_id=1933\" data-orig-file=\"https:\/\/i0.wp.com\/forst.igbau.nrw\/wp-content\/uploads\/2021\/03\/Waldfotos_Kalamita%CC%88t_Sauerland_2021_03_145.jpg?fit=1616%2C1212\" data-orig-size=\"1616,1212\" data-comments-opened=\"0\" data-image-meta=\"{&quot;aperture&quot;:&quot;5&quot;,&quot;credit&quot;:&quot;Peter Wicke&quot;,&quot;camera&quot;:&quot;DMC-G81&quot;,&quot;caption&quot;:&quot;&quot;,&quot;created_timestamp&quot;:&quot;1615197162&quot;,&quot;copyright&quot;:&quot;Peter Wicke&quot;,&quot;focal_length&quot;:&quot;12&quot;,&quot;iso&quot;:&quot;200&quot;,&quot;shutter_speed&quot;:&quot;0.004&quot;,&quot;title&quot;:&quot;&quot;,&quot;orientation&quot;:&quot;1&quot;}\" data-image-title=\"Waldfotos_Kalamita\u0308t_Sauerland_2021_03_145\" data-image-description=\"\" data-image-caption=\"\" data-large-file=\"https:\/\/i0.wp.com\/forst.igbau.nrw\/wp-content\/uploads\/2021\/03\/Waldfotos_Kalamita%CC%88t_Sauerland_2021_03_145.jpg?fit=640%2C480\" class=\"wp-image-1933 size-large\" src=\"https:\/\/i0.wp.com\/forst.igbau.nrw\/wp-content\/uploads\/2021\/03\/Waldfotos_Kalamita%CC%88t_Sauerland_2021_03_145.jpg?resize=640%2C480\" alt=\"\" width=\"640\" height=\"480\" srcset=\"https:\/\/i0.wp.com\/forst.igbau.nrw\/wp-content\/uploads\/2021\/03\/Waldfotos_Kalamita%CC%88t_Sauerland_2021_03_145.jpg?resize=1024%2C768 1024w, https:\/\/i0.wp.com\/forst.igbau.nrw\/wp-content\/uploads\/2021\/03\/Waldfotos_Kalamita%CC%88t_Sauerland_2021_03_145.jpg?resize=300%2C225 300w, https:\/\/i0.wp.com\/forst.igbau.nrw\/wp-content\/uploads\/2021\/03\/Waldfotos_Kalamita%CC%88t_Sauerland_2021_03_145.jpg?resize=768%2C576 768w, https:\/\/i0.wp.com\/forst.igbau.nrw\/wp-content\/uploads\/2021\/03\/Waldfotos_Kalamita%CC%88t_Sauerland_2021_03_145.jpg?resize=1536%2C1152 1536w, https:\/\/i0.wp.com\/forst.igbau.nrw\/wp-content\/uploads\/2021\/03\/Waldfotos_Kalamita%CC%88t_Sauerland_2021_03_145.jpg?resize=1140%2C855 1140w, https:\/\/i0.wp.com\/forst.igbau.nrw\/wp-content\/uploads\/2021\/03\/Waldfotos_Kalamita%CC%88t_Sauerland_2021_03_145.jpg?w=1616 1616w, https:\/\/i0.wp.com\/forst.igbau.nrw\/wp-content\/uploads\/2021\/03\/Waldfotos_Kalamita%CC%88t_Sauerland_2021_03_145.jpg?w=1280 1280w\" sizes=\"(max-width: 640px) 100vw, 640px\" \/><\/a><figcaption id=\"caption-attachment-1933\" class=\"wp-caption-text\">Forstraupe mit Funksteuerung und Zugseil f\u00fcr besonders steile Hanglagen.<\/figcaption><\/figure>\n<p>Der Borkenk\u00e4fer macht nicht halt an Waldbesitzergrenzen und schert sich nicht um Besitzformen, die Zuordnung der Holzmengen muss trotzdem korrekt erfolgen, da ist es manchmal erforderlich trotz GPS und Grenzsteinen pragmatische L\u00f6sungen zu finden.<\/p>\n<figure id=\"attachment_1932\" aria-describedby=\"caption-attachment-1932\" style=\"width: 960px\" class=\"wp-caption aligncenter\"><a href=\"https:\/\/i0.wp.com\/forst.igbau.nrw\/wp-content\/uploads\/2021\/03\/Waldfotos_Kalamita%CC%88t_Sauerland_2021_03_158.jpg\"><img data-recalc-dims=\"1\" decoding=\"async\" data-attachment-id=\"1932\" data-permalink=\"http:\/\/forst.igbau.nrw\/?attachment_id=1932\" data-orig-file=\"https:\/\/i0.wp.com\/forst.igbau.nrw\/wp-content\/uploads\/2021\/03\/Waldfotos_Kalamita%CC%88t_Sauerland_2021_03_158.jpg?fit=1616%2C1212\" data-orig-size=\"1616,1212\" data-comments-opened=\"0\" data-image-meta=\"{&quot;aperture&quot;:&quot;4&quot;,&quot;credit&quot;:&quot;Peter Wicke&quot;,&quot;camera&quot;:&quot;DMC-G81&quot;,&quot;caption&quot;:&quot;&quot;,&quot;created_timestamp&quot;:&quot;1615197571&quot;,&quot;copyright&quot;:&quot;Peter Wicke&quot;,&quot;focal_length&quot;:&quot;12&quot;,&quot;iso&quot;:&quot;200&quot;,&quot;shutter_speed&quot;:&quot;0.00625&quot;,&quot;title&quot;:&quot;&quot;,&quot;orientation&quot;:&quot;1&quot;}\" data-image-title=\"Waldfotos_Kalamita\u0308t_Sauerland_2021_03_158\" data-image-description=\"\" data-image-caption=\"\" data-large-file=\"https:\/\/i0.wp.com\/forst.igbau.nrw\/wp-content\/uploads\/2021\/03\/Waldfotos_Kalamita%CC%88t_Sauerland_2021_03_158.jpg?fit=640%2C480\" class=\"wp-image-1932 size-large\" src=\"https:\/\/i0.wp.com\/forst.igbau.nrw\/wp-content\/uploads\/2021\/03\/Waldfotos_Kalamita%CC%88t_Sauerland_2021_03_158.jpg?resize=640%2C480\" alt=\"\" width=\"640\" height=\"480\" srcset=\"https:\/\/i0.wp.com\/forst.igbau.nrw\/wp-content\/uploads\/2021\/03\/Waldfotos_Kalamita%CC%88t_Sauerland_2021_03_158.jpg?resize=1024%2C768 1024w, https:\/\/i0.wp.com\/forst.igbau.nrw\/wp-content\/uploads\/2021\/03\/Waldfotos_Kalamita%CC%88t_Sauerland_2021_03_158.jpg?resize=300%2C225 300w, https:\/\/i0.wp.com\/forst.igbau.nrw\/wp-content\/uploads\/2021\/03\/Waldfotos_Kalamita%CC%88t_Sauerland_2021_03_158.jpg?resize=768%2C576 768w, https:\/\/i0.wp.com\/forst.igbau.nrw\/wp-content\/uploads\/2021\/03\/Waldfotos_Kalamita%CC%88t_Sauerland_2021_03_158.jpg?resize=1536%2C1152 1536w, https:\/\/i0.wp.com\/forst.igbau.nrw\/wp-content\/uploads\/2021\/03\/Waldfotos_Kalamita%CC%88t_Sauerland_2021_03_158.jpg?resize=1140%2C855 1140w, https:\/\/i0.wp.com\/forst.igbau.nrw\/wp-content\/uploads\/2021\/03\/Waldfotos_Kalamita%CC%88t_Sauerland_2021_03_158.jpg?w=1616 1616w, https:\/\/i0.wp.com\/forst.igbau.nrw\/wp-content\/uploads\/2021\/03\/Waldfotos_Kalamita%CC%88t_Sauerland_2021_03_158.jpg?w=1280 1280w\" sizes=\"(max-width: 640px) 100vw, 640px\" \/><\/a><figcaption id=\"caption-attachment-1932\" class=\"wp-caption-text\">&#8222;Grenzbaum&#8220; f\u00fcr Waldbesitzerfl\u00e4chen<\/figcaption><\/figure>\n<p>Wird auf den Kahlfl\u00e4chen keine angepasste Wilddichte durch intensive Bejagung erreicht, erfolgt auf nat\u00fcrlichen Wege letztendlich eine\u00a0 Wiederbewaldung mit einem dominiernden Anteil an Fichte. Auf den Nachbarfl\u00e4chen in unmittelbarer Nachbarschaft mit ehemaligen Kyrillsch\u00e4den aus 2007 zeigt sich diese Entwicklung.<\/p>\n<p>Durch die sich \u00e4ndernden Klimatischen Verh\u00e4ltnissen hat diese Fichten dominierte Waldentwicklung jedoch keine Zukunft.<\/p>\n<p>Daher ist zumindest eine Unterst\u00fctzung der nat\u00fcrlichen Entwicklung des Waldes sinnvoll um die Erweiterung der Artenvielfalt schneller zu erm\u00f6glichen als dies auf nat\u00fcrlichen Wege entstehen w\u00fcrde.<\/p>\n<p>Dabei ist die Gefahr, dass das Wild die Zusammensetzung des zuk\u00fcnftigen Waldes reguliert au\u00dferordentlich gro\u00df, dies kann jedoch nicht im Sinne der \u00d6kologischen und auch \u00d6konomischen Ziele des Waldbesitzers oder der Gesellschaft sein.<\/p>\n<p>&nbsp;<\/p>\n","protected":false},"excerpt":{"rendered":"<p>Die Borkenk\u00e4fer folgen den H\u00f6henlagen bis in das Obere Sauerland. Die Hoffung vieler Waldbesitzer und Forstleute dass die H\u00f6heren Lagen im Sauerland<\/p>\n<p class=\"link-more\"><a class=\"myButt \" href=\"http:\/\/forst.igbau.nrw\/?p=1929\">Weitere Infos &#8230;<\/a><\/p>\n","protected":false},"author":2,"featured_media":1930,"comment_status":"closed","ping_status":"open","sticky":false,"template":"","format":"standard","meta":{"ngg_post_thumbnail":0,"jetpack_post_was_ever_published":false,"_jetpack_newsletter_access":"","_jetpack_dont_email_post_to_subs":false,"_jetpack_newsletter_tier_id":0,"_jetpack_memberships_contains_paywalled_content":false,"_jetpack_memberships_contains_paid_content":false,"footnotes":"","jetpack_publicize_message":"","jetpack_publicize_feature_enabled":true,"jetpack_social_post_already_shared":true,"jetpack_social_options":{"image_generator_settings":{"template":"highway","default_image_id":0,"font":"","enabled":false},"version":2}},"categories":[5],"tags":[],"class_list":["post-1929","post","type-post","status-publish","format-standard","has-post-thumbnail","hentry","category-forstwirtschaft"],"jetpack_publicize_connections":[],"jetpack_featured_media_url":"https:\/\/i0.wp.com\/forst.igbau.nrw\/wp-content\/uploads\/2021\/03\/Waldfotos_Kalamita%CC%88t_Sauerland_2021_03_155.jpg?fit=1616%2C1212","jetpack_sharing_enabled":true,"jetpack_shortlink":"https:\/\/wp.me\/p8x7f7-v7","jetpack-related-posts":[],"_links":{"self":[{"href":"http:\/\/forst.igbau.nrw\/index.php?rest_route=\/wp\/v2\/posts\/1929","targetHints":{"allow":["GET"]}}],"collection":[{"href":"http:\/\/forst.igbau.nrw\/index.php?rest_route=\/wp\/v2\/posts"}],"about":[{"href":"http:\/\/forst.igbau.nrw\/index.php?rest_route=\/wp\/v2\/types\/post"}],"author":[{"embeddable":true,"href":"http:\/\/forst.igbau.nrw\/index.php?rest_route=\/wp\/v2\/users\/2"}],"replies":[{"embeddable":true,"href":"http:\/\/forst.igbau.nrw\/index.php?rest_route=%2Fwp%2Fv2%2Fcomments&post=1929"}],"version-history":[{"count":4,"href":"http:\/\/forst.igbau.nrw\/index.php?rest_route=\/wp\/v2\/posts\/1929\/revisions"}],"predecessor-version":[{"id":1937,"href":"http:\/\/forst.igbau.nrw\/index.php?rest_route=\/wp\/v2\/posts\/1929\/revisions\/1937"}],"wp:featuredmedia":[{"embeddable":true,"href":"http:\/\/forst.igbau.nrw\/index.php?rest_route=\/wp\/v2\/media\/1930"}],"wp:attachment":[{"href":"http:\/\/forst.igbau.nrw\/index.php?rest_route=%2Fwp%2Fv2%2Fmedia&parent=1929"}],"wp:term":[{"taxonomy":"category","embeddable":true,"href":"http:\/\/forst.igbau.nrw\/index.php?rest_route=%2Fwp%2Fv2%2Fcategories&post=1929"},{"taxonomy":"post_tag","embeddable":true,"href":"http:\/\/forst.igbau.nrw\/index.php?rest_route=%2Fwp%2Fv2%2Ftags&post=1929"}],"curies":[{"name":"wp","href":"https:\/\/api.w.org\/{rel}","templated":true}]}}