{"id":1954,"date":"2021-04-09T11:55:19","date_gmt":"2021-04-09T11:55:19","guid":{"rendered":"http:\/\/forst.igbau.nrw\/?p=1954"},"modified":"2021-06-22T06:53:06","modified_gmt":"2021-06-22T06:53:06","slug":"ein-blick-in-die-nachbarschaft-nach-norden","status":"publish","type":"post","link":"http:\/\/forst.igbau.nrw\/?p=1954","title":{"rendered":"Ein Blick zu den n\u00f6rdlichen Nachbarn!"},"content":{"rendered":"\t\t<div data-elementor-type=\"wp-post\" data-elementor-id=\"1954\" class=\"elementor elementor-1954\">\n\t\t\t\t\t\t<section class=\"elementor-section elementor-top-section elementor-element elementor-element-31267f4a elementor-section-boxed elementor-section-height-default elementor-section-height-default wpr-particle-no wpr-jarallax-no wpr-parallax-no wpr-sticky-section-no wpr-equal-height-no\" data-id=\"31267f4a\" data-element_type=\"section\" data-e-type=\"section\">\n\t\t\t\t\t\t<div class=\"elementor-container elementor-column-gap-default\">\n\t\t\t\t\t<div class=\"elementor-column elementor-col-100 elementor-top-column elementor-element elementor-element-40858324\" data-id=\"40858324\" data-element_type=\"column\" data-e-type=\"column\">\n\t\t\t<div class=\"elementor-widget-wrap elementor-element-populated\">\n\t\t\t\t\t\t<div class=\"elementor-element elementor-element-4f10aa00 elementor-widget elementor-widget-text-editor\" data-id=\"4f10aa00\" data-element_type=\"widget\" data-e-type=\"widget\" data-widget_type=\"text-editor.default\">\n\t\t\t\t<div class=\"elementor-widget-container\">\n\t\t\t\t\t\t\t\t\t<pre dir=\"ltr\" data-placeholder=\"\u00dcbersetzung\">Auch in Skandinavien verschieben sich die \u00dcberlegungen einer ge\u00e4nderten Waldbewirtschaftung in Richtung einer verbesserten CO2 Bindung im Wirtschaftswald. Die hier verlinkten Untersuchungen wurden ver\u00f6ffentlicht \u00fcber die Plattformen\n<a href=\"https:\/\/forskning.no\" target=\"_blank\" rel=\"noopener\">https:\/\/forskning.no<\/a> bzw. <a href=\"https:\/\/nibio.no\" target=\"_blank\" rel=\"noopener\">https:\/\/nibio.no<\/a>. Die ver\u00f6ffentlichten Ergebnisse zeigen f\u00fcr die untersuchten Best\u00e4nde in Norwegen das gro\u00dfes Potenzial f\u00fcr eine zus\u00e4tzliche CO2 Bindung bei Verl\u00e4ngerung der in Skandinavien typischen kurzen Umtriebszeiten.\n<a href=\"https:\/\/forskning.no\/jord-og-skog-klima-miljoovervakning\/gammel-skog-kan-binde-co2-i-hundre-ar-til--om-traerne-far-sta-i-fred\/1835609\" target=\"_blank\" rel=\"noopener\"><img fetchpriority=\"high\" decoding=\"async\" data-recalc-dims=\"1\" src=\"https:\/\/i0.wp.com\/forst.igbau.nrw\/wp-content\/uploads\/2021\/04\/Fotos_LIGNA_2019_90.jpg?resize=640%2C384\" alt=\"\" width=\"640\" height=\"384\"><\/a>\n<\/pre>\n<pre id=\"tw-target-text\" dir=\"ltr\" data-placeholder=\"\u00dcbersetzung\">Die NIBIO-Forschungsergebnisse stellen in ihrem Artikel dar, dass ein \u00e4lterer Wald weiterhin ein stabiles Wachstum der Holzmasse aufweist, und das auch mit Umtriebszeiten weit jenseit der \u00fcblichen 65 Jahre als Betriebsziel. Dies gilt sowohl f\u00fcr die in Skandinavien weit verbreiteten Fichten- als auch Kiefernbest\u00e4nde. Weiterhin zeigen die Studien die Vorteile einer Abkehr von der Kahlschlagwirtschaft und damit einer gestreckten Ertragsm\u00f6glichkeit mit insgesamt h\u00f6heren Zuwachsraten. Bleibt abzuwarten wie sich die durch die Klimaver\u00e4nderungen bedingten verl\u00e4ngerten Vegetationszeiten zus\u00e4tzlich auf diese Erkenntnisse auswirken.<br><br><\/pre>\t\t\t\t\t\t\t\t<\/div>\n\t\t\t\t<\/div>\n\t\t\t\t\t<\/div>\n\t\t<\/div>\n\t\t\t\t\t<\/div>\n\t\t<\/section>\n\t\t\t\t<\/div>\n\t\t","protected":false},"excerpt":{"rendered":"<p>Auch in Skandinavien verschieben sich die \u00dcberlegungen einer ge\u00e4nderten Waldbewirtschaftung in Richtung einer verbesserten CO2 Bindung im Wirtschaftswald. Die hier verlinkten Untersuchungen<\/p>\n<p class=\"link-more\"><a class=\"myButt \" href=\"http:\/\/forst.igbau.nrw\/?p=1954\">Weitere Infos &#8230;<\/a><\/p>\n","protected":false},"author":1,"featured_media":1961,"comment_status":"closed","ping_status":"open","sticky":false,"template":"","format":"standard","meta":{"ngg_post_thumbnail":0,"jetpack_post_was_ever_published":false,"_jetpack_newsletter_access":"","_jetpack_dont_email_post_to_subs":false,"_jetpack_newsletter_tier_id":0,"_jetpack_memberships_contains_paywalled_content":false,"_jetpack_memberships_contains_paid_content":false,"footnotes":"","jetpack_publicize_message":"","jetpack_publicize_feature_enabled":true,"jetpack_social_post_already_shared":true,"jetpack_social_options":{"image_generator_settings":{"template":"highway","default_image_id":0,"font":"","enabled":false},"version":2}},"categories":[5,22],"tags":[],"class_list":["post-1954","post","type-post","status-publish","format-standard","has-post-thumbnail","hentry","category-forstwirtschaft","category-klimawandel"],"jetpack_publicize_connections":[],"jetpack_featured_media_url":"https:\/\/i0.wp.com\/forst.igbau.nrw\/wp-content\/uploads\/2021\/04\/Waldfotos_185.jpg?fit=1522%2C913","jetpack_sharing_enabled":true,"jetpack_shortlink":"https:\/\/wp.me\/p8x7f7-vw","jetpack-related-posts":[],"_links":{"self":[{"href":"http:\/\/forst.igbau.nrw\/index.php?rest_route=\/wp\/v2\/posts\/1954","targetHints":{"allow":["GET"]}}],"collection":[{"href":"http:\/\/forst.igbau.nrw\/index.php?rest_route=\/wp\/v2\/posts"}],"about":[{"href":"http:\/\/forst.igbau.nrw\/index.php?rest_route=\/wp\/v2\/types\/post"}],"author":[{"embeddable":true,"href":"http:\/\/forst.igbau.nrw\/index.php?rest_route=\/wp\/v2\/users\/1"}],"replies":[{"embeddable":true,"href":"http:\/\/forst.igbau.nrw\/index.php?rest_route=%2Fwp%2Fv2%2Fcomments&post=1954"}],"version-history":[{"count":9,"href":"http:\/\/forst.igbau.nrw\/index.php?rest_route=\/wp\/v2\/posts\/1954\/revisions"}],"predecessor-version":[{"id":1994,"href":"http:\/\/forst.igbau.nrw\/index.php?rest_route=\/wp\/v2\/posts\/1954\/revisions\/1994"}],"wp:featuredmedia":[{"embeddable":true,"href":"http:\/\/forst.igbau.nrw\/index.php?rest_route=\/wp\/v2\/media\/1961"}],"wp:attachment":[{"href":"http:\/\/forst.igbau.nrw\/index.php?rest_route=%2Fwp%2Fv2%2Fmedia&parent=1954"}],"wp:term":[{"taxonomy":"category","embeddable":true,"href":"http:\/\/forst.igbau.nrw\/index.php?rest_route=%2Fwp%2Fv2%2Fcategories&post=1954"},{"taxonomy":"post_tag","embeddable":true,"href":"http:\/\/forst.igbau.nrw\/index.php?rest_route=%2Fwp%2Fv2%2Ftags&post=1954"}],"curies":[{"name":"wp","href":"https:\/\/api.w.org\/{rel}","templated":true}]}}