{"id":1978,"date":"2021-05-15T06:43:31","date_gmt":"2021-05-15T06:43:31","guid":{"rendered":"http:\/\/forst.igbau.nrw\/?p=1978"},"modified":"2021-05-17T06:49:46","modified_gmt":"2021-05-17T06:49:46","slug":"wald-in-not-ig-bau-fordert-11-000-zusaetzliche-forstbeschaeftigte","status":"publish","type":"post","link":"http:\/\/forst.igbau.nrw\/?p=1978","title":{"rendered":"Wald in Not: IG BAU fordert zus\u00e4tzliche Forstbesch\u00e4ftigte !"},"content":{"rendered":"<p>Zu den aktuell bekannt gegebenen <a href=\"https:\/\/www.destatis.de\/DE\/Presse\/Pressemitteilungen\/2021\/05\/PD21_N031_51.html\">Zahlen des Statistischen Bundesamtes zum massiven Anstieg des Holzeinschlags<\/a> in Deutschland erkl\u00e4rt Harald Schaum, stellvertretender Bundesvorsitzender der Industriegewerkschaft Bauen-Agrar-Umwelt (IG BAU):<\/p>\n<p>&#8222;Die Zahlen zeigen, wie dramatisch die Lage in Deutschlands W\u00e4ldern ist. Die Folgen f\u00fcr das Forstpersonal sind es auch. D\u00fcrren, St\u00fcrme und Sch\u00e4dlingsbefall f\u00fchren zu einer nie dagewesenen Arbeitsbelastung bei den Besch\u00e4ftigten im Forst. Sie m\u00fcssen nicht nur eine rasant gestiegene Zahl toter B\u00e4ume aus den Forsten holen, sondern zugleich die f\u00fcr den Klimawandel gewappneten W\u00e4lder der Zukunft anlegen. In einer Branchenumfrage der Gewerkschaft klagen neun von zehn Befragten \u00fcber fehlendes Personal. Stress und Burn-out-Symptome haben besorgniserregende Ausma\u00dfe angenommen. Es ist h\u00f6chste Zeit, dass sich Bund, L\u00e4nder und Kommunen um zus\u00e4tzliche Fachkr\u00e4fte k\u00fcmmern. Bundesweit sind mindestens 11 000 weitere Forstbesch\u00e4ftigte n\u00f6tig, um der Not im Wald Herr zu werden. Allein mit der Ank\u00fcndigung von Agrarministerin Julia Kl\u00f6ckner, 500 Millionen Euro f\u00fcr Wiederaufforstung bereit zu stellen, ist es nicht getan.&#8220;<\/p>\n<p><a href=\"https:\/\/igbau.de\/Binaries\/Binary15839\/Statement-IG-BAU-Massive-Zunahme-Holzeinschlag.pdf\" target=\"_blank\" rel=\"noopener\"><img data-recalc-dims=\"1\" fetchpriority=\"high\" decoding=\"async\" data-attachment-id=\"1432\" data-permalink=\"http:\/\/forst.igbau.nrw\/?attachment_id=1432\" data-orig-file=\"https:\/\/i0.wp.com\/forst.igbau.nrw\/wp-content\/uploads\/2019\/11\/IGBAU_Soest_Sauerland_Ru%CC%88ther_2019_11_19-1.jpg?fit=1616%2C808\" data-orig-size=\"1616,808\" data-comments-opened=\"1\" data-image-meta=\"{&quot;aperture&quot;:&quot;4&quot;,&quot;credit&quot;:&quot;Peter Wicke&quot;,&quot;camera&quot;:&quot;DMC-G81&quot;,&quot;caption&quot;:&quot;&quot;,&quot;created_timestamp&quot;:&quot;1574333079&quot;,&quot;copyright&quot;:&quot;Peter Wicke&quot;,&quot;focal_length&quot;:&quot;12&quot;,&quot;iso&quot;:&quot;200&quot;,&quot;shutter_speed&quot;:&quot;0.00625&quot;,&quot;title&quot;:&quot;&quot;,&quot;orientation&quot;:&quot;1&quot;}\" data-image-title=\"IGBAU_Soest_Sauerland_Ru\u0308ther_2019_11_19-1\" data-image-description=\"\" data-image-caption=\"\" data-large-file=\"https:\/\/i0.wp.com\/forst.igbau.nrw\/wp-content\/uploads\/2019\/11\/IGBAU_Soest_Sauerland_Ru%CC%88ther_2019_11_19-1.jpg?fit=640%2C320\" class=\"aligncenter wp-image-1432 size-large\" src=\"https:\/\/i0.wp.com\/forst.igbau.nrw\/wp-content\/uploads\/2019\/11\/IGBAU_Soest_Sauerland_Ru%CC%88ther_2019_11_19-1.jpg?resize=640%2C320\" alt=\"\" width=\"640\" height=\"320\" srcset=\"https:\/\/i0.wp.com\/forst.igbau.nrw\/wp-content\/uploads\/2019\/11\/IGBAU_Soest_Sauerland_Ru%CC%88ther_2019_11_19-1.jpg?resize=1024%2C512 1024w, https:\/\/i0.wp.com\/forst.igbau.nrw\/wp-content\/uploads\/2019\/11\/IGBAU_Soest_Sauerland_Ru%CC%88ther_2019_11_19-1.jpg?resize=300%2C150 300w, https:\/\/i0.wp.com\/forst.igbau.nrw\/wp-content\/uploads\/2019\/11\/IGBAU_Soest_Sauerland_Ru%CC%88ther_2019_11_19-1.jpg?resize=768%2C384 768w, https:\/\/i0.wp.com\/forst.igbau.nrw\/wp-content\/uploads\/2019\/11\/IGBAU_Soest_Sauerland_Ru%CC%88ther_2019_11_19-1.jpg?resize=1536%2C768 1536w, https:\/\/i0.wp.com\/forst.igbau.nrw\/wp-content\/uploads\/2019\/11\/IGBAU_Soest_Sauerland_Ru%CC%88ther_2019_11_19-1.jpg?resize=1080%2C540 1080w, https:\/\/i0.wp.com\/forst.igbau.nrw\/wp-content\/uploads\/2019\/11\/IGBAU_Soest_Sauerland_Ru%CC%88ther_2019_11_19-1.jpg?resize=1140%2C570 1140w, https:\/\/i0.wp.com\/forst.igbau.nrw\/wp-content\/uploads\/2019\/11\/IGBAU_Soest_Sauerland_Ru%CC%88ther_2019_11_19-1.jpg?w=1616 1616w, https:\/\/i0.wp.com\/forst.igbau.nrw\/wp-content\/uploads\/2019\/11\/IGBAU_Soest_Sauerland_Ru%CC%88ther_2019_11_19-1.jpg?w=1280 1280w\" sizes=\"(max-width: 640px) 100vw, 640px\" \/><\/a><\/p>\n<div class=\"col col1 col-md-12 col-sm-12 type4 last first\">\n<div id=\"entry44033\" class=\"entry textentry \">\n<div class=\"hyphenate tinymce-content\">\n<p>&nbsp;<\/p>\n<\/div>\n<\/div>\n<\/div>\n","protected":false},"excerpt":{"rendered":"<p>Zu den aktuell bekannt gegebenen Zahlen des Statistischen Bundesamtes zum massiven Anstieg des Holzeinschlags in Deutschland erkl\u00e4rt Harald Schaum, stellvertretender Bundesvorsitzender der<\/p>\n<p class=\"link-more\"><a class=\"myButt \" href=\"http:\/\/forst.igbau.nrw\/?p=1978\">Weitere Infos &#8230;<\/a><\/p>\n","protected":false},"author":2,"featured_media":1899,"comment_status":"closed","ping_status":"open","sticky":false,"template":"","format":"standard","meta":{"ngg_post_thumbnail":0,"jetpack_post_was_ever_published":false,"_jetpack_newsletter_access":"","_jetpack_dont_email_post_to_subs":false,"_jetpack_newsletter_tier_id":0,"_jetpack_memberships_contains_paywalled_content":false,"_jetpack_memberships_contains_paid_content":false,"footnotes":"","jetpack_publicize_message":"","jetpack_publicize_feature_enabled":true,"jetpack_social_post_already_shared":true,"jetpack_social_options":{"image_generator_settings":{"template":"highway","default_image_id":0,"font":"","enabled":false},"version":2}},"categories":[8],"tags":[],"class_list":["post-1978","post","type-post","status-publish","format-standard","has-post-thumbnail","hentry","category-ig-bau"],"jetpack_publicize_connections":[],"jetpack_featured_media_url":"https:\/\/i0.wp.com\/forst.igbau.nrw\/wp-content\/uploads\/2020\/12\/IGBAU_Forst-scaled.jpg?fit=2560%2C1706","jetpack_sharing_enabled":true,"jetpack_shortlink":"https:\/\/wp.me\/p8x7f7-vU","jetpack-related-posts":[],"_links":{"self":[{"href":"http:\/\/forst.igbau.nrw\/index.php?rest_route=\/wp\/v2\/posts\/1978","targetHints":{"allow":["GET"]}}],"collection":[{"href":"http:\/\/forst.igbau.nrw\/index.php?rest_route=\/wp\/v2\/posts"}],"about":[{"href":"http:\/\/forst.igbau.nrw\/index.php?rest_route=\/wp\/v2\/types\/post"}],"author":[{"embeddable":true,"href":"http:\/\/forst.igbau.nrw\/index.php?rest_route=\/wp\/v2\/users\/2"}],"replies":[{"embeddable":true,"href":"http:\/\/forst.igbau.nrw\/index.php?rest_route=%2Fwp%2Fv2%2Fcomments&post=1978"}],"version-history":[{"count":4,"href":"http:\/\/forst.igbau.nrw\/index.php?rest_route=\/wp\/v2\/posts\/1978\/revisions"}],"predecessor-version":[{"id":1982,"href":"http:\/\/forst.igbau.nrw\/index.php?rest_route=\/wp\/v2\/posts\/1978\/revisions\/1982"}],"wp:featuredmedia":[{"embeddable":true,"href":"http:\/\/forst.igbau.nrw\/index.php?rest_route=\/wp\/v2\/media\/1899"}],"wp:attachment":[{"href":"http:\/\/forst.igbau.nrw\/index.php?rest_route=%2Fwp%2Fv2%2Fmedia&parent=1978"}],"wp:term":[{"taxonomy":"category","embeddable":true,"href":"http:\/\/forst.igbau.nrw\/index.php?rest_route=%2Fwp%2Fv2%2Fcategories&post=1978"},{"taxonomy":"post_tag","embeddable":true,"href":"http:\/\/forst.igbau.nrw\/index.php?rest_route=%2Fwp%2Fv2%2Ftags&post=1978"}],"curies":[{"name":"wp","href":"https:\/\/api.w.org\/{rel}","templated":true}]}}