{"id":1985,"date":"2021-06-22T06:49:40","date_gmt":"2021-06-22T06:49:40","guid":{"rendered":"http:\/\/forst.igbau.nrw\/?p=1985"},"modified":"2021-06-22T07:31:45","modified_gmt":"2021-06-22T07:31:45","slug":"traumberuf-oder-nur-beschaeftigungsverhaeltnis","status":"publish","type":"post","link":"http:\/\/forst.igbau.nrw\/?p=1985","title":{"rendered":"Traumberuf oder nur Besch\u00e4ftigungsverh\u00e4ltnis"},"content":{"rendered":"<p>Ist das Berufsziel F\u00f6rsterin oder F\u00f6rster im Zeichen der ver\u00e4nderten Berufs- und Umweltbedingungen \u00fcberhaupt noch erstrebenswert?<\/p>\n<p>In Zeiten von Bullshit Jobs (David Graeber, 2018), bei denen die verrichtete Arbeit aus nutzloser T\u00e4tigkeit besteht, welche als nicht sinnhaft wahrgenommen wird, taucht die Frage auf: Wie zufrieden mit ihrem Beruf sind momentan die F\u00f6rsterinnen und F\u00f6rster im Revierdienst in NRW?&nbsp;<\/p>\n<p>Die Antwort ist eher verheerend: Stress- und \u00dcberlastungserscheinungen, die sich nicht nur im Arbeitsalltag, sondern auch schon im privaten Bereich manifestieren. Allzu deutlich wird dies bei den Themen Zeitdruck, hohes Arbeitsvolumen, mangelnde Planbarkeit der Arbeitszeit und Unzufriedenheit mit manchen Vorgesetzten. Selbst mit Hilfe einer guten digitalen Ausstattung in den Forstbetriebsbezirken f\u00e4llt es oft schwer, alle beruflichen Aufgaben im Rahmen der Arbeitszeit gewissenhaft zu erledigen.<\/p>\n<p style=\"text-align: center;\"><strong><em>\u201eGar nicht lustig hat\u00b4s die Forstpartie- der (Fichten-) Wald, der stirbt auch ohne sie<\/em><\/strong><strong>\u201c &nbsp;&nbsp;&nbsp;&nbsp;&nbsp;&nbsp;&nbsp;&nbsp;&nbsp;&nbsp;&nbsp;&nbsp;&nbsp;&nbsp;&nbsp;&nbsp;&nbsp;&nbsp;&nbsp;&nbsp;&nbsp;&nbsp;&nbsp;&nbsp;&nbsp;&nbsp;&nbsp;&nbsp;&nbsp;&nbsp;&nbsp;&nbsp;&nbsp;&nbsp;&nbsp;&nbsp;&nbsp;&nbsp;&nbsp;&nbsp;&nbsp;<\/strong>l\u00e4sst sich die alte Volkweisheit umdichten.<\/p>\n<p>Dem gr\u00fcnen Dauerpatienten (Neues Deutschland, 2013) geht es wirklich nicht gut und wie ist es um seine Pflegerinnen und Pfleger bestellt? In NRW hei\u00dfen die F\u00f6rster*innen jetzt etwas hochtrabend \u201eH\u00fcter des Waldes\u201c, hoffentlich werden wir diesem Anspruch gerecht. Es ist f\u00fcr viele Kollegen*innen deprimierend, die langj\u00e4hrig geh\u00fcteten Fichtenw\u00e4lder im verp\u00f6nten Kahlschlagmodus abzur\u00e4umen. Neu f\u00fcr uns ist die Arbeit unter den Bedingungen eines globalen Marktes, der nicht nach heimischen S\u00e4gewerken, regionalen Einschlags-unternehmen oder nach gewachsenen Strukturen fragt.<\/p>\n<p style=\"text-align: center;\">\u201e<em>Des Menschen Gestern gleichet nie dem Morgen und nichts als der Wechsel hat Bestand.\u201c <\/em><\/p>\n<p style=\"text-align: center;\"><em>(<\/em><em>Percy Bysshe Shelley)<\/em><\/p>\n<p><a href=\"https:\/\/i0.wp.com\/forst.igbau.nrw\/wp-content\/uploads\/2021\/06\/Ka%CC%88fer5-scaled.jpg\"><img data-recalc-dims=\"1\" fetchpriority=\"high\" decoding=\"async\" data-attachment-id=\"1999\" data-permalink=\"http:\/\/forst.igbau.nrw\/?attachment_id=1999\" data-orig-file=\"https:\/\/i0.wp.com\/forst.igbau.nrw\/wp-content\/uploads\/2021\/06\/Ka%CC%88fer5-scaled.jpg?fit=2560%2C1920\" data-orig-size=\"2560,1920\" data-comments-opened=\"0\" data-image-meta=\"{&quot;aperture&quot;:&quot;3.2&quot;,&quot;credit&quot;:&quot;&quot;,&quot;camera&quot;:&quot;COOLPIX S3000&quot;,&quot;caption&quot;:&quot;&quot;,&quot;created_timestamp&quot;:&quot;1597415447&quot;,&quot;copyright&quot;:&quot;&quot;,&quot;focal_length&quot;:&quot;4.9&quot;,&quot;iso&quot;:&quot;80&quot;,&quot;shutter_speed&quot;:&quot;0.0015625&quot;,&quot;title&quot;:&quot;&quot;,&quot;orientation&quot;:&quot;1&quot;}\" data-image-title=\"Ka\u0308fersch\u00e4den\" data-image-description=\"\" data-image-caption=\"\" data-large-file=\"https:\/\/i0.wp.com\/forst.igbau.nrw\/wp-content\/uploads\/2021\/06\/Ka%CC%88fer5-scaled.jpg?fit=640%2C480\" class=\"aligncenter wp-image-1999 size-large\" src=\"https:\/\/i0.wp.com\/forst.igbau.nrw\/wp-content\/uploads\/2021\/06\/Ka%CC%88fer5.jpg?resize=640%2C480\" alt=\"\" width=\"640\" height=\"480\" srcset=\"https:\/\/i0.wp.com\/forst.igbau.nrw\/wp-content\/uploads\/2021\/06\/Ka%CC%88fer5-scaled.jpg?resize=1024%2C768 1024w, https:\/\/i0.wp.com\/forst.igbau.nrw\/wp-content\/uploads\/2021\/06\/Ka%CC%88fer5-scaled.jpg?resize=300%2C225 300w, https:\/\/i0.wp.com\/forst.igbau.nrw\/wp-content\/uploads\/2021\/06\/Ka%CC%88fer5-scaled.jpg?resize=768%2C576 768w, https:\/\/i0.wp.com\/forst.igbau.nrw\/wp-content\/uploads\/2021\/06\/Ka%CC%88fer5-scaled.jpg?resize=1536%2C1152 1536w, https:\/\/i0.wp.com\/forst.igbau.nrw\/wp-content\/uploads\/2021\/06\/Ka%CC%88fer5-scaled.jpg?resize=2048%2C1536 2048w, https:\/\/i0.wp.com\/forst.igbau.nrw\/wp-content\/uploads\/2021\/06\/Ka%CC%88fer5-scaled.jpg?resize=1140%2C855 1140w, https:\/\/i0.wp.com\/forst.igbau.nrw\/wp-content\/uploads\/2021\/06\/Ka%CC%88fer5-scaled.jpg?w=1280 1280w, https:\/\/i0.wp.com\/forst.igbau.nrw\/wp-content\/uploads\/2021\/06\/Ka%CC%88fer5-scaled.jpg?w=1920 1920w\" sizes=\"(max-width: 640px) 100vw, 640px\" \/><\/a><\/p>\n<p>Wer wei\u00df das nicht besser als die von permanenten Organisations\u00e4nderungen betroffenen Landesforst-verwaltungen. Schon in der von der gewerkschaftsnahen Hans-B\u00f6ckler-Stiftung gef\u00f6rderten und lesenswerten Studie Die zwei Herzen der Forstwirtschaft (2010) hei\u00dft es:<\/p>\n<p>\u201eMit den Innovationen ging h\u00e4ufig eine Verschlechterung der Arbeitsbedingungen einher. In der Regel nahm u.a. der Arbeitsstress zu und der Leistungsdruck hat sich in Folge der Innovationen erh\u00f6ht. Dies zeigte sich bei allen betrachteten Innovationsarten.\u201c<\/p>\n<p>Reformen und Innovationen? Klar, selbstverst\u00e4ndlich. Wir m\u00fcssen uns den Herausforderungen unserer Zeit widmen, aber nicht, indem wir die Anw\u00e4rterzeit verl\u00e4ngern, das Controlling weiter auspr\u00e4gen, Zielfestlegungen mit noch mehr Kennziffern untermauern und dann meinen, den besseren \u00dcberblick (wof\u00fcr eigentlich?) zu bekommen. Das w\u00fcrde nur bedeuten, noch mehr Energien in fragw\u00fcrdige Verwaltungst\u00e4tigkeiten zu investieren.<\/p>\n<p>Das k\u00fcnstliche Aufbl\u00e4hen des administrativen Sektors f\u00fchrt allenthalben zu Frustrationen: \u201edie da oben wissen doch \u00fcberhaupt nicht, was hier drau\u00dfen los ist.\u201c (siehe o.g. Studie)<\/p>\n<p>Politische Vorgaben, abh\u00e4ngig von der jeweiligen Landesregierung, lassen die Identifikation mit der Forstverwaltung und das Vertrauen zum Arbeitgeber auf ein Minimum schwinden. Zur Not muss dann ein neues Leitbild her.<\/p>\n<p><a href=\"https:\/\/i0.wp.com\/forst.igbau.nrw\/wp-content\/uploads\/2021\/06\/Ka%CC%88fer7.jpg\"><img data-recalc-dims=\"1\" decoding=\"async\" data-attachment-id=\"2001\" data-permalink=\"http:\/\/forst.igbau.nrw\/?attachment_id=2001\" data-orig-file=\"https:\/\/i0.wp.com\/forst.igbau.nrw\/wp-content\/uploads\/2021\/06\/Ka%CC%88fer7.jpg?fit=1920%2C1080\" data-orig-size=\"1920,1080\" data-comments-opened=\"0\" data-image-meta=\"{&quot;aperture&quot;:&quot;0&quot;,&quot;credit&quot;:&quot;&quot;,&quot;camera&quot;:&quot;&quot;,&quot;caption&quot;:&quot;&quot;,&quot;created_timestamp&quot;:&quot;0&quot;,&quot;copyright&quot;:&quot;&quot;,&quot;focal_length&quot;:&quot;0&quot;,&quot;iso&quot;:&quot;0&quot;,&quot;shutter_speed&quot;:&quot;0&quot;,&quot;title&quot;:&quot;&quot;,&quot;orientation&quot;:&quot;0&quot;}\" data-image-title=\"Ka\u0308fersch\u00e4den_1\" data-image-description=\"\" data-image-caption=\"\" data-large-file=\"https:\/\/i0.wp.com\/forst.igbau.nrw\/wp-content\/uploads\/2021\/06\/Ka%CC%88fer7.jpg?fit=640%2C360\" class=\"aligncenter size-large wp-image-2001\" src=\"https:\/\/i0.wp.com\/forst.igbau.nrw\/wp-content\/uploads\/2021\/06\/Ka%CC%88fer7.jpg?resize=640%2C360\" alt=\"\" width=\"640\" height=\"360\" srcset=\"https:\/\/i0.wp.com\/forst.igbau.nrw\/wp-content\/uploads\/2021\/06\/Ka%CC%88fer7.jpg?resize=1024%2C576 1024w, https:\/\/i0.wp.com\/forst.igbau.nrw\/wp-content\/uploads\/2021\/06\/Ka%CC%88fer7.jpg?resize=300%2C169 300w, https:\/\/i0.wp.com\/forst.igbau.nrw\/wp-content\/uploads\/2021\/06\/Ka%CC%88fer7.jpg?resize=768%2C432 768w, https:\/\/i0.wp.com\/forst.igbau.nrw\/wp-content\/uploads\/2021\/06\/Ka%CC%88fer7.jpg?resize=1536%2C864 1536w, https:\/\/i0.wp.com\/forst.igbau.nrw\/wp-content\/uploads\/2021\/06\/Ka%CC%88fer7.jpg?resize=1140%2C641 1140w, https:\/\/i0.wp.com\/forst.igbau.nrw\/wp-content\/uploads\/2021\/06\/Ka%CC%88fer7.jpg?w=1920 1920w, https:\/\/i0.wp.com\/forst.igbau.nrw\/wp-content\/uploads\/2021\/06\/Ka%CC%88fer7.jpg?w=1280 1280w\" sizes=\"(max-width: 640px) 100vw, 640px\" \/><\/a><\/p>\n<p>Es ist nicht unwahrscheinlich, dass sich G\u00f6ttinger Forstabsolventen \u201enach wie vor eine sichere Arbeit mit forstlichen Aufgaben w\u00fcnschen, welche gesellschaftliche Ziele im Wald erf\u00fcllen und deshalb auch pers\u00f6nlich Freude bereiten\u201c, wie die o.g. Studie berichtete und was auch heute noch aktuell sein kann.&nbsp;&nbsp;&nbsp;&nbsp;&nbsp;&nbsp;&nbsp;&nbsp;&nbsp;&nbsp;&nbsp;&nbsp;&nbsp;&nbsp;&nbsp;&nbsp;&nbsp;&nbsp;&nbsp;&nbsp;&nbsp;&nbsp;&nbsp;&nbsp;&nbsp;&nbsp;&nbsp;&nbsp;&nbsp;&nbsp;&nbsp;&nbsp;&nbsp;&nbsp;&nbsp;&nbsp;&nbsp;&nbsp;&nbsp;&nbsp;&nbsp;&nbsp;&nbsp;&nbsp;&nbsp;&nbsp;&nbsp;&nbsp;&nbsp;&nbsp;&nbsp;&nbsp;&nbsp;&nbsp;&nbsp;&nbsp;&nbsp;&nbsp;&nbsp;&nbsp;&nbsp;&nbsp;&nbsp;&nbsp;&nbsp;&nbsp;&nbsp;&nbsp;&nbsp;&nbsp;&nbsp;&nbsp;&nbsp;&nbsp;&nbsp;&nbsp;<\/p>\n<p>Die Arbeit soll Spa\u00df machen, kreativ und autonom sein, sie soll nicht nur eine Einkommensquelle sein, sondern muss Sinn stiften und Selbstverwirklichungsanspr\u00fcchen Raum geben (vgl. Baethge, Kruger, Vosswinkel). Kurz gesagt: Das Leben kann unm\u00f6glich nur aus Geldverdienen und Geldausgeben bestehen!<\/p>\n<p style=\"text-align: left;\">Weshalb nun haben sich Berufsanf\u00e4nger*innen f\u00fcr den Forstberuf interessiert? Die Antworten sind vielseitig und manchmal auch verwunderlich. Doch die Wenigsten halten die Forstverwaltung f\u00fcr eine staatliche Umweltschutzbeh\u00f6rde, was z.B. bei den oft zu gro\u00dfen gebr\u00e4uchlichen SUV- Dienstwagen oder dem m\u00f6glichen Einsatz von Insektiziden als sogenannte \u201eUltima Ratio\u201c in NRW nicht unbedingt \u00fcberrascht. Falls die landeseigene Forstorganisation den Wechsel zur echten Umweltverwaltung verpasst, wird sie bald zur reinen Hoheitsinstitution, welche nur noch die Einhaltung von gesetzlichen Vorgaben \u00fcberwacht.<\/p>\n<p style=\"text-align: left;\"><a href=\"https:\/\/i0.wp.com\/forst.igbau.nrw\/wp-content\/uploads\/2021\/06\/Waldfotos_186-scaled.jpg\"><img data-recalc-dims=\"1\" decoding=\"async\" data-attachment-id=\"1991\" data-permalink=\"http:\/\/forst.igbau.nrw\/?attachment_id=1991\" data-orig-file=\"https:\/\/i0.wp.com\/forst.igbau.nrw\/wp-content\/uploads\/2021\/06\/Waldfotos_186-scaled.jpg?fit=2560%2C1920\" data-orig-size=\"2560,1920\" data-comments-opened=\"0\" data-image-meta=\"{&quot;aperture&quot;:&quot;16&quot;,&quot;credit&quot;:&quot;&quot;,&quot;camera&quot;:&quot;DMC-G81&quot;,&quot;caption&quot;:&quot;&quot;,&quot;created_timestamp&quot;:&quot;1617113445&quot;,&quot;copyright&quot;:&quot;&quot;,&quot;focal_length&quot;:&quot;12&quot;,&quot;iso&quot;:&quot;800&quot;,&quot;shutter_speed&quot;:&quot;0.002&quot;,&quot;title&quot;:&quot;&quot;,&quot;orientation&quot;:&quot;1&quot;}\" data-image-title=\"Waldfotos_186\" data-image-description=\"\" data-image-caption=\"\" data-large-file=\"https:\/\/i0.wp.com\/forst.igbau.nrw\/wp-content\/uploads\/2021\/06\/Waldfotos_186-scaled.jpg?fit=640%2C480\" class=\"aligncenter wp-image-1991 size-large\" src=\"https:\/\/i0.wp.com\/forst.igbau.nrw\/wp-content\/uploads\/2021\/06\/Waldfotos_186.jpg?resize=640%2C480\" alt=\"Waldsch\u00e4den\" width=\"640\" height=\"480\" srcset=\"https:\/\/i0.wp.com\/forst.igbau.nrw\/wp-content\/uploads\/2021\/06\/Waldfotos_186-scaled.jpg?resize=1024%2C768 1024w, https:\/\/i0.wp.com\/forst.igbau.nrw\/wp-content\/uploads\/2021\/06\/Waldfotos_186-scaled.jpg?resize=300%2C225 300w, https:\/\/i0.wp.com\/forst.igbau.nrw\/wp-content\/uploads\/2021\/06\/Waldfotos_186-scaled.jpg?resize=768%2C576 768w, https:\/\/i0.wp.com\/forst.igbau.nrw\/wp-content\/uploads\/2021\/06\/Waldfotos_186-scaled.jpg?resize=1536%2C1152 1536w, https:\/\/i0.wp.com\/forst.igbau.nrw\/wp-content\/uploads\/2021\/06\/Waldfotos_186-scaled.jpg?resize=2048%2C1536 2048w, https:\/\/i0.wp.com\/forst.igbau.nrw\/wp-content\/uploads\/2021\/06\/Waldfotos_186-scaled.jpg?resize=1140%2C855 1140w, https:\/\/i0.wp.com\/forst.igbau.nrw\/wp-content\/uploads\/2021\/06\/Waldfotos_186-scaled.jpg?w=1280 1280w, https:\/\/i0.wp.com\/forst.igbau.nrw\/wp-content\/uploads\/2021\/06\/Waldfotos_186-scaled.jpg?w=1920 1920w\" sizes=\"(max-width: 640px) 100vw, 640px\" \/><\/a><\/p>\n<p style=\"text-align: left;\"><strong>\u201eWer zu sp\u00e4t handelt, den bestraft das CO<\/strong><strong>2<\/strong><strong>\u201c <\/strong><strong>&nbsp;&nbsp;&nbsp;&nbsp;&nbsp;&nbsp;&nbsp;&nbsp;&nbsp;&nbsp;&nbsp;&nbsp;&nbsp;&nbsp;&nbsp;&nbsp;&nbsp;&nbsp;&nbsp;&nbsp;<\/strong>&nbsp;&nbsp;&nbsp;&nbsp;&nbsp;&nbsp;&nbsp;&nbsp;<\/p>\n<p style=\"text-align: left;\">titelte k\u00fcrzlich die Wochenzeitung \u201eder Freitag\u201c nach der Entscheidung des Bundesverfassungsgerichtes zum Klima-schutzgesetz der Bundesregierung. Der Forstverwaltung steht dabei eine Vorreiterrolle zu, die sich nicht ausschlie\u00dflich im Bewerten der Klimaleistungen \u201eihrer\u201c W\u00e4lder ersch\u00f6pfen kann. Im Wald zeigt sich der Klimawandel augenblicklich wie in einem Brennglas. Wer das nicht zur Kenntnis nehmen will, verschlie\u00dft die Augen vor den deutlichen Hinweisen unserer Umwelt.<\/p>\n<p style=\"text-align: left;\">Um zu der Anfangsfrage zur\u00fcckzukehren: Wir d\u00fcrfen die bisherige optimistische Haltung gegen\u00fcber unserer beruflichen Zukunft nicht verlieren. Vielleicht ist es an der Zeit, Arbeit neu zu definieren. Was \u201eGute Arbeit\u201c bedeuten kann, versucht der Deutsche Gewerkschaftsbund (DGB) schon seit 2006 zu vermitteln. Warum werden so viele gute Ideen nicht ernst genommen?<\/p>\n<p>Ehrlich gesagt wissen auch wir F\u00f6rster*innen nicht so genau, wie die zuk\u00fcnftigen W\u00e4lder aussehen werden, trotzdem sollten wir uns gemeinsam mit den Waldbesitzer*innen darum k\u00fcmmern, die neuen und besser klimaangepassten Baumgesellschaften aufzubauen.&nbsp;&nbsp;&nbsp;&nbsp;&nbsp;&nbsp; &nbsp;&nbsp;&nbsp;&nbsp;&nbsp;&nbsp;&nbsp;&nbsp;&nbsp;&nbsp;&nbsp;&nbsp;&nbsp;&nbsp;&nbsp;&nbsp;&nbsp;&nbsp;&nbsp;&nbsp;&nbsp;&nbsp;&nbsp;&nbsp;&nbsp;&nbsp;&nbsp;&nbsp;<\/p>\n<p>Deshalb bedarf es unbedingt junger, engagierter und hoffnungsfroher Menschen, die vielleicht sogar mit einem gewissen Mangel an Realismus behaftet sind.&nbsp;&nbsp;&nbsp;&nbsp;&nbsp;&nbsp;&nbsp;&nbsp;&nbsp;&nbsp;&nbsp;&nbsp;&nbsp;&nbsp;&nbsp;&nbsp;&nbsp;&nbsp;&nbsp;&nbsp;&nbsp;&nbsp;&nbsp;&nbsp;&nbsp;&nbsp;&nbsp;&nbsp;&nbsp;&nbsp;&nbsp;&nbsp;&nbsp;&nbsp;&nbsp;&nbsp;&nbsp;&nbsp;&nbsp;&nbsp;&nbsp;&nbsp;&nbsp;&nbsp;&nbsp;&nbsp;&nbsp;&nbsp;&nbsp;&nbsp;&nbsp;&nbsp;&nbsp;&nbsp;&nbsp;&nbsp;&nbsp;&nbsp;&nbsp;&nbsp;&nbsp;&nbsp;&nbsp;&nbsp;&nbsp;&nbsp;&nbsp;&nbsp;&nbsp;&nbsp;&nbsp;&nbsp;&nbsp;&nbsp;<\/p>\n<p style=\"text-align: center;\">Oder wie Rutger Bregman in seinem Buch: Utopien f\u00fcr Realisten (2017) schreibt:<\/p>\n<p style=\"text-align: center;\">\u201eIch bin der Meinung, dass wir eine neue Arbeiterbewegung brauchen, n\u00e4mlich eine, die nicht nur f\u00fcr mehr Arbeitspl\u00e4tze und h\u00f6here L\u00f6hne, sondern vor allem f\u00fcr eine Arbeit k\u00e4mpft, die <em>an sich sinnvoll<\/em> ist.\u201c<\/p>\n<p>&nbsp;<\/p>\n<p>Stefan D\u00f6rr IG BAU Landesvertretung Forst NRW<\/p>\n","protected":false},"excerpt":{"rendered":"<p>Ist das Berufsziel F\u00f6rsterin oder F\u00f6rster im Zeichen der ver\u00e4nderten Berufs- und Umweltbedingungen \u00fcberhaupt noch erstrebenswert? In Zeiten von Bullshit Jobs (David<\/p>\n<p class=\"link-more\"><a class=\"myButt \" href=\"http:\/\/forst.igbau.nrw\/?p=1985\">Weitere Infos &#8230;<\/a><\/p>\n","protected":false},"author":1,"featured_media":1986,"comment_status":"closed","ping_status":"open","sticky":false,"template":"","format":"standard","meta":{"ngg_post_thumbnail":0,"jetpack_post_was_ever_published":false,"_jetpack_newsletter_access":"","_jetpack_dont_email_post_to_subs":false,"_jetpack_newsletter_tier_id":0,"_jetpack_memberships_contains_paywalled_content":false,"_jetpack_memberships_contains_paid_content":false,"footnotes":"","jetpack_publicize_message":"","jetpack_publicize_feature_enabled":true,"jetpack_social_post_already_shared":true,"jetpack_social_options":{"image_generator_settings":{"template":"highway","default_image_id":0,"font":"","enabled":false},"version":2}},"categories":[4,5,8,22],"tags":[],"class_list":["post-1985","post","type-post","status-publish","format-standard","has-post-thumbnail","hentry","category-forstpolitik","category-forstwirtschaft","category-ig-bau","category-klimawandel"],"jetpack_publicize_connections":[],"jetpack_featured_media_url":"https:\/\/i0.wp.com\/forst.igbau.nrw\/wp-content\/uploads\/2021\/06\/Waldfotos_182-scaled.jpg?fit=2560%2C1920","jetpack_sharing_enabled":true,"jetpack_shortlink":"https:\/\/wp.me\/p8x7f7-w1","jetpack-related-posts":[],"_links":{"self":[{"href":"http:\/\/forst.igbau.nrw\/index.php?rest_route=\/wp\/v2\/posts\/1985","targetHints":{"allow":["GET"]}}],"collection":[{"href":"http:\/\/forst.igbau.nrw\/index.php?rest_route=\/wp\/v2\/posts"}],"about":[{"href":"http:\/\/forst.igbau.nrw\/index.php?rest_route=\/wp\/v2\/types\/post"}],"author":[{"embeddable":true,"href":"http:\/\/forst.igbau.nrw\/index.php?rest_route=\/wp\/v2\/users\/1"}],"replies":[{"embeddable":true,"href":"http:\/\/forst.igbau.nrw\/index.php?rest_route=%2Fwp%2Fv2%2Fcomments&post=1985"}],"version-history":[{"count":4,"href":"http:\/\/forst.igbau.nrw\/index.php?rest_route=\/wp\/v2\/posts\/1985\/revisions"}],"predecessor-version":[{"id":2002,"href":"http:\/\/forst.igbau.nrw\/index.php?rest_route=\/wp\/v2\/posts\/1985\/revisions\/2002"}],"wp:featuredmedia":[{"embeddable":true,"href":"http:\/\/forst.igbau.nrw\/index.php?rest_route=\/wp\/v2\/media\/1986"}],"wp:attachment":[{"href":"http:\/\/forst.igbau.nrw\/index.php?rest_route=%2Fwp%2Fv2%2Fmedia&parent=1985"}],"wp:term":[{"taxonomy":"category","embeddable":true,"href":"http:\/\/forst.igbau.nrw\/index.php?rest_route=%2Fwp%2Fv2%2Fcategories&post=1985"},{"taxonomy":"post_tag","embeddable":true,"href":"http:\/\/forst.igbau.nrw\/index.php?rest_route=%2Fwp%2Fv2%2Ftags&post=1985"}],"curies":[{"name":"wp","href":"https:\/\/api.w.org\/{rel}","templated":true}]}}