{"id":1995,"date":"2021-06-18T06:59:09","date_gmt":"2021-06-18T06:59:09","guid":{"rendered":"http:\/\/forst.igbau.nrw\/?p=1995"},"modified":"2021-06-22T07:22:09","modified_gmt":"2021-06-22T07:22:09","slug":"frankreich-will-forststellen-reduzieren-trotz-grosser-waldschaeden","status":"publish","type":"post","link":"http:\/\/forst.igbau.nrw\/?p=1995","title":{"rendered":"Frankreich will  Forststellen reduzieren trotz gro\u00dfer Waldsch\u00e4den !"},"content":{"rendered":"<p>V\u00f6llig unverst\u00e4ndlich erscheint die Pressemitteilung der Franz\u00f6sichen Politik vom 10. 06. 2021, fast 500 Stellen von 8400 Besch\u00e4ftigten in der Forstverwaltung abzubauen.<\/p>\n<p>In mehreren Franz\u00f6sischen Zeitungen, unter anderen im &#8222;Le Figaro&#8220; wird die Entscheidung kritisiert, dass obwohl auch in Frankreich ein Programm von 150 Mio Euro f\u00fcr 5 Jahre zur Aufforstung von W\u00e4ldern genutzt werden sollen, die Menschen die es umsetzen jedoch werden abgebaut.<\/p>\n<p>Der Abbau von fast 500 Vollzeitstellen beim Office national des for\u00eats (ONF) soll die &#8222;desolate&#8220; Finanzlage der Staatlichen Forstverwaltung ausgleichen.<\/p>\n<p>Unsere Kolleginnen und Kollegen in den Fach-Gewerkschaften in Frankreich bef\u00fcrchten seit l\u00e4ngeren diesen Schritt, der aus Sicht der Gewerkschaften einhergehen w\u00fcrde mit einer grunds\u00e4tzlichen Verschlechterung der Arbeitsbedingungen durch Mehrarbeit und Gesundheitlicher Mehrbelastung.<\/p>\n<p>Auch hier soll der durch den Klimawandel und das Waldsterben erforderliche Mehraufwand zur Erhaltung und Erneuerung der W\u00e4lder auf immer weniger Schultern verteilt werden.<\/p>\n<p><a href=\"https:\/\/www.lefigaro.fr\/flash-eco\/l-office-national-des-forets-onf-va-supprimer-pres-de-500-postes-en-cinq-ans-20210618\" target=\"_blank\" rel=\"noopener\">https:\/\/www.lefigaro.fr<\/a><\/p>\n<p><a href=\"https:\/\/www.onf.fr\" target=\"_blank\" rel=\"noopener\">https:\/\/www.onf.fr<\/a><\/p>\n","protected":false},"excerpt":{"rendered":"<p>V\u00f6llig unverst\u00e4ndlich erscheint die Pressemitteilung der Franz\u00f6sichen Politik vom 10. 06. 2021, fast 500 Stellen von 8400 Besch\u00e4ftigten in der Forstverwaltung abzubauen.<\/p>\n<p class=\"link-more\"><a class=\"myButt \" href=\"http:\/\/forst.igbau.nrw\/?p=1995\">Weitere Infos &#8230;<\/a><\/p>\n","protected":false},"author":1,"featured_media":0,"comment_status":"closed","ping_status":"open","sticky":false,"template":"","format":"standard","meta":{"ngg_post_thumbnail":0,"jetpack_post_was_ever_published":false,"_jetpack_newsletter_access":"","_jetpack_dont_email_post_to_subs":false,"_jetpack_newsletter_tier_id":0,"_jetpack_memberships_contains_paywalled_content":false,"_jetpack_memberships_contains_paid_content":false,"footnotes":"","jetpack_publicize_message":"","jetpack_publicize_feature_enabled":true,"jetpack_social_post_already_shared":true,"jetpack_social_options":{"image_generator_settings":{"template":"highway","default_image_id":0,"font":"","enabled":false},"version":2}},"categories":[5],"tags":[],"class_list":["post-1995","post","type-post","status-publish","format-standard","hentry","category-forstwirtschaft"],"jetpack_publicize_connections":[],"jetpack_featured_media_url":"","jetpack_sharing_enabled":true,"jetpack_shortlink":"https:\/\/wp.me\/p8x7f7-wb","jetpack-related-posts":[],"_links":{"self":[{"href":"http:\/\/forst.igbau.nrw\/index.php?rest_route=\/wp\/v2\/posts\/1995","targetHints":{"allow":["GET"]}}],"collection":[{"href":"http:\/\/forst.igbau.nrw\/index.php?rest_route=\/wp\/v2\/posts"}],"about":[{"href":"http:\/\/forst.igbau.nrw\/index.php?rest_route=\/wp\/v2\/types\/post"}],"author":[{"embeddable":true,"href":"http:\/\/forst.igbau.nrw\/index.php?rest_route=\/wp\/v2\/users\/1"}],"replies":[{"embeddable":true,"href":"http:\/\/forst.igbau.nrw\/index.php?rest_route=%2Fwp%2Fv2%2Fcomments&post=1995"}],"version-history":[{"count":3,"href":"http:\/\/forst.igbau.nrw\/index.php?rest_route=\/wp\/v2\/posts\/1995\/revisions"}],"predecessor-version":[{"id":1998,"href":"http:\/\/forst.igbau.nrw\/index.php?rest_route=\/wp\/v2\/posts\/1995\/revisions\/1998"}],"wp:attachment":[{"href":"http:\/\/forst.igbau.nrw\/index.php?rest_route=%2Fwp%2Fv2%2Fmedia&parent=1995"}],"wp:term":[{"taxonomy":"category","embeddable":true,"href":"http:\/\/forst.igbau.nrw\/index.php?rest_route=%2Fwp%2Fv2%2Fcategories&post=1995"},{"taxonomy":"post_tag","embeddable":true,"href":"http:\/\/forst.igbau.nrw\/index.php?rest_route=%2Fwp%2Fv2%2Ftags&post=1995"}],"curies":[{"name":"wp","href":"https:\/\/api.w.org\/{rel}","templated":true}]}}